{"id":69422,"date":"2018-03-04T22:25:36","date_gmt":"2018-03-05T01:25:36","guid":{"rendered":"http:\/\/blitzconquista.com.br\/?p=69422"},"modified":"2018-03-04T22:25:37","modified_gmt":"2018-03-05T01:25:37","slug":"waldenor-participa-do-projeto-prefeitura-itinerante-em-cordeiros","status":"publish","type":"post","link":"https:\/\/blitzconquista.com.br\/?p=69422","title":{"rendered":"Waldenor participa do projeto Prefeitura Itinerante em Cordeiros"},"content":{"rendered":"<p>Na manh\u00e3 deste domingo (4), o deputado federal Waldenor Pereira visitou o munic\u00edpio de Cordeiros, onde participou do projeto Prefeitura Itinerante.<\/p>\n<p><a href=\"http:\/\/blitzconquista.com.br\/?attachment_id=69424\" rel=\"attachment wp-att-69424\"><img decoding=\"async\" loading=\"lazy\" class=\"aligncenter size-full wp-image-69424\" src=\"http:\/\/blitzconquista.com.br\/wp-content\/uploads\/2018\/03\/d4943a4b-8e1e-4fa0-a928-06c5568a724c.jpg\" alt=\"\" width=\"1040\" height=\"780\" srcset=\"https:\/\/blitzconquista.com.br\/wp-content\/uploads\/2018\/03\/d4943a4b-8e1e-4fa0-a928-06c5568a724c.jpg 1040w, https:\/\/blitzconquista.com.br\/wp-content\/uploads\/2018\/03\/d4943a4b-8e1e-4fa0-a928-06c5568a724c-300x225.jpg 300w, https:\/\/blitzconquista.com.br\/wp-content\/uploads\/2018\/03\/d4943a4b-8e1e-4fa0-a928-06c5568a724c-768x576.jpg 768w, https:\/\/blitzconquista.com.br\/wp-content\/uploads\/2018\/03\/d4943a4b-8e1e-4fa0-a928-06c5568a724c-695x521.jpg 695w, https:\/\/blitzconquista.com.br\/wp-content\/uploads\/2018\/03\/d4943a4b-8e1e-4fa0-a928-06c5568a724c-74x55.jpg 74w, https:\/\/blitzconquista.com.br\/wp-content\/uploads\/2018\/03\/d4943a4b-8e1e-4fa0-a928-06c5568a724c-111x83.jpg 111w, https:\/\/blitzconquista.com.br\/wp-content\/uploads\/2018\/03\/d4943a4b-8e1e-4fa0-a928-06c5568a724c-215x161.jpg 215w, https:\/\/blitzconquista.com.br\/wp-content\/uploads\/2018\/03\/d4943a4b-8e1e-4fa0-a928-06c5568a724c-990x743.jpg 990w\" sizes=\"(max-width: 1040px) 100vw, 1040px\" \/><\/a><\/p>\n<p>Ao lado do prefeito Delci Luz, do vice-prefeito Teco, do ex-prefeito Z\u00e9 de Betina, vereadores e lideran\u00e7as municipais, Waldenor visitou o povoado de Campo Grande, onde diversas a\u00e7\u00f5es sociais e de sa\u00fade foram oferecidas para a popula\u00e7\u00e3o como parte do projeto.<\/p>\n<p><a href=\"http:\/\/blitzconquista.com.br\/?attachment_id=69423\" rel=\"attachment wp-att-69423\"><img decoding=\"async\" loading=\"lazy\" class=\"aligncenter size-full wp-image-69423\" src=\"http:\/\/blitzconquista.com.br\/wp-content\/uploads\/2018\/03\/cedd0e7a-8d97-482d-ae43-0c44369b67a9.jpg\" alt=\"\" width=\"1280\" height=\"852\" srcset=\"https:\/\/blitzconquista.com.br\/wp-content\/uploads\/2018\/03\/cedd0e7a-8d97-482d-ae43-0c44369b67a9.jpg 1280w, https:\/\/blitzconquista.com.br\/wp-content\/uploads\/2018\/03\/cedd0e7a-8d97-482d-ae43-0c44369b67a9-300x200.jpg 300w, https:\/\/blitzconquista.com.br\/wp-content\/uploads\/2018\/03\/cedd0e7a-8d97-482d-ae43-0c44369b67a9-768x511.jpg 768w, https:\/\/blitzconquista.com.br\/wp-content\/uploads\/2018\/03\/cedd0e7a-8d97-482d-ae43-0c44369b67a9-695x463.jpg 695w, https:\/\/blitzconquista.com.br\/wp-content\/uploads\/2018\/03\/cedd0e7a-8d97-482d-ae43-0c44369b67a9-414x276.jpg 414w, https:\/\/blitzconquista.com.br\/wp-content\/uploads\/2018\/03\/cedd0e7a-8d97-482d-ae43-0c44369b67a9-470x313.jpg 470w, https:\/\/blitzconquista.com.br\/wp-content\/uploads\/2018\/03\/cedd0e7a-8d97-482d-ae43-0c44369b67a9-640x426.jpg 640w, https:\/\/blitzconquista.com.br\/wp-content\/uploads\/2018\/03\/cedd0e7a-8d97-482d-ae43-0c44369b67a9-130x86.jpg 130w, https:\/\/blitzconquista.com.br\/wp-content\/uploads\/2018\/03\/cedd0e7a-8d97-482d-ae43-0c44369b67a9-187x124.jpg 187w, https:\/\/blitzconquista.com.br\/wp-content\/uploads\/2018\/03\/cedd0e7a-8d97-482d-ae43-0c44369b67a9-990x659.jpg 990w\" sizes=\"(max-width: 1280px) 100vw, 1280px\" \/><\/a><\/p>\n<p>O deputado agradeceu o convite do prefeito e parabenizou a sua gest\u00e3o pela iniciativa e pelas diversas a\u00e7\u00f5es que desenvolve em benef\u00edcio da popula\u00e7\u00e3o.<\/p>\n<p>Na oportunidade, o deputado Waldenor fez um balan\u00e7o da conjuntura pol\u00edtica nacional, fazendo a defesa da democracia e do direito de Lula se candidatar \u00e0 presid\u00eancia da rep\u00fablica.<\/p>\n","protected":false},"excerpt":{"rendered":"<p>Na manh\u00e3 deste domingo (4), o deputado federal Waldenor Pereira visitou o munic\u00edpio de Cordeiros, onde participou do projeto Prefeitura Itinerante. Ao lado do prefeito Delci Luz, do vice-prefeito Teco, do ex-prefeito Z\u00e9 de Betina, vereadores e lideran\u00e7as municipais, Waldenor visitou o povoado de Campo Grande, onde diversas a\u00e7\u00f5es sociais e de sa\u00fade foram oferecidas [&hellip;]<\/p>\n","protected":false},"author":1,"featured_media":69425,"comment_status":"closed","ping_status":"closed","sticky":false,"template":"","format":"standard","meta":[],"categories":[5],"tags":[],"_links":{"self":[{"href":"https:\/\/blitzconquista.com.br\/index.php?rest_route=\/wp\/v2\/posts\/69422"}],"collection":[{"href":"https:\/\/blitzconquista.com.br\/index.php?rest_route=\/wp\/v2\/posts"}],"about":[{"href":"https:\/\/blitzconquista.com.br\/index.php?rest_route=\/wp\/v2\/types\/post"}],"author":[{"embeddable":true,"href":"https:\/\/blitzconquista.com.br\/index.php?rest_route=\/wp\/v2\/users\/1"}],"replies":[{"embeddable":true,"href":"https:\/\/blitzconquista.com.br\/index.php?rest_route=%2Fwp%2Fv2%2Fcomments&post=69422"}],"version-history":[{"count":1,"href":"https:\/\/blitzconquista.com.br\/index.php?rest_route=\/wp\/v2\/posts\/69422\/revisions"}],"predecessor-version":[{"id":69432,"href":"https:\/\/blitzconquista.com.br\/index.php?rest_route=\/wp\/v2\/posts\/69422\/revisions\/69432"}],"wp:featuredmedia":[{"embeddable":true,"href":"https:\/\/blitzconquista.com.br\/index.php?rest_route=\/wp\/v2\/media\/69425"}],"wp:attachment":[{"href":"https:\/\/blitzconquista.com.br\/index.php?rest_route=%2Fwp%2Fv2%2Fmedia&parent=69422"}],"wp:term":[{"taxonomy":"category","embeddable":true,"href":"https:\/\/blitzconquista.com.br\/index.php?rest_route=%2Fwp%2Fv2%2Fcategories&post=69422"},{"taxonomy":"post_tag","embeddable":true,"href":"https:\/\/blitzconquista.com.br\/index.php?rest_route=%2Fwp%2Fv2%2Ftags&post=69422"}],"curies":[{"name":"wp","href":"https:\/\/api.w.org\/{rel}","templated":true}]}}