{"id":70401,"date":"2018-05-04T11:05:24","date_gmt":"2018-05-04T14:05:24","guid":{"rendered":"http:\/\/blitzconquista.com.br\/?p=70401"},"modified":"2018-05-04T12:22:16","modified_gmt":"2018-05-04T15:22:16","slug":"seminario-com-o-pr-claudio-duarte-em-vitoria-da-conquista-veja","status":"publish","type":"post","link":"https:\/\/blitzconquista.com.br\/?p=70401","title":{"rendered":"Semin\u00e1rio com o Pr. Cl\u00e1udio Duarte em Vitoria da Conquista, veja;"},"content":{"rendered":"<p>Um dos pastores mais renomados do Brasil, Cl\u00e1udio Duarte far\u00e1 palestra em Vit\u00f3ria da Conquista, no dia 19 de maio, no semin\u00e1rio \u201cA fam\u00edlia pede Socorro\u201d. O semin\u00e1rio \u00e9 uma realiza\u00e7\u00e3o da R\u00c1DIO BRASIL FM em parceria com a PROPAG PRODU\u00c7\u00d5ES, em comemora\u00e7\u00e3o aos 15 anos de funda\u00e7\u00e3o da r\u00e1dio.<\/p>\n<p>Vivemos em um tempo de escassez, no que se refere \u00e0 valoriza\u00e7\u00e3o e preserva\u00e7\u00e3o dos la\u00e7os familiares. \u00c9 comum vermos hoje, fam\u00edlias sendo destru\u00eddas, relacionamentos conjugais estremecidos, relacionamentos com filhos e entre irm\u00e3os cheios de conflitos, e se fizermos uma reflex\u00e3o, certamente perceberemos uma car\u00eancia de investimento familiar.<\/p>\n<p>Ao longo desses 15 anos, a programa\u00e7\u00e3o da R\u00c1DIO BRASIL FM tem adentrado a milhares de lares todos os dias. Ao sintonizar o seu r\u00e1dio na frequ\u00eancia 107,7 voc\u00ea ouvir\u00e1 uma programa\u00e7\u00e3o para a fam\u00edlia, seja atrav\u00e9s da informa\u00e7\u00e3o, do entretenimento, dos louvores e principalmente da palavra de Deus. E com o objetivo de investir ainda mais no relacionamento da sua fam\u00edlia, a Brasil FM, junto com a Propag, trar\u00e1 o Pr. Cl\u00e1udio Duarte, que \u00e9 conhecido por suas palavras proferidas com muito bom humor.<\/p>\n<p>A noite do dia 19 de maio, na casa de eventos Mediterr\u00e2neo, promete ser inesquec\u00edvel para as fam\u00edlias que comparecerem ao semin\u00e1rio \u201cA fam\u00edlia pede Socorro\u201d.<\/p>\n<p><strong>SERVI\u00c7O:<\/strong><\/p>\n<p><strong>SEMIN\u00c1RIO A FAM\u00cdLIA PEDE SOCORRO:<\/strong><\/p>\n<p><strong>DATA:\u00a0<\/strong>19 de maio de 2018, a partir das 19 horas<\/p>\n<p><strong>LOCAL:\u00a0<\/strong>Casa de Eventos Mediterr\u00e2neo (Av. Juracy Magalh\u00e3es, 2500 \u2013 Boa Vista, Vit\u00f3ria da Conquista \u2013 BA)<\/p>\n<p><strong>CLASSIFICA\u00c7\u00c3O ET\u00c1RIA:\u00a0<\/strong>N\u00e3o ser\u00e1 permitido a entrada de menores de 10 anos<\/p>\n<p><strong>ABERTURA DOS PORT\u00d5ES:\u00a0<\/strong>Os port\u00f5es estar\u00e3o abertos a partir das 18h<\/p>\n<p><strong>REALIZA\u00c7\u00c3O:\u00a0<\/strong>R\u00c1DIO BRASIL FM E PROPAG PRODU\u00c7\u00d5ES<\/p>\n<p><strong>VALOR DO INGRESSO:\u00a0<\/strong>R$ 60,00 (2x no cart\u00e3o no Igospel e Comercial Luizinho) Em dinheiro R$ 50,00 em todos os pontos de venda.<\/p>\n<p><strong>VENDAS:\u00a0<\/strong>Igospel, \u00d3ticas Diniz, O Forte dos Naturais, Comercial Luizinho e Chiquinho Sorvetes.<strong>INFORMA\u00c7\u00d5ES:<\/strong>\u00a077 3424-7933<\/p>\n<p><img decoding=\"async\" loading=\"lazy\" class=\"size-medium wp-image-69650 aligncenter\" src=\"http:\/\/blitzconquista.com.br\/wp-content\/uploads\/2018\/03\/IMG-20171224-WA0015-1-300x212.jpg\" alt=\"\" width=\"300\" height=\"212\" srcset=\"https:\/\/blitzconquista.com.br\/wp-content\/uploads\/2018\/03\/IMG-20171224-WA0015-1-300x212.jpg 300w, https:\/\/blitzconquista.com.br\/wp-content\/uploads\/2018\/03\/IMG-20171224-WA0015-1-768x543.jpg 768w, https:\/\/blitzconquista.com.br\/wp-content\/uploads\/2018\/03\/IMG-20171224-WA0015-1-695x491.jpg 695w, https:\/\/blitzconquista.com.br\/wp-content\/uploads\/2018\/03\/IMG-20171224-WA0015-1-990x700.jpg 990w, https:\/\/blitzconquista.com.br\/wp-content\/uploads\/2018\/03\/IMG-20171224-WA0015-1.jpg 1280w\" sizes=\"(max-width: 300px) 100vw, 300px\" \/><\/p>\n<p>@portalconquistagospel<\/p>\n","protected":false},"excerpt":{"rendered":"<p>Um dos pastores mais renomados do Brasil, Cl\u00e1udio Duarte far\u00e1 palestra em Vit\u00f3ria da Conquista, no dia 19 de maio, no semin\u00e1rio \u201cA fam\u00edlia pede Socorro\u201d. O semin\u00e1rio \u00e9 uma realiza\u00e7\u00e3o da R\u00c1DIO BRASIL FM em parceria com a PROPAG PRODU\u00c7\u00d5ES, em comemora\u00e7\u00e3o aos 15 anos de funda\u00e7\u00e3o da r\u00e1dio. Vivemos em um tempo de [&hellip;]<\/p>\n","protected":false},"author":1,"featured_media":70402,"comment_status":"closed","ping_status":"closed","sticky":false,"template":"","format":"standard","meta":[],"categories":[410],"tags":[],"_links":{"self":[{"href":"https:\/\/blitzconquista.com.br\/index.php?rest_route=\/wp\/v2\/posts\/70401"}],"collection":[{"href":"https:\/\/blitzconquista.com.br\/index.php?rest_route=\/wp\/v2\/posts"}],"about":[{"href":"https:\/\/blitzconquista.com.br\/index.php?rest_route=\/wp\/v2\/types\/post"}],"author":[{"embeddable":true,"href":"https:\/\/blitzconquista.com.br\/index.php?rest_route=\/wp\/v2\/users\/1"}],"replies":[{"embeddable":true,"href":"https:\/\/blitzconquista.com.br\/index.php?rest_route=%2Fwp%2Fv2%2Fcomments&post=70401"}],"version-history":[{"count":1,"href":"https:\/\/blitzconquista.com.br\/index.php?rest_route=\/wp\/v2\/posts\/70401\/revisions"}],"predecessor-version":[{"id":70403,"href":"https:\/\/blitzconquista.com.br\/index.php?rest_route=\/wp\/v2\/posts\/70401\/revisions\/70403"}],"wp:featuredmedia":[{"embeddable":true,"href":"https:\/\/blitzconquista.com.br\/index.php?rest_route=\/wp\/v2\/media\/70402"}],"wp:attachment":[{"href":"https:\/\/blitzconquista.com.br\/index.php?rest_route=%2Fwp%2Fv2%2Fmedia&parent=70401"}],"wp:term":[{"taxonomy":"category","embeddable":true,"href":"https:\/\/blitzconquista.com.br\/index.php?rest_route=%2Fwp%2Fv2%2Fcategories&post=70401"},{"taxonomy":"post_tag","embeddable":true,"href":"https:\/\/blitzconquista.com.br\/index.php?rest_route=%2Fwp%2Fv2%2Ftags&post=70401"}],"curies":[{"name":"wp","href":"https:\/\/api.w.org\/{rel}","templated":true}]}}