{"id":70458,"date":"2018-04-16T12:24:43","date_gmt":"2018-04-16T15:24:43","guid":{"rendered":"http:\/\/blitzconquista.com.br\/?p=70458"},"modified":"2018-04-16T12:27:57","modified_gmt":"2018-04-16T15:27:57","slug":"%c2%a8salmo-lindo%c2%a8-tati-quebra-barraco-faz-tatuagem-com-erro-e-fas-nao-perdoam","status":"publish","type":"post","link":"https:\/\/blitzconquista.com.br\/?p=70458","title":{"rendered":"\u00a8Salmo Lindo\u00a8 : Tati Quebra Barraco faz tatuagem com erro e f\u00e3s n\u00e3o perdoam"},"content":{"rendered":"<p>Os f\u00e3s da\u00a0<a href=\"https:\/\/noticias.r7.com\/domingo-espetacular\/videos\/saiba-por-que-tati-quebra-barraco-mudou-seu-corpo-mais-de-20-vezes-21022018\">cantora Tati Quebra Barraco<\/a>\u00a0n\u00e3o perdoaram um erro gramatical em sua nova tatuagem \u2014 divulgada pela cantora na \u00faltima sexta-feira (13).<\/p>\n<p>Na imagem, compartilhada em sua conta no Instagram, a cantora eternizou um trecho da m\u00fasica\u00a0<em>Prioridade<\/em>, da cantora evang\u00e9lica Midiian Lima.<\/p>\n<p><img decoding=\"async\" loading=\"lazy\" class=\" wp-image-70460 alignright\" src=\"http:\/\/blitzconquista.com.br\/wp-content\/uploads\/2018\/04\/tati-quebra-barraco-16042018102347450-184x300.jpeg\" alt=\"\" width=\"200\" height=\"326\" srcset=\"https:\/\/blitzconquista.com.br\/wp-content\/uploads\/2018\/04\/tati-quebra-barraco-16042018102347450-184x300.jpeg 184w, https:\/\/blitzconquista.com.br\/wp-content\/uploads\/2018\/04\/tati-quebra-barraco-16042018102347450.jpeg 300w\" sizes=\"(max-width: 200px) 100vw, 200px\" \/>No entanto, internautas criticaram o uso incorreto da l\u00edngua portuguesa<\/p>\n<p>\u2014 O Salmo \u00e9 lindo. Mas os erros de pontua\u00e7\u00e3o s\u00e3o inaceit\u00e1veis em algo que n\u00e3o ter\u00e1 corre\u00e7\u00e3o.<\/p>\n<p>Apesar da letra original estar correta, o trecho tatuado apresenta problemas de acentua\u00e7\u00e3o, pontua\u00e7\u00e3o,\u00a0 e uso incorreto do &#8220;mais&#8221;, quando na verdade o certo \u00e9 &#8220;mas&#8221;:<\/p>\n<div id=\"inner-ad-container\" class=\"\"><\/div>\n<p><em>\u201cFilho, enquanto eu for a sua prioridade pode vir o que vier podes tamb\u00e9m contar comigo seja l\u00e1 para o que for mil cair\u00e3o ao seu lado e dez mil a sua direita mais voc\u00ea n\u00e3o ser\u00e1 atingida, veras livramento sou eu o seu Deus\u201d.<\/em><\/p>\n<p><a href=\"https:\/\/diversao.r7.com\/pop\/tati-quebra-barraco-diz-que-sem-plasticas-nao-teria-tanta-autoestima-13062017\">Tati, que tem 38 anos<\/a>, \u00e9 uma das principais expoentes do funk no Brasil.<\/p>\n<blockquote class=\"instagram-media\" data-instgrm-captioned data-instgrm-permalink=\"https:\/\/www.instagram.com\/p\/Bhhqv5KFhcf\/\" data-instgrm-version=\"8\" style=\" background:#FFF; border:0; border-radius:3px; box-shadow:0 0 1px 0 rgba(0,0,0,0.5),0 1px 10px 0 rgba(0,0,0,0.15); margin: 1px; max-width:658px; padding:0; width:99.375%; width:-webkit-calc(100% - 2px); width:calc(100% - 2px);\">\n<div style=\"padding:8px;\">\n<div style=\" background:#F8F8F8; line-height:0; margin-top:40px; padding:37.5% 0; text-align:center; width:100%;\">\n<div style=\" background:url(data:image\/png;base64,iVBORw0KGgoAAAANSUhEUgAAACwAAAAsCAMAAAApWqozAAAABGdBTUEAALGPC\/xhBQAAAAFzUkdCAK7OHOkAAAAMUExURczMzPf399fX1+bm5mzY9AMAAADiSURBVDjLvZXbEsMgCES5\/P8\/t9FuRVCRmU73JWlzosgSIIZURCjo\/ad+EQJJB4Hv8BFt+IDpQoCx1wjOSBFhh2XssxEIYn3ulI\/6MNReE07UIWJEv8UEOWDS88LY97kqyTliJKKtuYBbruAyVh5wOHiXmpi5we58Ek028czwyuQdLKPG1Bkb4NnM+VeAnfHqn1k4+GPT6uGQcvu2h2OVuIf\/gWUFyy8OWEpdyZSa3aVCqpVoVvzZZ2VTnn2wU8qzVjDDetO90GSy9mVLqtgYSy231MxrY6I2gGqjrTY0L8fxCxfCBbhWrsYYAAAAAElFTkSuQmCC); display:block; height:44px; margin:0 auto -44px; position:relative; top:-22px; width:44px;\"><\/div>\n<\/div>\n<p style=\" margin:8px 0 0 0; padding:0 4px;\"> <a href=\"https:\/\/www.instagram.com\/p\/Bhhqv5KFhcf\/\" style=\" color:#000; font-family:Arial,sans-serif; font-size:14px; font-style:normal; font-weight:normal; line-height:17px; text-decoration:none; word-wrap:break-word;\" target=\"_blank\">Se tem espa\u00e7o vamos rabiscando! Eai gostaram?  @tatuadorluan ameiii!<\/a><\/p>\n<p style=\" color:#c9c8cd; font-family:Arial,sans-serif; font-size:14px; line-height:17px; margin-bottom:0; margin-top:8px; overflow:hidden; padding:8px 0 7px; text-align:center; text-overflow:ellipsis; white-space:nowrap;\">A post shared by <a href=\"https:\/\/www.instagram.com\/tatiquebrabarracooficial\/\" style=\" color:#c9c8cd; font-family:Arial,sans-serif; font-size:14px; font-style:normal; font-weight:normal; line-height:17px;\" target=\"_blank\"> Tati Quebra Barraco<\/a> (@tatiquebrabarracooficial) on <time style=\" font-family:Arial,sans-serif; font-size:14px; line-height:17px;\" datetime=\"2018-04-13T21:40:44+00:00\">Apr 13, 2018 at 2:40pm PDT<\/time><\/p>\n<\/div>\n<\/blockquote>\n<p><script async defer src=\"\/\/www.instagram.com\/embed.js\"><\/script><\/p>\n<div class=\"media_box embed network_box\"><\/div>\n<p>*R7<\/p>\n","protected":false},"excerpt":{"rendered":"<p>Os f\u00e3s da\u00a0cantora Tati Quebra Barraco\u00a0n\u00e3o perdoaram um erro gramatical em sua nova tatuagem \u2014 divulgada pela cantora na \u00faltima sexta-feira (13). Na imagem, compartilhada em sua conta no Instagram, a cantora eternizou um trecho da m\u00fasica\u00a0Prioridade, da cantora evang\u00e9lica Midiian Lima. No entanto, internautas criticaram o uso incorreto da l\u00edngua portuguesa \u2014 O Salmo [&hellip;]<\/p>\n","protected":false},"author":1,"featured_media":70459,"comment_status":"closed","ping_status":"closed","sticky":false,"template":"","format":"standard","meta":[],"categories":[410],"tags":[],"_links":{"self":[{"href":"https:\/\/blitzconquista.com.br\/index.php?rest_route=\/wp\/v2\/posts\/70458"}],"collection":[{"href":"https:\/\/blitzconquista.com.br\/index.php?rest_route=\/wp\/v2\/posts"}],"about":[{"href":"https:\/\/blitzconquista.com.br\/index.php?rest_route=\/wp\/v2\/types\/post"}],"author":[{"embeddable":true,"href":"https:\/\/blitzconquista.com.br\/index.php?rest_route=\/wp\/v2\/users\/1"}],"replies":[{"embeddable":true,"href":"https:\/\/blitzconquista.com.br\/index.php?rest_route=%2Fwp%2Fv2%2Fcomments&post=70458"}],"version-history":[{"count":4,"href":"https:\/\/blitzconquista.com.br\/index.php?rest_route=\/wp\/v2\/posts\/70458\/revisions"}],"predecessor-version":[{"id":70465,"href":"https:\/\/blitzconquista.com.br\/index.php?rest_route=\/wp\/v2\/posts\/70458\/revisions\/70465"}],"wp:featuredmedia":[{"embeddable":true,"href":"https:\/\/blitzconquista.com.br\/index.php?rest_route=\/wp\/v2\/media\/70459"}],"wp:attachment":[{"href":"https:\/\/blitzconquista.com.br\/index.php?rest_route=%2Fwp%2Fv2%2Fmedia&parent=70458"}],"wp:term":[{"taxonomy":"category","embeddable":true,"href":"https:\/\/blitzconquista.com.br\/index.php?rest_route=%2Fwp%2Fv2%2Fcategories&post=70458"},{"taxonomy":"post_tag","embeddable":true,"href":"https:\/\/blitzconquista.com.br\/index.php?rest_route=%2Fwp%2Fv2%2Ftags&post=70458"}],"curies":[{"name":"wp","href":"https:\/\/api.w.org\/{rel}","templated":true}]}}