{"id":70489,"date":"2018-04-17T10:05:10","date_gmt":"2018-04-17T13:05:10","guid":{"rendered":"http:\/\/blitzconquista.com.br\/?p=70489"},"modified":"2018-04-17T10:47:51","modified_gmt":"2018-04-17T13:47:51","slug":"aviva-conquista-sarah-farias-e-leandra-nascimento","status":"publish","type":"post","link":"https:\/\/blitzconquista.com.br\/?p=70489","title":{"rendered":"Aviva Conquista : Sarah Farias e Leandra Nascimento"},"content":{"rendered":"<p>A igreja casa de Ora\u00e7\u00e3o Fonte de Betesda , realiza o\u00a0<strong>AVIVA CONQUISTA<\/strong>, o evento acontecer\u00e1 nos dias 20 e 21 de Abril \u00e1 partir das 20 horas, em Vitoria da Conquista Ba<a href=\"http:\/\/brasilfm.com.br\/wp-content\/uploads\/2018\/04\/Sem-T-tulo-8-221x182-acf-cropped.jpg\"><img decoding=\"async\" loading=\"lazy\" class=\"aligncenter wp-image-8010\" src=\"http:\/\/brasilfm.com.br\/wp-content\/uploads\/2018\/04\/Sem-T-tulo-8-221x182-acf-cropped.jpg\" alt=\"\" width=\"338\" height=\"278\" \/><\/a>\u00a0 \u00a0Cantora Sarah Farias estar\u00e1 no evento e j\u00e1 confirmou sua vinda. Nascida em lar evang\u00e9lico,\u00a0 membro da Igreja Assembleia de Deus, em Macei\u00f3 (AL).\u00a0 Casada com Davi Marau e m\u00e3e da pequena Ana Vit\u00f3ria, come\u00e7ou a cantar ainda crian\u00e7a, participou de um grupo infantil (Brilhando no Viver), com o qual gravou tr\u00eas \u00e1lbuns. Em 1998, lan\u00e7ou seu primeiro CD independente, Dono do Tempo. Nove anos depois, veio o segundo trabalho, De Joelhos. Em 2010, Sarah Farias gravou, ao vivo, o \u00e1lbum Eu Fa\u00e7o Parte dos 7 Mil. J\u00e1 em 2012, ela gravou Novidade com a m\u00fasica<strong>\u201cDeixa Eu Te Usar\u201d.<\/strong><a href=\"http:\/\/brasilfm.com.br\/wp-content\/uploads\/2018\/04\/Leandra-Nascimento-1024x683.png\"><img decoding=\"async\" loading=\"lazy\" class=\"aligncenter wp-image-8011\" src=\"http:\/\/brasilfm.com.br\/wp-content\/uploads\/2018\/04\/Leandra-Nascimento-1024x683-300x200.png\" alt=\"\" width=\"404\" height=\"269\" \/><\/a><\/p>\n<p>Mission\u00e1ria Leandra Nascimento \u00e9 serva de Deus, pregadora da palavra e tem como orgulho uma fam\u00edlia restitu\u00edda. Com um testemunho forte, Leandra Nascimento se baseia no avivamento com a excel\u00eancia nas extra\u00e7\u00f5es b\u00edblicas, por isso \u00e9 conhecida por uma maneira peculiar de transmitir suas mensagens.<\/p>\n<p>Avivalista ,vision\u00e1ria e amante da B\u00edblia, Leandra Nascimento tem como prioridade em seu minist\u00e9rio resgatar almas para o reino de Deus. Al\u00e9m de pregar, Leandra Nascimento apresenta um lindo dom de compor e cantar.<\/p>\n<p>Videos :<\/p>\n<p><iframe loading=\"lazy\" width=\"1320\" height=\"990\" src=\"https:\/\/www.youtube.com\/embed\/XRRZ466MKTw?feature=oembed\" frameborder=\"0\" allow=\"autoplay; encrypted-media\" allowfullscreen><\/iframe><\/p>\n<p><iframe loading=\"lazy\" width=\"1320\" height=\"990\" src=\"https:\/\/www.youtube.com\/embed\/V4LCl-8wJwc?feature=oembed\" frameborder=\"0\" allow=\"autoplay; encrypted-media\" allowfullscreen><\/iframe><\/p>\n<p>&nbsp;<\/p>\n<p>Local : Gin\u00e1sio do Diocesano<\/p>\n<p>O valor do ingresso ser\u00e1 de 30,oo reais para os dois dias.<\/p>\n<p>Local de venda : Igospel<\/p>\n<p>N\u00e3o fique de fora!!!<\/p>\n<p>Siga nosso Instagram : @portalconquistagospel<\/p>\n","protected":false},"excerpt":{"rendered":"<p>A igreja casa de Ora\u00e7\u00e3o Fonte de Betesda , realiza o\u00a0AVIVA CONQUISTA, o evento acontecer\u00e1 nos dias 20 e 21 de Abril \u00e1 partir das 20 horas, em Vitoria da Conquista Ba\u00a0 \u00a0Cantora Sarah Farias estar\u00e1 no evento e j\u00e1 confirmou sua vinda. Nascida em lar evang\u00e9lico,\u00a0 membro da Igreja Assembleia de Deus, em Macei\u00f3 [&hellip;]<\/p>\n","protected":false},"author":1,"featured_media":70490,"comment_status":"closed","ping_status":"closed","sticky":false,"template":"","format":"standard","meta":[],"categories":[410],"tags":[475],"_links":{"self":[{"href":"https:\/\/blitzconquista.com.br\/index.php?rest_route=\/wp\/v2\/posts\/70489"}],"collection":[{"href":"https:\/\/blitzconquista.com.br\/index.php?rest_route=\/wp\/v2\/posts"}],"about":[{"href":"https:\/\/blitzconquista.com.br\/index.php?rest_route=\/wp\/v2\/types\/post"}],"author":[{"embeddable":true,"href":"https:\/\/blitzconquista.com.br\/index.php?rest_route=\/wp\/v2\/users\/1"}],"replies":[{"embeddable":true,"href":"https:\/\/blitzconquista.com.br\/index.php?rest_route=%2Fwp%2Fv2%2Fcomments&post=70489"}],"version-history":[{"count":5,"href":"https:\/\/blitzconquista.com.br\/index.php?rest_route=\/wp\/v2\/posts\/70489\/revisions"}],"predecessor-version":[{"id":70503,"href":"https:\/\/blitzconquista.com.br\/index.php?rest_route=\/wp\/v2\/posts\/70489\/revisions\/70503"}],"wp:featuredmedia":[{"embeddable":true,"href":"https:\/\/blitzconquista.com.br\/index.php?rest_route=\/wp\/v2\/media\/70490"}],"wp:attachment":[{"href":"https:\/\/blitzconquista.com.br\/index.php?rest_route=%2Fwp%2Fv2%2Fmedia&parent=70489"}],"wp:term":[{"taxonomy":"category","embeddable":true,"href":"https:\/\/blitzconquista.com.br\/index.php?rest_route=%2Fwp%2Fv2%2Fcategories&post=70489"},{"taxonomy":"post_tag","embeddable":true,"href":"https:\/\/blitzconquista.com.br\/index.php?rest_route=%2Fwp%2Fv2%2Ftags&post=70489"}],"curies":[{"name":"wp","href":"https:\/\/api.w.org\/{rel}","templated":true}]}}