{"id":70593,"date":"2018-04-20T01:45:05","date_gmt":"2018-04-20T04:45:05","guid":{"rendered":"http:\/\/blitzconquista.com.br\/?p=70593"},"modified":"2018-04-20T01:45:05","modified_gmt":"2018-04-20T04:45:05","slug":"fachin-libera-denuncia-da-pgr-contra-geddel-e-lucio-para-julgamento","status":"publish","type":"post","link":"https:\/\/blitzconquista.com.br\/?p=70593","title":{"rendered":"Fachin libera den\u00fancia da PGR contra Geddel e L\u00facio para julgamento"},"content":{"rendered":"<p>O ministro do Supremo Tribunal Federal (STF) Edson Fachin liberou\u00a0nessa quinta-feira (19) para julgamento a den\u00fancia da\u00a0Procuradoria-Geral da Rep\u00fablica (PGR) contra o ex-ministro Geddel Vieira Lima e o irm\u00e3o dele, o deputado federal L\u00facio Vieira Lima (MDB-BA), pelos crimes de lavagem de dinheiro e associa\u00e7\u00e3o criminosa. A den\u00fancia\u00a0ser\u00e1 julgada\u00a0pela\u00a0Segunda\u00a0Turma da Corte, e a data n\u00e3o foi definida.<\/p>\n<p>Tamb\u00e9m foram denunciados pelos mesmos crimes a m\u00e3e de Geddel, Marluce Vieira Lima, e um ex-assessor do deputado\u00a0Job Brand\u00e3o. A investiga\u00e7\u00e3o est\u00e1 relacionada \u00e0 apreens\u00e3o, pela Pol\u00edcia Federal (PF), dos R$ 51 milh\u00f5es em um apartamento em Salvador.<\/p>\n<p>Geddel foi preso no dia\u00a08 de setembro\u00a0do ano passado, tr\u00eas dias depois que a PF encontrou o dinheiro no apartamento de um amigo do pol\u00edtico. Os valores apreendidos foram depositados em conta judicial.<\/p>\n<p>Segundo a Pol\u00edcia Federal, parte do dinheiro seria resultante de um esquema de fraude na libera\u00e7\u00e3o de cr\u00e9ditos da Caixa Econ\u00f4mica Federal no per\u00edodo entre 2011 e 2013, quando Geddel era vice-presidente de Pessoa Jur\u00eddica da institui\u00e7\u00e3o.<\/p>\n<p>A defesa de Geddel sustenta que\u00a0a origem dos R$ 51 milh\u00f5es decorre da\u00a0<em>&#8220;simples guarda de valores em esp\u00e9cie&#8221;<\/em>.Segundo a defesa, os valores s\u00e3o fruto de &#8220;investimentos no mercado de incorpora\u00e7\u00e3o imobili\u00e1ria, com dinheiro vivo&#8221;.<\/p>\n<p>*EBC<\/p>\n","protected":false},"excerpt":{"rendered":"<p>O ministro do Supremo Tribunal Federal (STF) Edson Fachin liberou\u00a0nessa quinta-feira (19) para julgamento a den\u00fancia da\u00a0Procuradoria-Geral da Rep\u00fablica (PGR) contra o ex-ministro Geddel Vieira Lima e o irm\u00e3o dele, o deputado federal L\u00facio Vieira Lima (MDB-BA), pelos crimes de lavagem de dinheiro e associa\u00e7\u00e3o criminosa. A den\u00fancia\u00a0ser\u00e1 julgada\u00a0pela\u00a0Segunda\u00a0Turma da Corte, e a data n\u00e3o [&hellip;]<\/p>\n","protected":false},"author":1,"featured_media":70594,"comment_status":"closed","ping_status":"closed","sticky":false,"template":"","format":"standard","meta":[],"categories":[5],"tags":[],"_links":{"self":[{"href":"https:\/\/blitzconquista.com.br\/index.php?rest_route=\/wp\/v2\/posts\/70593"}],"collection":[{"href":"https:\/\/blitzconquista.com.br\/index.php?rest_route=\/wp\/v2\/posts"}],"about":[{"href":"https:\/\/blitzconquista.com.br\/index.php?rest_route=\/wp\/v2\/types\/post"}],"author":[{"embeddable":true,"href":"https:\/\/blitzconquista.com.br\/index.php?rest_route=\/wp\/v2\/users\/1"}],"replies":[{"embeddable":true,"href":"https:\/\/blitzconquista.com.br\/index.php?rest_route=%2Fwp%2Fv2%2Fcomments&post=70593"}],"version-history":[{"count":2,"href":"https:\/\/blitzconquista.com.br\/index.php?rest_route=\/wp\/v2\/posts\/70593\/revisions"}],"predecessor-version":[{"id":70596,"href":"https:\/\/blitzconquista.com.br\/index.php?rest_route=\/wp\/v2\/posts\/70593\/revisions\/70596"}],"wp:featuredmedia":[{"embeddable":true,"href":"https:\/\/blitzconquista.com.br\/index.php?rest_route=\/wp\/v2\/media\/70594"}],"wp:attachment":[{"href":"https:\/\/blitzconquista.com.br\/index.php?rest_route=%2Fwp%2Fv2%2Fmedia&parent=70593"}],"wp:term":[{"taxonomy":"category","embeddable":true,"href":"https:\/\/blitzconquista.com.br\/index.php?rest_route=%2Fwp%2Fv2%2Fcategories&post=70593"},{"taxonomy":"post_tag","embeddable":true,"href":"https:\/\/blitzconquista.com.br\/index.php?rest_route=%2Fwp%2Fv2%2Ftags&post=70593"}],"curies":[{"name":"wp","href":"https:\/\/api.w.org\/{rel}","templated":true}]}}