{"id":70636,"date":"2018-04-20T12:56:20","date_gmt":"2018-04-20T15:56:20","guid":{"rendered":"http:\/\/blitzconquista.com.br\/?p=70636"},"modified":"2018-04-20T12:56:20","modified_gmt":"2018-04-20T15:56:20","slug":"ministerio-publico-aponta-irregularidades-no-pagamento-de-gratificacao-a-servidores-da-camara-de-conquista","status":"publish","type":"post","link":"https:\/\/blitzconquista.com.br\/?p=70636","title":{"rendered":"Minist\u00e9rio P\u00fablico aponta irregularidades no pagamento de gratifica\u00e7\u00e3o a servidores da C\u00e2mara de\u00a0 Conquista"},"content":{"rendered":"<p style=\"box-sizing: border-box; margin: 0px0px10px; font-size: 16px; color: rgb(36,36,36); font-family: \" opensans\",\"helveticaneue\",helvetica,arial,sans-serif; font-style: normal; font-variant-ligatures: font-variant-caps: font-weight: letter-spacing: orphans: 2text-indent: 0px; text-transform: none; white-space: widows: 2; word-spacing: -webkit-text-stroke-width: background-color: rgb(255,255,255); text-align: left;\">Minist\u00e9rio P\u00fablico da Bahia recomendou \u00e0 C\u00e2mara de Vereadores de Vit\u00f3ria da Conquista \u201ca cessa\u00e7\u00e3o imediata do pagamento da Gratifica\u00e7\u00e3o de Condi\u00e7\u00e3o Especial de Trabalho \u2013 GCET aos servidores da C\u00e2mara de Vereadores de Vit\u00f3ria da Conquista, sob pena de responsabiliza\u00e7\u00e3o c\u00edvel e criminal (improbidade administrativa) pelo dano causado ao er\u00e1rio decorrente do pagamento indevido de recursos p\u00fablicos\u201d.<\/p>\n<p style=\"box-sizing: border-box; margin: 0px0px10px; font-size: 16px; color: rgb(36,36,36); font-family: \" opensans\",\"helveticaneue\",helvetica,arial,sans-serif; font-style: normal; font-variant-ligatures: font-variant-caps: font-weight: letter-spacing: orphans: 2text-indent: 0px; text-transform: none; white-space: widows: 2; word-spacing: -webkit-text-stroke-width: background-color: rgb(255,255,255); text-align: left;\">Nossa reportagem entrou em contato com o vereador Professor Cori (PT), respons\u00e1vel pela den\u00fancia. O vereador defende que seja feito um estudo espec\u00edfico e a economia feita pela interrup\u00e7\u00e3o do pagamento da Gratifica\u00e7\u00e3o de Condi\u00e7\u00e3o Especial de Trabalho seja revertida em melhorias nos vencimentos e vantagens para os pr\u00f3prios servidores efetivos da Casa.<\/p>\n<p style=\"box-sizing: border-box; margin: 0px0px10px; font-size: 16px; color: rgb(36,36,36); font-family: \" opensans\",\"helveticaneue\",helvetica,arial,sans-serif; font-style: normal; font-variant-ligatures: font-variant-caps: font-weight: letter-spacing: orphans: 2text-indent: 0px; text-transform: none; white-space: widows: 2; word-spacing: -webkit-text-stroke-width: background-color: rgb(255,255,255); text-align: left;\">A C\u00e2mara ainda n\u00e3o se manifestou sobre o assunto.<\/p>\n<p>Fonte: Blog do Ca\u00edque Santos<\/p>\n<p style=\"box-sizing: border-box; margin: 0px0px10px; font-size: 16px; color: rgb(36,36,36); font-family: \" opensans\",\"helveticaneue\",helvetica,arial,sans-serif; font-style: normal; font-variant-ligatures: font-variant-caps: font-weight: letter-spacing: orphans: 2text-indent: 0px; text-transform: none; white-space: widows: 2; word-spacing: -webkit-text-stroke-width: background-color: rgb(255,255,255); text-align: left;\">Leia a recomenda\u00e7\u00e3o na \u00edntegra<\/p>\n<p style=\"box-sizing: border-box; margin: 0px0px10px; font-size: 16px; color: rgb(36,36,36); font-family: \" opensans\",\"helveticaneue\",helvetica,arial,sans-serif; font-style: normal; font-variant-ligatures: font-variant-caps: font-weight: letter-spacing: orphans: 2text-indent: 0px; text-transform: none; white-space: widows: 2; word-spacing: -webkit-text-stroke-width: background-color: rgb(255,255,255); text-align: left;\"><b style=\"box-sizing: border-box; font-weight: bold;\"><i style=\"box-sizing: border-box;\">RECOMENDA\u00c7\u00c3O 02\/2018<\/i><\/b><\/p>\n<p style=\"box-sizing: border-box; margin: 0px0px10px; font-size: 16px; color: rgb(36,36,36); font-family: \" opensans\",\"helveticaneue\",helvetica,arial,sans-serif; font-style: normal; font-variant-ligatures: font-variant-caps: font-weight: letter-spacing: orphans: 2text-indent: 0px; text-transform: none; white-space: widows: 2; word-spacing: -webkit-text-stroke-width: background-color: rgb(255,255,255); text-align: left;\"><i style=\"box-sizing: border-box;\">IDEA ICP 644.9.99084\/2017<\/i><\/p>\n<p style=\"box-sizing: border-box; margin: 0px0px10px; font-size: 16px; color: rgb(36,36,36); font-family: \" opensans\",\"helveticaneue\",helvetica,arial,sans-serif; font-style: normal; font-variant-ligatures: font-variant-caps: font-weight: letter-spacing: orphans: 2text-indent: 0px; text-transform: none; white-space: widows: 2; word-spacing: -webkit-text-stroke-width: background-color: rgb(255,255,255); text-align: left;\"><i style=\"box-sizing: border-box;\">EMENTA. Pagamento indevido da Gratifica\u00e7\u00e3o de Condi\u00e7\u00e3o Especial de Trabalho \u2013 GCET. Aus\u00eancia de previs\u00e3o normativa de concess\u00e3o para os servidores da C\u00e2mara de Vereadores do Munic\u00edpio de Vit\u00f3ria da Conquista. Dano ao Er\u00e1rio. Viola\u00e7\u00e3o de princ\u00edpios que regem a Administra\u00e7\u00e3o P\u00fablica. Ato de Improbidade Administrativa.<\/i><\/p>\n<p style=\"box-sizing: border-box; margin: 0px0px10px; font-size: 16px; color: rgb(36,36,36); font-family: \" opensans\",\"helveticaneue\",helvetica,arial,sans-serif; font-style: normal; font-variant-ligatures: font-variant-caps: font-weight: letter-spacing: orphans: 2text-indent: 0px; text-transform: none; white-space: widows: 2; word-spacing: -webkit-text-stroke-width: background-color: rgb(255,255,255); text-align: left;\"><i style=\"box-sizing: border-box;\">O MINIST\u00c9RIO P\u00daBLICO DO ESTADO DA BAHIA, por interm\u00e9dio da Promotora de Justi\u00e7a que a esta subscreve, vem, no exerc\u00edcio de suas atribui\u00e7\u00f5es constitucionais e legais, em especial a consubstanciada no artigo 129 da Constitui\u00e7\u00e3o Federal, nos artigos 5\u00ba e 6\u00ba da Lei Complementar n\u00ba 75, de 20 de maio de 1993, e no art. 75, inciso IV, da Lei Complementar n\u00ba 11, de 18 de janeiro de 1996, apresentar as seguintes considera\u00e7\u00f5es para, ao final, expedir recomenda\u00e7\u00e3o:<\/i><\/p>\n<p style=\"box-sizing: border-box; margin: 0px0px10px; font-size: 16px; color: rgb(36,36,36); font-family: \" opensans\",\"helveticaneue\",helvetica,arial,sans-serif; font-style: normal; font-variant-ligatures: font-variant-caps: font-weight: letter-spacing: orphans: 2text-indent: 0px; text-transform: none; white-space: widows: 2; word-spacing: -webkit-text-stroke-width: background-color: rgb(255,255,255); text-align: left;\"><i style=\"box-sizing: border-box;\">CONSIDERANDO o disposto no art. 37 da Constitui\u00e7\u00e3o Federal que estabeleceu como princ\u00edpios constitucionais de observ\u00e2ncia obrigat\u00f3ria pelos munic\u00edpios os princ\u00edpios da legalidade, da impessoalidade, da moralidade, da publicidade e da efici\u00eancia.<\/i><\/p>\n<p style=\"box-sizing: border-box; margin: 0px0px10px; font-size: 16px; color: rgb(36,36,36); font-family: \" opensans\",\"helveticaneue\",helvetica,arial,sans-serif; font-style: normal; font-variant-ligatures: font-variant-caps: font-weight: letter-spacing: orphans: 2text-indent: 0px; text-transform: none; white-space: widows: 2; word-spacing: -webkit-text-stroke-width: background-color: rgb(255,255,255); text-align: left;\"><i style=\"box-sizing: border-box;\">CONSIDERANDO que o Minist\u00e9rio P\u00fablico tem um papel relevante e decisivo na guarda do patrim\u00f4nio p\u00fablico, no combate \u00e0 corrup\u00e7\u00e3o e na fiscaliza\u00e7\u00e3o do cumprimento da Carta Magna e das Leis.<\/i><\/p>\n<p style=\"box-sizing: border-box; margin: 0px0px10px; font-size: 16px; color: rgb(36,36,36); font-family: \" opensans\",\"helveticaneue\",helvetica,arial,sans-serif; font-style: normal; font-variant-ligatures: font-variant-caps: font-weight: letter-spacing: orphans: 2text-indent: 0px; text-transform: none; white-space: widows: 2; word-spacing: -webkit-text-stroke-width: background-color: rgb(255,255,255); text-align: left;\"><i style=\"box-sizing: border-box;\">CONSIDERANDO que o Minist\u00e9rio P\u00fablico \u00e9 institui\u00e7\u00e3o permanente, essencial \u00e0 fun\u00e7\u00e3o jurisdicional do Estado, incumbindo-lhe a defesa da ordem jur\u00eddica, do regime democr\u00e1tico e dos interesses sociais e individuais indispon\u00edveis.<\/i><\/p>\n<p style=\"box-sizing: border-box; margin: 0px0px10px; font-size: 16px; color: rgb(36,36,36); font-family: \" opensans\",\"helveticaneue\",helvetica,arial,sans-serif; font-style: normal; font-variant-ligatures: font-variant-caps: font-weight: letter-spacing: orphans: 2text-indent: 0px; text-transform: none; white-space: widows: 2; word-spacing: -webkit-text-stroke-width: background-color: rgb(255,255,255); text-align: left;\"><i style=\"box-sizing: border-box;\">CONSIDERANDO o estabelecido nos artigos 129, inciso II, da mesma Carta Constitucional, que atribui ao Minist\u00e9rio P\u00fablico a fun\u00e7\u00e3o institucional de \u201czelar pelo efetivo respeito dos Poderes P\u00fablicos e dos servi\u00e7os de relev\u00e2ncia p\u00fablica aos direitos assegurados nesta Constitui\u00e7\u00e3o, promovendo as medidas necess\u00e1rias a sua garantia\u201d.<\/i><\/p>\n<p style=\"box-sizing: border-box; margin: 0px0px10px; font-size: 16px; color: rgb(36,36,36); font-family: \" opensans\",\"helveticaneue\",helvetica,arial,sans-serif; font-style: normal; font-variant-ligatures: font-variant-caps: font-weight: letter-spacing: orphans: 2text-indent: 0px; text-transform: none; white-space: widows: 2; word-spacing: -webkit-text-stroke-width: background-color: rgb(255,255,255); text-align: left;\"><i style=\"box-sizing: border-box;\">CONSIDERANDO que restou evidenciando atrav\u00e9s do Inqu\u00e9rito Civil P\u00fablico n\u00ba 644.9.99084\/2017 a inexist\u00eancia de lei criadora da Gratifica\u00e7\u00e3o de Condi\u00e7\u00e3o Especial de Trabalho \u2013 GCET para os servidores pertencentes aos quadros do Poder Legislativo Municipal.<\/i><\/p>\n<p style=\"box-sizing: border-box; margin: 0px0px10px; font-size: 16px; color: rgb(36,36,36); font-family: \" opensans\",\"helveticaneue\",helvetica,arial,sans-serif; font-style: normal; font-variant-ligatures: font-variant-caps: font-weight: letter-spacing: orphans: 2text-indent: 0px; text-transform: none; white-space: widows: 2; word-spacing: -webkit-text-stroke-width: background-color: rgb(255,255,255); text-align: left;\"><i style=\"box-sizing: border-box;\">CONSIDERANDO o disposto no par\u00e1grafo \u00fanico, do Art. 3\u00ba, da Lei n\u00ba 1.396\/2007, que disp\u00f5e sobre a Gratifica\u00e7\u00e3o de Condi\u00e7\u00e3o Especial de Trabalho \u2013 GCET para os servidores p\u00fablicos municipais de Vit\u00f3ria da Conquista, a saber:<\/i><\/p>\n<p style=\"box-sizing: border-box; margin: 0px0px10px; font-size: 16px; color: rgb(36,36,36); font-family: \" opensans\",\"helveticaneue\",helvetica,arial,sans-serif; font-style: normal; font-variant-ligatures: font-variant-caps: font-weight: letter-spacing: orphans: 2text-indent: 0px; text-transform: none; white-space: widows: 2; word-spacing: -webkit-text-stroke-width: background-color: rgb(255,255,255); text-align: left;\"><i style=\"box-sizing: border-box;\">\u201cA gratifica\u00e7\u00e3o prevista no caput deste artigo poder\u00e1 ser concedida aos ocupantes de cargos em comiss\u00e3o, fun\u00e7\u00f5es de confian\u00e7a e outros cargos de chefia e assessoramento, definidos em lei, pertencentes ao quadro do Poder Executivo Municipal, sendo limitado a 40% (quarenta por cento) do valor do vencimento do cargo.\u201d<\/i><\/p>\n<p style=\"box-sizing: border-box; margin: 0px0px10px; font-size: 16px; color: rgb(36,36,36); font-family: \" opensans\",\"helveticaneue\",helvetica,arial,sans-serif; font-style: normal; font-variant-ligatures: font-variant-caps: font-weight: letter-spacing: orphans: 2text-indent: 0px; text-transform: none; white-space: widows: 2; word-spacing: -webkit-text-stroke-width: background-color: rgb(255,255,255); text-align: left;\"><i style=\"box-sizing: border-box;\">CONSIDERANDO que o art., 37, da Constitui\u00e7\u00e3o da Rep\u00fablica Federativa do Brasil, estabelece:<\/i><\/p>\n<p style=\"box-sizing: border-box; margin: 0px0px10px; font-size: 16px; color: rgb(36,36,36); font-family: \" opensans\",\"helveticaneue\",helvetica,arial,sans-serif; font-style: normal; font-variant-ligatures: font-variant-caps: font-weight: letter-spacing: orphans: 2text-indent: 0px; text-transform: none; white-space: widows: 2; word-spacing: -webkit-text-stroke-width: background-color: rgb(255,255,255); text-align: left;\"><i style=\"box-sizing: border-box;\">\u201cArt. 37. A Administra\u00e7\u00e3o P\u00fablica direta e indireta de qualquer dos Poderes da Uni\u00e3o, dos Estados, do Distrito Federal e dos Munic\u00edpios obedecer\u00e1 aos princ\u00edpios de legalidade, impessoalidade, moralidade, publicidade e efici\u00eancia e, tamb\u00e9m, ao seguinte:<\/i><\/p>\n<p style=\"box-sizing: border-box; margin: 0px0px10px; font-size: 16px; color: rgb(36,36,36); font-family: \" opensans\",\"helveticaneue\",helvetica,arial,sans-serif; font-style: normal; font-variant-ligatures: font-variant-caps: font-weight: letter-spacing: orphans: 2text-indent: 0px; text-transform: none; white-space: widows: 2; word-spacing: -webkit-text-stroke-width: background-color: rgb(255,255,255); text-align: left;\"><i style=\"box-sizing: border-box;\">\u2026<\/i><\/p>\n<p style=\"box-sizing: border-box; margin: 0px0px10px; font-size: 16px; color: rgb(36,36,36); font-family: \" opensans\",\"helveticaneue\",helvetica,arial,sans-serif; font-style: normal; font-variant-ligatures: font-variant-caps: font-weight: letter-spacing: orphans: 2text-indent: 0px; text-transform: none; white-space: widows: 2; word-spacing: -webkit-text-stroke-width: background-color: rgb(255,255,255); text-align: left;\"><i style=\"box-sizing: border-box;\">X \u2013 a remunera\u00e7\u00e3o dos servidores p\u00fablicos e o subs\u00eddio de que trata o \u00a74\u00ba do art. 39, somente poder\u00e3o ser fixados ou alterados por lei espec\u00edfica, observada a iniciativa privativa em cada caso, assegurada revis\u00e3o geral anual, sempre na mesma data e sem distin\u00e7\u00e3o de \u00edndice.\u201d (grifos nossos)<\/i><\/p>\n<p style=\"box-sizing: border-box; margin: 0px0px10px; font-size: 16px; color: rgb(36,36,36); font-family: \" opensans\",\"helveticaneue\",helvetica,arial,sans-serif; font-style: normal; font-variant-ligatures: font-variant-caps: font-weight: letter-spacing: orphans: 2text-indent: 0px; text-transform: none; white-space: widows: 2; word-spacing: -webkit-text-stroke-width: background-color: rgb(255,255,255); text-align: left;\"><i style=\"box-sizing: border-box;\">CONSIDERANDO o disposto no art. 63, inciso XI, da Lei Complementar n\u00ba 1.786\/2011, que disp\u00f5e sobre o Regime Jur\u00eddico \u00danico dos Servidores P\u00fablicos do Munic\u00edpio de Vit\u00f3ria da Conquista, das Autarquias e das Funda\u00e7\u00f5es P\u00fablicas Municipais, a saber:<\/i><\/p>\n<div style=\"box-sizing: border-box; color: rgb(36,36,36); font-family: \" opensans\",\"helveticaneue\",helvetica,arial,sans-serif; font-size: 14px; font-style: normal; font-variant-ligatures: font-variant-caps: font-weight: letter-spacing: orphans: 2; text-indent: 0px; text-transform: none; white-space: widows: word-spacing: -webkit-text-stroke-width: background-color: rgb(255,255,255); float: margin: 10px0pxwidth: 308px; height: auto; text-align: center;\"><ins class=\"adsbygoogle\" data-ad-format=\"fluid\" data-ad-layout=\"in-article\" data-ad-client=\"ca-pub-2611528249587929\" data-ad-slot=\"4594849740\" data-adsbygoogle-status=\"done\" style=\"box-sizing: border-box; display: block; text-align: center; margin-left: -26px; width: 360px; z-index: 30; height: 0px;\"><ins id=\"aswift_0_expand\" style=\"box-sizing: border-box; display: inline-table; border: none; height: 0px; margin: 0px; padding: 0px; position: relative; visibility: visible; width: 360px; background-color: transparent;\"><ins id=\"aswift_0_anchor\" style=\"box-sizing: border-box; display: block; border: none; height: 0px; margin: 0px; padding: 0px; position: relative; visibility: visible; width: 360px; background-color: transparent; overflow: hidden; opacity: 0;\"><iframe frameborder=\"0\" scrolling=\"no\" id=\"aswift_0\" width=\"360\" height=\"300\" marginwidth=\"0\" marginheight=\"0\" vspace=\"0\" hspace=\"0\" allowtransparency=\"true\" allowfullscreen=\"true\" onload=\"var i=this.id,s=window.google_iframe_oncopy,H=s&amp;&amp;s.handlers,h=H&amp;&amp;H[i],w=this.contentWindow,d;try{d=w.document}catch(e){}if(h&amp;&amp;d&amp;&amp;(!d.body||!d.body.firstChild)){if(h.call){setTimeout(h,0)}else if(h.match){try{h=s.upd(h,i)}catch(e){}w.location.replace(h)}}\" name=\"aswift_0\" style=\"box-sizing: border-box; max-width: 100%; left: 0px; position: absolute; top: 0px; width: 360px; height: 300px;\"><\/iframe><\/ins><\/ins><\/ins><\/div>\n<p style=\"box-sizing: border-box; margin: 0px0px10px; font-size: 16px; color: rgb(36,36,36); font-family: \" opensans\",\"helveticaneue\",helvetica,arial,sans-serif; font-style: normal; font-variant-ligatures: font-variant-caps: font-weight: letter-spacing: orphans: 2text-indent: 0px; text-transform: none; white-space: widows: 2; word-spacing: -webkit-text-stroke-width: background-color: rgb(255,255,255); text-align: left;\"><i style=\"box-sizing: border-box;\">\u201cArt. 63. Al\u00e9m do vencimento ser\u00e3o concedidas aos servidores as seguintes gratifica\u00e7\u00f5es e adicionais:<\/i><\/p>\n<p style=\"box-sizing: border-box; margin: 0px0px10px; font-size: 16px; color: rgb(36,36,36); font-family: \" opensans\",\"helveticaneue\",helvetica,arial,sans-serif; font-style: normal; font-variant-ligatures: font-variant-caps: font-weight: letter-spacing: orphans: 2text-indent: 0px; text-transform: none; white-space: widows: 2; word-spacing: -webkit-text-stroke-width: background-color: rgb(255,255,255); text-align: left;\"><i style=\"box-sizing: border-box;\">\u2026<\/i><\/p>\n<p style=\"box-sizing: border-box; margin: 0px0px10px; font-size: 16px; color: rgb(36,36,36); font-family: \" opensans\",\"helveticaneue\",helvetica,arial,sans-serif; font-style: normal; font-variant-ligatures: font-variant-caps: font-weight: letter-spacing: orphans: 2text-indent: 0px; text-transform: none; white-space: widows: 2; word-spacing: -webkit-text-stroke-width: background-color: rgb(255,255,255); text-align: left;\"><i style=\"box-sizing: border-box;\">XI \u2013 outras gratifica\u00e7\u00f5es ou adicionais previstos em lei.\u201d (grifos nossos)<\/i><\/p>\n<p style=\"box-sizing: border-box; margin: 0px0px10px; font-size: 16px; color: rgb(36,36,36); font-family: \" opensans\",\"helveticaneue\",helvetica,arial,sans-serif; font-style: normal; font-variant-ligatures: font-variant-caps: font-weight: letter-spacing: orphans: 2text-indent: 0px; text-transform: none; white-space: widows: 2; word-spacing: -webkit-text-stroke-width: background-color: rgb(255,255,255); text-align: left;\"><i style=\"box-sizing: border-box;\">CONSIDERANDO que o art. 219, da Lei Complementar n\u00ba 1.786\/2011 (Regime Jur\u00eddico do Servidor P\u00fablico Municipal de Vit\u00f3ria da Conquista), prev\u00ea sua aplica\u00e7\u00e3o aos servidores da C\u00e2mara Municipal, cabendo ao Presidente desta as atribui\u00e7\u00f5es reservadas ao Prefeito.<\/i><\/p>\n<p style=\"box-sizing: border-box; margin: 0px0px10px; font-size: 16px; color: rgb(36,36,36); font-family: \" opensans\",\"helveticaneue\",helvetica,arial,sans-serif; font-style: normal; font-variant-ligatures: font-variant-caps: font-weight: letter-spacing: orphans: 2text-indent: 0px; text-transform: none; white-space: widows: 2; word-spacing: -webkit-text-stroke-width: background-color: rgb(255,255,255); text-align: left;\"><i style=\"box-sizing: border-box;\">CONSIDERANDO que a Lei n\u00ba 1.396\/2007, que instituiu a Gratifica\u00e7\u00e3o de Condi\u00e7\u00e3o Especial de Trabalho \u2013 GCET, de iniciativa do Prefeito de Vitoria Conquista, restringe sua aplica\u00e7\u00e3o para o quadro de servidores do Poder Executivo Municipal.<\/i><\/p>\n<p style=\"box-sizing: border-box; margin: 0px0px10px; font-size: 16px; color: rgb(36,36,36); font-family: \" opensans\",\"helveticaneue\",helvetica,arial,sans-serif; font-style: normal; font-variant-ligatures: font-variant-caps: font-weight: letter-spacing: orphans: 2text-indent: 0px; text-transform: none; white-space: widows: 2; word-spacing: -webkit-text-stroke-width: background-color: rgb(255,255,255); text-align: left;\"><i style=\"box-sizing: border-box;\">CONSIDERANDO que constitui ato de improbidade administrativa, que causa preju\u00edzo ao Er\u00e1rio, qualquer a\u00e7\u00e3o ou omiss\u00e3o, dolosa ou culposa, que enseje perda patrimonial, desvio, apropria\u00e7\u00e3o, malbaratamento ou dilapida\u00e7\u00e3o dos bens ou haveres das entidades referidas no art. 1\u00ba da Lei n\u00ba 8.429\/92.<\/i><\/p>\n<p style=\"box-sizing: border-box; margin: 0px0px10px; font-size: 16px; color: rgb(36,36,36); font-family: \" opensans\",\"helveticaneue\",helvetica,arial,sans-serif; font-style: normal; font-variant-ligatures: font-variant-caps: font-weight: letter-spacing: orphans: 2text-indent: 0px; text-transform: none; white-space: widows: 2; word-spacing: -webkit-text-stroke-width: background-color: rgb(255,255,255); text-align: left;\"><i style=\"box-sizing: border-box;\">CONSIDERANDO que n\u00e3o h\u00e1 que se falar em inocorr\u00eancia de ato de improbidade administrativa em raz\u00e3o da aus\u00eancia de dolo, com o afastamento da aplica\u00e7\u00e3o da penalidade cab\u00edvel, haja vista o diploma legal permitir a sua configura\u00e7\u00e3o caso verificado o elemento subjetivo da culpa. Na mesma linha, confira-se o seguinte aresto do Superior Tribunal de Justi\u00e7a:<\/i><\/p>\n<p style=\"box-sizing: border-box; margin: 0px0px10px; font-size: 16px; color: rgb(36,36,36); font-family: \" opensans\",\"helveticaneue\",helvetica,arial,sans-serif; font-style: normal; font-variant-ligatures: font-variant-caps: font-weight: letter-spacing: orphans: 2text-indent: 0px; text-transform: none; white-space: widows: 2; word-spacing: -webkit-text-stroke-width: background-color: rgb(255,255,255); text-align: left;\"><i style=\"box-sizing: border-box;\">\u201cADMINISTRATIVO. IMPROBIDADE ADMINISTRATIVA. DEFERIMENTO DE ADICIONAL A CERTOS SERVIDORES QUE, \u00c0 LUZ DA LEGISLA\u00c7\u00c3O VIGENTE, N\u00c3O FAZIAM JUS AO BENEF\u00cdCIO. PREJU\u00cdZO AO ER\u00c1RIO. RESSARCIMENTO. MEDIDA CAB\u00cdVEL NA ESP\u00c9CIE. ART. 10 DA LEI N. 8.429\/92. ELEMENTO SUBJETIVO. TIPOLOGIA QUE SE SATISFAZ COM A CULPA.<\/i><\/p>\n<p style=\"box-sizing: border-box; margin: 0px0px10px; font-size: 16px; color: rgb(36,36,36); font-family: \" opensans\",\"helveticaneue\",helvetica,arial,sans-serif; font-style: normal; font-variant-ligatures: font-variant-caps: font-weight: letter-spacing: orphans: 2text-indent: 0px; text-transform: none; white-space: widows: 2; word-spacing: -webkit-text-stroke-width: background-color: rgb(255,255,255); text-align: left;\"><i style=\"box-sizing: border-box;\">\u2026<\/i><\/p>\n<p style=\"box-sizing: border-box; margin: 0px0px10px; font-size: 16px; color: rgb(36,36,36); font-family: \" opensans\",\"helveticaneue\",helvetica,arial,sans-serif; font-style: normal; font-variant-ligatures: font-variant-caps: font-weight: letter-spacing: orphans: 2text-indent: 0px; text-transform: none; white-space: widows: 2; word-spacing: -webkit-text-stroke-width: background-color: rgb(255,255,255); text-align: left;\"><i style=\"box-sizing: border-box;\">\u00c9 evidente, portanto, que os r\u00e9us s\u00e3o benefici\u00e1rios de ato \u00edmprobo que importou preju\u00edzo ao er\u00e1rio. Tamb\u00e9m \u00e9 not\u00f3rio que aos valores ilegalmente recebidos n\u00e3o corresponde contrapresta\u00e7\u00e3o alguma (ao contr\u00e1rio, os servidores em quest\u00e3o, como narra o ac\u00f3rd\u00e3o recorrido, receberam o adicional quando j\u00e1 aposentados proporcionalmente \u2013 fl. 738, STJ).<\/i><\/p>\n<p style=\"box-sizing: border-box; margin: 0px0px10px; font-size: 16px; color: rgb(36,36,36); font-family: \" opensans\",\"helveticaneue\",helvetica,arial,sans-serif; font-style: normal; font-variant-ligatures: font-variant-caps: font-weight: letter-spacing: orphans: 2text-indent: 0px; text-transform: none; white-space: widows: 2; word-spacing: -webkit-text-stroke-width: background-color: rgb(255,255,255); text-align: left;\"><i style=\"box-sizing: border-box;\">\u2026<\/i><\/p>\n<p style=\"box-sizing: border-box; margin: 0px0px10px; font-size: 16px; color: rgb(36,36,36); font-family: \" opensans\",\"helveticaneue\",helvetica,arial,sans-serif; font-style: normal; font-variant-ligatures: font-variant-caps: font-weight: letter-spacing: orphans: 2text-indent: 0px; text-transform: none; white-space: widows: 2; word-spacing: -webkit-text-stroke-width: background-color: rgb(255,255,255); text-align: left;\"><i style=\"box-sizing: border-box;\">No mais, esta Corte Superior possui entendimento pac\u00edfico no sentido, para enquadramento de condutas no art. 10 da Lei n. 8.429\/92 (hip\u00f3tese dos autos), \u00e9 despicienda a configura\u00e7\u00e3o do elemento subjetivo doloso, contentando-se a norma, por sua literal reda\u00e7\u00e3o, com a culpa. Precedentes.\u201d<\/i><\/p>\n<p style=\"box-sizing: border-box; margin: 0px0px10px; font-size: 16px; color: rgb(36,36,36); font-family: \" opensans\",\"helveticaneue\",helvetica,arial,sans-serif; font-style: normal; font-variant-ligatures: font-variant-caps: font-weight: letter-spacing: orphans: 2text-indent: 0px; text-transform: none; white-space: widows: 2; word-spacing: -webkit-text-stroke-width: background-color: rgb(255,255,255); text-align: left;\"><i style=\"box-sizing: border-box;\">(RESP 200601102176, MAURO CAMPBELL MARQUES, STJ \u2013 SEGUNDA TURMA, 08\/10\/2010)<\/i><\/p>\n<p style=\"box-sizing: border-box; margin: 0px0px10px; font-size: 16px; color: rgb(36,36,36); font-family: \" opensans\",\"helveticaneue\",helvetica,arial,sans-serif; font-style: normal; font-variant-ligatures: font-variant-caps: font-weight: letter-spacing: orphans: 2text-indent: 0px; text-transform: none; white-space: widows: 2; word-spacing: -webkit-text-stroke-width: background-color: rgb(255,255,255); text-align: left;\"><i style=\"box-sizing: border-box;\">RESOLVE, nos termos do art. 6\u00ba, inciso XX, da Lei Complementar n\u00ba 75\/93, recomendar e solicitar:<\/i><\/p>\n<p style=\"box-sizing: border-box; margin: 0px0px10px; font-size: 16px; color: rgb(36,36,36); font-family: \" opensans\",\"helveticaneue\",helvetica,arial,sans-serif; font-style: normal; font-variant-ligatures: font-variant-caps: font-weight: letter-spacing: orphans: 2text-indent: 0px; text-transform: none; white-space: widows: 2; word-spacing: -webkit-text-stroke-width: background-color: rgb(255,255,255); text-align: left;\"><i style=\"box-sizing: border-box;\">Ao Excelent\u00edssimo Senhor Presidente da C\u00e2mara Municipal de Vit\u00f3ria da Conquista, Sr. Herm\u00ednio Oliveira, que adote as provid\u00eancias que se afigurarem necess\u00e1rias para promover a cessa\u00e7\u00e3o imediata do pagamento da Gratifica\u00e7\u00e3o de Condi\u00e7\u00e3o Especial de Trabalho \u2013 GCET aos servidores da C\u00e2mara de Vereadores de Vit\u00f3ria da Conquista, sob pena de responsabiliza\u00e7\u00e3o c\u00edvel e criminal (improbidade administrativa) pelo dano causado ao er\u00e1rio decorrente do pagamento indevido de recursos p\u00fablicos.<\/i><\/p>\n<p style=\"box-sizing: border-box; margin: 0px0px10px; font-size: 16px; color: rgb(36,36,36); font-family: \" opensans\",\"helveticaneue\",helvetica,arial,sans-serif; font-style: normal; font-variant-ligatures: font-variant-caps: font-weight: letter-spacing: orphans: 2text-indent: 0px; text-transform: none; white-space: widows: 2; word-spacing: -webkit-text-stroke-width: background-color: rgb(255,255,255); text-align: left;\"><i style=\"box-sizing: border-box;\">A presente Recomenda\u00e7\u00e3o \u00e9 um instrumento legal de atua\u00e7\u00e3o do Minist\u00e9rio P\u00fablico, para que a Autoridade fique ciente das irregularidades ou ilegalidades perpetradas, e embora o seu atendimento n\u00e3o seja obrigat\u00f3rio, sujeita-se \u00e0 corre\u00e7\u00f5es de natureza jurisdicional.<\/i><\/p>\n<p style=\"box-sizing: border-box; margin: 0px0px10px; font-size: 16px; color: rgb(36,36,36); font-family: \" opensans\",\"helveticaneue\",helvetica,arial,sans-serif; font-style: normal; font-variant-ligatures: font-variant-caps: font-weight: letter-spacing: orphans: 2text-indent: 0px; text-transform: none; white-space: widows: 2; word-spacing: -webkit-text-stroke-width: background-color: rgb(255,255,255); text-align: left;\"><i style=\"box-sizing: border-box;\">Requisita-se resposta por escrito \u00e0 8a. Promotoria de Justi\u00e7a do acatamento ou n\u00e3o da presente recomenda\u00e7\u00e3o, no prazo de 10 (dez) dias, indicando fundamentadamente os pontos de recusa. Salienta-se que o sil\u00eancio ser\u00e1 considerado como recusa. Al\u00e9m disso, no mesmo prazo, deve-se informar, se for o caso, as provid\u00eancias adotadas para o cumprimento da recomenda\u00e7\u00e3o.<\/i><\/p>\n<p style=\"box-sizing: border-box; margin: 0px0px10px; font-size: 16px; color: rgb(36,36,36); font-family: \" opensans\",\"helveticaneue\",helvetica,arial,sans-serif; font-style: normal; font-variant-ligatures: font-variant-caps: font-weight: letter-spacing: orphans: 2text-indent: 0px; text-transform: none; white-space: widows: 2; word-spacing: -webkit-text-stroke-width: background-color: rgb(255,255,255); text-align: left;\"><i style=\"box-sizing: border-box;\">Requisita-se ao destinat\u00e1rio desta Recomenda\u00e7\u00e3o que se d\u00ea publicidade \u00e0 mesma, de forma adequada e imediata, atrav\u00e9s do Jornal Oficial do Munic\u00edpio e Site Oficial, bem como a sua afixa\u00e7\u00e3o no mural da C\u00e2mara ou em local de f\u00e1cil acesso ao p\u00fablico no \u00e1trio da mesma, conforme disposto no art. 9o.da Resolu\u00e7\u00e3o 164\/2017 do CNMP.<\/i><\/p>\n<p style=\"box-sizing: border-box; margin: 0px0px10px; font-size: 16px; color: rgb(36,36,36); font-family: \" opensans\",\"helveticaneue\",helvetica,arial,sans-serif; font-style: normal; font-variant-ligatures: font-variant-caps: font-weight: letter-spacing: orphans: 2text-indent: 0px; text-transform: none; white-space: widows: 2; word-spacing: -webkit-text-stroke-width: background-color: rgb(255,255,255); text-align: left;\"><i style=\"box-sizing: border-box;\">D\u00ea-se publicidade \u00e0 presente Recomenda\u00e7\u00e3o, no mural deste ERMP e no Di\u00e1rio Oficial do Estado.<\/i><\/p>\n<p style=\"box-sizing: border-box; margin: 0px0px10px; font-size: 16px; color: rgb(36,36,36); font-family: \" opensans\",\"helveticaneue\",helvetica,arial,sans-serif; font-style: normal; font-variant-ligatures: font-variant-caps: font-weight: letter-spacing: orphans: 2text-indent: 0px; text-transform: none; white-space: widows: 2; word-spacing: -webkit-text-stroke-width: background-color: rgb(255,255,255); text-align: left;\"><i style=\"box-sizing: border-box;\">Notifiquem-se o Representante e demais interessados.<\/i><\/p>\n<p style=\"box-sizing: border-box; margin: 0px0px10px; font-size: 16px; color: rgb(36,36,36); font-family: \" opensans\",\"helveticaneue\",helvetica,arial,sans-serif; font-style: normal; font-variant-ligatures: font-variant-caps: font-weight: letter-spacing: orphans: 2text-indent: 0px; text-transform: none; white-space: widows: 2; word-spacing: -webkit-text-stroke-width: background-color: rgb(255,255,255); text-align: left;\"><i style=\"box-sizing: border-box;\">Junte-se c\u00f3pia desta Recomenda\u00e7\u00e3o no presente procedimento ministerial.<\/i><\/p>\n<p style=\"box-sizing: border-box; margin: 0px0px10px; font-size: 16px; color: rgb(36,36,36); font-family: \" opensans\",\"helveticaneue\",helvetica,arial,sans-serif; font-style: normal; font-variant-ligatures: font-variant-caps: font-weight: letter-spacing: orphans: 2text-indent: 0px; text-transform: none; white-space: widows: 2; word-spacing: -webkit-text-stroke-width: background-color: rgb(255,255,255); text-align: left;\"><i style=\"box-sizing: border-box;\">Cumpra-se.<\/i><\/p>\n<p style=\"box-sizing: border-box; margin: 0px0px10px; font-size: 16px; color: rgb(36,36,36); font-family: \" opensans\",\"helveticaneue\",helvetica,arial,sans-serif; font-style: normal; font-variant-ligatures: font-variant-caps: font-weight: letter-spacing: orphans: 2text-indent: 0px; text-transform: none; white-space: widows: 2; word-spacing: -webkit-text-stroke-width: background-color: rgb(255,255,255); text-align: left;\"><i style=\"box-sizing: border-box;\">Vit\u00f3ria da Conquista\/ BA 12 de abril de 2018.<\/i><\/p>\n<p style=\"box-sizing: border-box; margin: 0px0px10px; font-size: 16px; color: rgb(36,36,36); font-family: \" opensans\",\"helveticaneue\",helvetica,arial,sans-serif; font-style: normal; font-variant-ligatures: font-variant-caps: font-weight: letter-spacing: orphans: 2text-indent: 0px; text-transform: none; white-space: widows: 2; word-spacing: -webkit-text-stroke-width: background-color: rgb(255,255,255); text-align: left;\"><i style=\"box-sizing: border-box;\">LUCIMEIRE CARVALHO FARIAS<\/i><\/p>\n<p style=\"box-sizing: border-box; margin: 0px0px10px; font-size: 16px; color: rgb(36,36,36); font-family: \" opensans\",\"helveticaneue\",helvetica,arial,sans-serif; font-style: normal; font-variant-ligatures: font-variant-caps: font-weight: letter-spacing: orphans: 2text-indent: 0px; text-transform: none; white-space: widows: 2; word-spacing: -webkit-text-stroke-width: background-color: rgb(255,255,255); text-align: left;\"><i style=\"box-sizing: border-box;\">Promotora de Justi\u00e7a<\/i><\/p>\n","protected":false},"excerpt":{"rendered":"<p>Minist\u00e9rio P\u00fablico da Bahia recomendou \u00e0 C\u00e2mara de Vereadores de Vit\u00f3ria da Conquista \u201ca cessa\u00e7\u00e3o imediata do pagamento da Gratifica\u00e7\u00e3o de Condi\u00e7\u00e3o Especial de Trabalho \u2013 GCET aos servidores da C\u00e2mara de Vereadores de Vit\u00f3ria da Conquista, sob pena de responsabiliza\u00e7\u00e3o c\u00edvel e criminal (improbidade administrativa) pelo dano causado ao er\u00e1rio decorrente do pagamento indevido [&hellip;]<\/p>\n","protected":false},"author":1,"featured_media":70635,"comment_status":"closed","ping_status":"closed","sticky":false,"template":"","format":"standard","meta":[],"categories":[212,5],"tags":[],"_links":{"self":[{"href":"https:\/\/blitzconquista.com.br\/index.php?rest_route=\/wp\/v2\/posts\/70636"}],"collection":[{"href":"https:\/\/blitzconquista.com.br\/index.php?rest_route=\/wp\/v2\/posts"}],"about":[{"href":"https:\/\/blitzconquista.com.br\/index.php?rest_route=\/wp\/v2\/types\/post"}],"author":[{"embeddable":true,"href":"https:\/\/blitzconquista.com.br\/index.php?rest_route=\/wp\/v2\/users\/1"}],"replies":[{"embeddable":true,"href":"https:\/\/blitzconquista.com.br\/index.php?rest_route=%2Fwp%2Fv2%2Fcomments&post=70636"}],"version-history":[{"count":1,"href":"https:\/\/blitzconquista.com.br\/index.php?rest_route=\/wp\/v2\/posts\/70636\/revisions"}],"predecessor-version":[{"id":70637,"href":"https:\/\/blitzconquista.com.br\/index.php?rest_route=\/wp\/v2\/posts\/70636\/revisions\/70637"}],"wp:featuredmedia":[{"embeddable":true,"href":"https:\/\/blitzconquista.com.br\/index.php?rest_route=\/wp\/v2\/media\/70635"}],"wp:attachment":[{"href":"https:\/\/blitzconquista.com.br\/index.php?rest_route=%2Fwp%2Fv2%2Fmedia&parent=70636"}],"wp:term":[{"taxonomy":"category","embeddable":true,"href":"https:\/\/blitzconquista.com.br\/index.php?rest_route=%2Fwp%2Fv2%2Fcategories&post=70636"},{"taxonomy":"post_tag","embeddable":true,"href":"https:\/\/blitzconquista.com.br\/index.php?rest_route=%2Fwp%2Fv2%2Ftags&post=70636"}],"curies":[{"name":"wp","href":"https:\/\/api.w.org\/{rel}","templated":true}]}}