{"id":70732,"date":"2018-04-30T06:40:51","date_gmt":"2018-04-30T09:40:51","guid":{"rendered":"http:\/\/blitzconquista.com.br\/?p=70732"},"modified":"2018-04-30T06:41:34","modified_gmt":"2018-04-30T09:41:34","slug":"o-radio-e-as-redes-sociais-no-canal-ce-viu","status":"publish","type":"post","link":"https:\/\/blitzconquista.com.br\/?p=70732","title":{"rendered":"O R\u00e1dio e as redes sociais  no canal :  C\u00ea Viu?"},"content":{"rendered":"<div>\u00a0 O radialista e comunicador jornal\u00edstico\u00a0<a class=\"yt-uix-sessionlink \" href=\"https:\/\/www.youtube.com\/results?search_query=%23Mateus\">#Mateus<\/a>\u00a0<a class=\"yt-uix-sessionlink \" href=\"https:\/\/www.youtube.com\/results?search_query=%23Ara%C3%BAjo\">#Ara\u00fajo<\/a>, da\u00a0<a class=\"yt-uix-sessionlink \" href=\"https:\/\/www.youtube.com\/results?search_query=%23BrasilFM\">#BrasilFM<\/a>, emissora de r\u00e1dio da cidade de Vit\u00f3ria da Conquista, participou de uma entrevista no canal &#8220;C\u00ea Viu?&#8221; com Ezequiel Porto e Simi\u00e3o C\u00e9lio, onde pode dar seu parecer a respeito da evolu\u00e7\u00e3o do r\u00e1dio vinculado as\u00a0<a class=\"yt-uix-sessionlink \" href=\"https:\/\/www.youtube.com\/results?search_query=%23redes\">#redes<\/a>\u00a0<a class=\"yt-uix-sessionlink \" href=\"https:\/\/www.youtube.com\/results?search_query=%23sociais\">#sociais<\/a>, e das vantagens que as emissoras de r\u00e1dio levam, em rela\u00e7\u00e3o aos outros ve\u00edculos de comunica\u00e7\u00e3o mesmo com todo avan\u00e7o tecnol\u00f3gico.<\/div>\n<div id=\"watch-description-text\" class=\"\">\n<p id=\"eow-description\" class=\"\">A entrevista foi longa, e tratou de assuntos diversos, uma s\u00e9rie de v\u00eddeos foram preparadas para os seguidores do canal, sendo este, o primeiro v\u00eddeo disponibilizado no canal. Assista essa primeira parte da entrevista com Mateus Ara\u00fajo, aproveite e se inscreva no canal para acompanhar os pr\u00f3ximos v\u00eddeos desta s\u00e9rie de entrevista.<\/p>\n<p><iframe loading=\"lazy\" width=\"1320\" height=\"743\" src=\"https:\/\/www.youtube.com\/embed\/qJm_7nROhvQ?feature=oembed\" frameborder=\"0\" allow=\"autoplay; encrypted-media\" allowfullscreen><\/iframe><\/p>\n<ul>\n<li>Fonte : canal c\u00ea viu?<\/li>\n<\/ul>\n<\/div>\n","protected":false},"excerpt":{"rendered":"<p>\u00a0 O radialista e comunicador jornal\u00edstico\u00a0#Mateus\u00a0#Ara\u00fajo, da\u00a0#BrasilFM, emissora de r\u00e1dio da cidade de Vit\u00f3ria da Conquista, participou de uma entrevista no canal &#8220;C\u00ea Viu?&#8221; com Ezequiel Porto e Simi\u00e3o C\u00e9lio, onde pode dar seu parecer a respeito da evolu\u00e7\u00e3o do r\u00e1dio vinculado as\u00a0#redes\u00a0#sociais, e das vantagens que as emissoras de r\u00e1dio levam, em rela\u00e7\u00e3o aos [&hellip;]<\/p>\n","protected":false},"author":1,"featured_media":70735,"comment_status":"closed","ping_status":"closed","sticky":false,"template":"","format":"standard","meta":[],"categories":[410],"tags":[],"_links":{"self":[{"href":"https:\/\/blitzconquista.com.br\/index.php?rest_route=\/wp\/v2\/posts\/70732"}],"collection":[{"href":"https:\/\/blitzconquista.com.br\/index.php?rest_route=\/wp\/v2\/posts"}],"about":[{"href":"https:\/\/blitzconquista.com.br\/index.php?rest_route=\/wp\/v2\/types\/post"}],"author":[{"embeddable":true,"href":"https:\/\/blitzconquista.com.br\/index.php?rest_route=\/wp\/v2\/users\/1"}],"replies":[{"embeddable":true,"href":"https:\/\/blitzconquista.com.br\/index.php?rest_route=%2Fwp%2Fv2%2Fcomments&post=70732"}],"version-history":[{"count":2,"href":"https:\/\/blitzconquista.com.br\/index.php?rest_route=\/wp\/v2\/posts\/70732\/revisions"}],"predecessor-version":[{"id":70736,"href":"https:\/\/blitzconquista.com.br\/index.php?rest_route=\/wp\/v2\/posts\/70732\/revisions\/70736"}],"wp:featuredmedia":[{"embeddable":true,"href":"https:\/\/blitzconquista.com.br\/index.php?rest_route=\/wp\/v2\/media\/70735"}],"wp:attachment":[{"href":"https:\/\/blitzconquista.com.br\/index.php?rest_route=%2Fwp%2Fv2%2Fmedia&parent=70732"}],"wp:term":[{"taxonomy":"category","embeddable":true,"href":"https:\/\/blitzconquista.com.br\/index.php?rest_route=%2Fwp%2Fv2%2Fcategories&post=70732"},{"taxonomy":"post_tag","embeddable":true,"href":"https:\/\/blitzconquista.com.br\/index.php?rest_route=%2Fwp%2Fv2%2Ftags&post=70732"}],"curies":[{"name":"wp","href":"https:\/\/api.w.org\/{rel}","templated":true}]}}