{"id":70762,"date":"2018-05-01T15:22:20","date_gmt":"2018-05-01T18:22:20","guid":{"rendered":"http:\/\/blitzconquista.com.br\/?p=70762"},"modified":"2018-07-26T09:54:33","modified_gmt":"2018-07-26T12:54:33","slug":"inquerito-do-mp-sp-descartou-interditar-predio-que-desabou","status":"publish","type":"post","link":"https:\/\/blitzconquista.com.br\/?p=70762","title":{"rendered":"Inqu\u00e9rito do MP-SP descartou interditar pr\u00e9dio que desabou"},"content":{"rendered":"<p style=\"line-height: 18.0pt; background: white; vertical-align: baseline; margin: 0cm 0cm 15.0pt 0cm;\"><span style=\"font-family: 'Arial',sans-serif; color: #333333;\">O inqu\u00e9rito do MP (Minist\u00e9rio P\u00fablico) paulista que apurava riscos ligados ao edif\u00edcio que desabou na madrugada desta ter\u00e7a-feira (1\u00ba) no centro de S\u00e3o Paulo foi arquivado em 18 de mar\u00e7o deste ano, h\u00e1 exatos 45 dias. Na tarde desta ter\u00e7a, ap\u00f3s o desabamento, o MP decidiu reabrir o inqu\u00e9rito.<\/span><\/p>\n<p style=\"line-height: 18.0pt; background: white; vertical-align: baseline; font-variant-ligatures: normal; font-variant-caps: normal; font-variant-numeric: inherit; font-variant-east-asian: inherit; font-stretch: inherit; orphans: 2; text-align: start; widows: 2; -webkit-text-stroke-width: 0px; text-decoration-style: initial; text-decoration-color: initial; word-spacing: 0px; margin: 0cm 0cm 15.0pt 0cm;\"><span style=\"font-family: 'Arial',sans-serif; color: #333333;\">A investiga\u00e7\u00e3o foi aberta\u00a0em 24 de agosto de 2015 &#8220;em raz\u00e3o de poss\u00edvel exist\u00eancia de risco no im\u00f3vel&#8221;. &#8220;Ao longo de dois anos e sete meses de investiga\u00e7\u00e3o, os \u00f3rg\u00e3os p\u00fablicos incumbidos de fiscalizar o im\u00f3vel, em especial a Defesa Civil de S\u00e3o Paulo e a Secretaria Especial de Licenciamentos, informaram que, a despeito do AVCB [Auto de Vistoria do Corpo de Bombeiros]\u00a0estar vencido, n\u00e3o havia risco concreto que demandasse sua interdi\u00e7\u00e3o&#8221;.<\/span><\/p>\n<p><img decoding=\"async\" loading=\"lazy\" class=\"aligncenter size-full wp-image-70763\" src=\"http:\/\/blitzconquista.com.br\/wp-content\/uploads\/2018\/05\/1mai2018-um-grande-volume-de-fumaca-branca-ainda-e-observada-nos-escombros-do-predio-de-24-andares-que-pegou-fogo-e-desabou-no-centro-de-sao-paulo-1525184171598_615x300.jpg\" alt=\"\" width=\"615\" height=\"300\" srcset=\"https:\/\/blitzconquista.com.br\/wp-content\/uploads\/2018\/05\/1mai2018-um-grande-volume-de-fumaca-branca-ainda-e-observada-nos-escombros-do-predio-de-24-andares-que-pegou-fogo-e-desabou-no-centro-de-sao-paulo-1525184171598_615x300.jpg 615w, https:\/\/blitzconquista.com.br\/wp-content\/uploads\/2018\/05\/1mai2018-um-grande-volume-de-fumaca-branca-ainda-e-observada-nos-escombros-do-predio-de-24-andares-que-pegou-fogo-e-desabou-no-centro-de-sao-paulo-1525184171598_615x300-300x146.jpg 300w\" sizes=\"(max-width: 615px) 100vw, 615px\" \/><\/p>\n<p style=\"line-height: 18.0pt; background: white; vertical-align: baseline; font-variant-ligatures: normal; font-variant-caps: normal; font-variant-numeric: inherit; font-variant-east-asian: inherit; font-stretch: inherit; orphans: 2; text-align: start; widows: 2; -webkit-text-stroke-width: 0px; text-decoration-style: initial; text-decoration-color: initial; word-spacing: 0px; margin: 0cm 0cm 15.0pt 0cm;\"><span style=\"font-family: 'Arial',sans-serif; color: #333333;\">A secretaria, ent\u00e3o, informou ao MP &#8220;que j\u00e1 estava providenciando a retirada dos ocupantes do im\u00f3vel em a\u00e7\u00e3o de reintegra\u00e7\u00e3o de posse e, por conta de uma parceria feita com a Prefeitura de S\u00e3o Paulo, esta passaria a ocupar o pr\u00e9dio&#8221;. &#8220;Por outro lado, as informa\u00e7\u00f5es referentes \u00e0 falta de AVCB e necessidade de adapta\u00e7\u00e3o da edifica\u00e7\u00e3o n\u00e3o demandavam medidas, nesse momento, por parte desta institui\u00e7\u00e3o. Com a desocupa\u00e7\u00e3o do pr\u00e9dio, haveria que se aguardar, por primeiro, o projeto de utiliza\u00e7\u00e3o do local pela Prefeitura de S\u00e3o Paulo&#8221;, disse o MP. Assim, foi decidido pelo arquivamento.<\/span><\/p>\n<p style=\"line-height: 18.0pt; background: white; vertical-align: baseline; font-variant-ligatures: normal; font-variant-caps: normal; font-variant-numeric: inherit; font-variant-east-asian: inherit; font-stretch: inherit; orphans: 2; text-align: start; widows: 2; -webkit-text-stroke-width: 0px; text-decoration-style: initial; text-decoration-color: initial; word-spacing: 0px; margin: 0cm 0cm 15.0pt 0cm;\"><span style=\"font-family: 'Arial',sans-serif; color: #333333;\">O MP decidiu reabrir o inqu\u00e9rito &#8220;para verifica\u00e7\u00e3o das causas do acidente e tamb\u00e9m da veracidade dos relat\u00f3rios t\u00e9cnicos encaminhados ao Minist\u00e9rio P\u00fablico pelos \u00f3rg\u00e3os p\u00fablicos respons\u00e1veis pela manuten\u00e7\u00e3o e fiscaliza\u00e7\u00e3o da edifica\u00e7\u00e3o&#8221;.<\/span><\/p>\n<p>*Fonte: Uol<br \/>\n<img decoding=\"async\" loading=\"lazy\" class=\" wp-image-70702 aligncenter\" src=\"http:\/\/blitzconquista.com.br\/wp-content\/uploads\/2018\/04\/David_Miranda-300x188.jpg\" alt=\"\" width=\"367\" height=\"230\" \/><\/p>\n","protected":false},"excerpt":{"rendered":"<p>O inqu\u00e9rito do MP (Minist\u00e9rio P\u00fablico) paulista que apurava riscos ligados ao edif\u00edcio que desabou na madrugada desta ter\u00e7a-feira (1\u00ba) no centro de S\u00e3o Paulo foi arquivado em 18 de mar\u00e7o deste ano, h\u00e1 exatos 45 dias. Na tarde desta ter\u00e7a, ap\u00f3s o desabamento, o MP decidiu reabrir o inqu\u00e9rito. A investiga\u00e7\u00e3o foi aberta\u00a0em 24 [&hellip;]<\/p>\n","protected":false},"author":1,"featured_media":70764,"comment_status":"closed","ping_status":"closed","sticky":false,"template":"","format":"standard","meta":[],"categories":[478],"tags":[],"_links":{"self":[{"href":"https:\/\/blitzconquista.com.br\/index.php?rest_route=\/wp\/v2\/posts\/70762"}],"collection":[{"href":"https:\/\/blitzconquista.com.br\/index.php?rest_route=\/wp\/v2\/posts"}],"about":[{"href":"https:\/\/blitzconquista.com.br\/index.php?rest_route=\/wp\/v2\/types\/post"}],"author":[{"embeddable":true,"href":"https:\/\/blitzconquista.com.br\/index.php?rest_route=\/wp\/v2\/users\/1"}],"replies":[{"embeddable":true,"href":"https:\/\/blitzconquista.com.br\/index.php?rest_route=%2Fwp%2Fv2%2Fcomments&post=70762"}],"version-history":[{"count":2,"href":"https:\/\/blitzconquista.com.br\/index.php?rest_route=\/wp\/v2\/posts\/70762\/revisions"}],"predecessor-version":[{"id":73573,"href":"https:\/\/blitzconquista.com.br\/index.php?rest_route=\/wp\/v2\/posts\/70762\/revisions\/73573"}],"wp:featuredmedia":[{"embeddable":true,"href":"https:\/\/blitzconquista.com.br\/index.php?rest_route=\/wp\/v2\/media\/70764"}],"wp:attachment":[{"href":"https:\/\/blitzconquista.com.br\/index.php?rest_route=%2Fwp%2Fv2%2Fmedia&parent=70762"}],"wp:term":[{"taxonomy":"category","embeddable":true,"href":"https:\/\/blitzconquista.com.br\/index.php?rest_route=%2Fwp%2Fv2%2Fcategories&post=70762"},{"taxonomy":"post_tag","embeddable":true,"href":"https:\/\/blitzconquista.com.br\/index.php?rest_route=%2Fwp%2Fv2%2Ftags&post=70762"}],"curies":[{"name":"wp","href":"https:\/\/api.w.org\/{rel}","templated":true}]}}