{"id":70809,"date":"2018-05-03T12:08:04","date_gmt":"2018-05-03T15:08:04","guid":{"rendered":"http:\/\/blitzconquista.com.br\/?p=70809"},"modified":"2018-07-26T09:55:31","modified_gmt":"2018-07-26T12:55:31","slug":"bomba-ele-teve-coragem-de-dizer-entrevista-com-mateus-araujo-para-o-canal-ce-viu","status":"publish","type":"post","link":"https:\/\/blitzconquista.com.br\/?p=70809","title":{"rendered":"Bomba! Ele teve coragem de dizer! &#8211; Entrevista com Mateus Ara\u00fajo para o canal-  C\u00ea Viu"},"content":{"rendered":"<p><iframe loading=\"lazy\" width=\"1320\" height=\"743\" src=\"https:\/\/www.youtube.com\/embed\/Qfk5emcymuE?feature=oembed\" frameborder=\"0\" allow=\"autoplay; encrypted-media\" allowfullscreen><\/iframe><\/p>\n<p>O \u00faltimo v\u00eddeo da s\u00e9rie de entrevista com <a class=\"yt-simple-endpoint style-scope yt-formatted-string\" href=\"https:\/\/www.youtube.com\/results?search_query=%23Mateus\">#Mateus<\/a> Ara\u00fajo, est\u00e1 imperd\u00edvel e bomb\u00e1stico! No primeiro v\u00eddeo da s\u00e9rie, Mateus compartilhou da sua trajet\u00f3ria inicial em emissoras de r\u00e1dio, e a evolu\u00e7\u00e3o deste ve\u00edculo de comunica\u00e7\u00e3o com chegada das redes sociais, j\u00e1 no segundo v\u00eddeo da s\u00e9rie, quest\u00f5es relacionadas ao modelo da <a class=\"yt-simple-endpoint style-scope yt-formatted-string\" href=\"https:\/\/www.youtube.com\/results?search_query=%23pol%C3%ADtica\">#pol\u00edtica<\/a> atual do <a class=\"yt-simple-endpoint style-scope yt-formatted-string\" href=\"https:\/\/www.youtube.com\/results?search_query=%23Brasil\">#Brasil<\/a> foram evidenciados em sua fala, tendo como refer\u00eancia a conduta e o car\u00e1ter de todo cidad\u00e3o que comp\u00f5e a sociedade, sendo n\u00f3s a sociedade em si, maior respons\u00e1vel por essa mancha negra na pol\u00edtica brasileira; acreditando numa poss\u00edvel mudan\u00e7a atrav\u00e9s de um novo olhar, e de uma nova conduta preservando o respeito com todos, para que se exer\u00e7am as pol\u00edticas p\u00fablicas de forma igualit\u00e1ria atendendo a todos na sociedade. A conclus\u00e3o da s\u00e9rie de entrevista, trouxe consigo uma tem\u00e1tica um tanto quanto pol\u00eamica, levantando pontos dificilmente abordados nas m\u00eddias ou em disciplinas religiosas. S\u00e3o verdades do mundo <a class=\"yt-simple-endpoint style-scope yt-formatted-string\" href=\"https:\/\/www.youtube.com\/results?search_query=%23gospel\">#gospel<\/a>, que o Mateus Ara\u00fajo, exp\u00f4s em sua fala durante a entrevista e que vai dar o que falar. Confira no v\u00eddeo, veja o que Mateus Ara\u00fajo, teve coragem de dizer.<\/p>\n<p>Fonte : Canal c\u00ea viu<br \/>\n<img decoding=\"async\" loading=\"lazy\" class=\" wp-image-70702 aligncenter\" src=\"http:\/\/blitzconquista.com.br\/wp-content\/uploads\/2018\/04\/David_Miranda-300x188.jpg\" alt=\"\" width=\"367\" height=\"230\" \/><\/p>\n","protected":false},"excerpt":{"rendered":"<p>O \u00faltimo v\u00eddeo da s\u00e9rie de entrevista com #Mateus Ara\u00fajo, est\u00e1 imperd\u00edvel e bomb\u00e1stico! No primeiro v\u00eddeo da s\u00e9rie, Mateus compartilhou da sua trajet\u00f3ria inicial em emissoras de r\u00e1dio, e a evolu\u00e7\u00e3o deste ve\u00edculo de comunica\u00e7\u00e3o com chegada das redes sociais, j\u00e1 no segundo v\u00eddeo da s\u00e9rie, quest\u00f5es relacionadas ao modelo da #pol\u00edtica atual do [&hellip;]<\/p>\n","protected":false},"author":1,"featured_media":70811,"comment_status":"closed","ping_status":"closed","sticky":false,"template":"","format":"standard","meta":[],"categories":[410],"tags":[],"_links":{"self":[{"href":"https:\/\/blitzconquista.com.br\/index.php?rest_route=\/wp\/v2\/posts\/70809"}],"collection":[{"href":"https:\/\/blitzconquista.com.br\/index.php?rest_route=\/wp\/v2\/posts"}],"about":[{"href":"https:\/\/blitzconquista.com.br\/index.php?rest_route=\/wp\/v2\/types\/post"}],"author":[{"embeddable":true,"href":"https:\/\/blitzconquista.com.br\/index.php?rest_route=\/wp\/v2\/users\/1"}],"replies":[{"embeddable":true,"href":"https:\/\/blitzconquista.com.br\/index.php?rest_route=%2Fwp%2Fv2%2Fcomments&post=70809"}],"version-history":[{"count":3,"href":"https:\/\/blitzconquista.com.br\/index.php?rest_route=\/wp\/v2\/posts\/70809\/revisions"}],"predecessor-version":[{"id":73589,"href":"https:\/\/blitzconquista.com.br\/index.php?rest_route=\/wp\/v2\/posts\/70809\/revisions\/73589"}],"wp:featuredmedia":[{"embeddable":true,"href":"https:\/\/blitzconquista.com.br\/index.php?rest_route=\/wp\/v2\/media\/70811"}],"wp:attachment":[{"href":"https:\/\/blitzconquista.com.br\/index.php?rest_route=%2Fwp%2Fv2%2Fmedia&parent=70809"}],"wp:term":[{"taxonomy":"category","embeddable":true,"href":"https:\/\/blitzconquista.com.br\/index.php?rest_route=%2Fwp%2Fv2%2Fcategories&post=70809"},{"taxonomy":"post_tag","embeddable":true,"href":"https:\/\/blitzconquista.com.br\/index.php?rest_route=%2Fwp%2Fv2%2Ftags&post=70809"}],"curies":[{"name":"wp","href":"https:\/\/api.w.org\/{rel}","templated":true}]}}