{"id":70852,"date":"2018-05-03T23:23:43","date_gmt":"2018-05-04T02:23:43","guid":{"rendered":"http:\/\/blitzconquista.com.br\/?p=70852"},"modified":"2018-05-03T23:23:43","modified_gmt":"2018-05-04T02:23:43","slug":"negligencia-e-violencia-contra-criancas-e-adolescentes-crescem-10-em-2017","status":"publish","type":"post","link":"https:\/\/blitzconquista.com.br\/?p=70852","title":{"rendered":"Neglig\u00eancia e viol\u00eancia contra crian\u00e7as e adolescentes crescem 10% em 2017"},"content":{"rendered":"<div class=\"news\">\n<p>As viola\u00e7\u00f5es dos direitos de crian\u00e7as e adolescentes somam mais da metade de todas as den\u00fancias feitas nos canais da Ouvidoria do Minist\u00e9rio dos Direitos Humanos, em 2017. \u00c9 o que aponta o balan\u00e7o anual de dados da Ouvidoria Nacional, ligada \u00e0 pasta.\u00a0Os n\u00fameros levam em conta as ocorr\u00eancias registradas pelo Disque 100, o aplicativo Proteja Brasil e os canais da internet.<\/p>\n<p>Em todo o ano passado, foram mais de 140 mil den\u00fancias de casos de viola\u00e7\u00e3o dos direitos de crian\u00e7as e adolescentes, pessoas idosas, negras, com defici\u00eancia e LGBT.\u00a0Quase 59% deles s\u00e3o de neglig\u00eancia e viol\u00eancias f\u00edsica, psicol\u00f3gica e sexual contra crian\u00e7as e adolescentes. Foram mais de 84 mil den\u00fancias: um aumento\u00a0de 10% em rela\u00e7\u00e3o a 2016.<\/p>\n<p>Para a gerente executiva da funda\u00e7\u00e3o Abrinq, entidade que defende os direitos das crian\u00e7as e adolescentes, Denise Ces\u00e1rio, \u00e9 importante a conscientiza\u00e7\u00e3o da fam\u00edlia em rela\u00e7\u00e3o aos riscos que a crian\u00e7a corre no ambiente\u00a0dom\u00e9stico. Ela tamb\u00e9m destaca o papel e a efic\u00e1cia dos conselhos tutelares das cidades como principais ferramentas de defesa de direitos dessas pessoas.Em segundo lugar no ranking de den\u00fancias, est\u00e3o as viola\u00e7\u00f5es contra pessoas idosas e, em seguida, contra pessoas com defici\u00eancia. No geral, o ano de 2017 teve quase 10 mil den\u00fancias a mais que 2016, o equivalente a quase 7%.<\/p>\n<p>Segundo o ministro dos Direitos Humanos, Gustavo Rocha, o aumento reflete o crescimento da viol\u00eancia e tamb\u00e9m da conscientiza\u00e7\u00e3o das pessoas, que passaram a denunciar mais.\u00a0Apesar do aumento, a viola\u00e7\u00e3o de direitos de alguns grupos apresentou queda nos registros: \u00e9 o exemplo de casos como inj\u00faria racial e racismo, cujas den\u00fancias ca\u00edram 30% de 2016 para 2017.<\/p>\n<p>A ouvidora nacional de Direitos Humanos, Erica Queiroz, explica que a an\u00e1lise fria dos dados n\u00e3o permite chegar a uma conclus\u00e3o confi\u00e1vel que explique o porqu\u00ea da redu\u00e7\u00e3o de den\u00fancias ligadas \u00e0 quest\u00e3o racial.<\/p>\n<p>Segundo Douglas Belchior, da Uneafro, entidade de defesa dos direitos da popula\u00e7\u00e3o negra, o que n\u00e3o se pode afirmar \u00e9 que o racismo reduziu.\u00a0Os canais do Minist\u00e9rio dos Direitos Humanos n\u00e3o registram viol\u00eancia contra a mulher, que fica a cargo do Disque 180. O ministro Gustavo Rocha aponta aspectos nos sistemas de den\u00fancias que precisam ser melhorados, inclusive a integra\u00e7\u00e3o entre os Disque 100 e o 180.<\/p>\n<p>O balan\u00e7o completo est\u00e1 dispon\u00edvel na internet, no site do Minist\u00e9rio dos Direitos Humanos, que \u00e9 o mdh.gov.br.<\/p>\n<\/div>\n<div class=\"tags\">\u00a0*EBC<\/div>\n","protected":false},"excerpt":{"rendered":"<p>As viola\u00e7\u00f5es dos direitos de crian\u00e7as e adolescentes somam mais da metade de todas as den\u00fancias feitas nos canais da Ouvidoria do Minist\u00e9rio dos Direitos Humanos, em 2017. \u00c9 o que aponta o balan\u00e7o anual de dados da Ouvidoria Nacional, ligada \u00e0 pasta.\u00a0Os n\u00fameros levam em conta as ocorr\u00eancias registradas pelo Disque 100, o aplicativo [&hellip;]<\/p>\n","protected":false},"author":1,"featured_media":70853,"comment_status":"closed","ping_status":"closed","sticky":false,"template":"","format":"standard","meta":[],"categories":[478],"tags":[],"_links":{"self":[{"href":"https:\/\/blitzconquista.com.br\/index.php?rest_route=\/wp\/v2\/posts\/70852"}],"collection":[{"href":"https:\/\/blitzconquista.com.br\/index.php?rest_route=\/wp\/v2\/posts"}],"about":[{"href":"https:\/\/blitzconquista.com.br\/index.php?rest_route=\/wp\/v2\/types\/post"}],"author":[{"embeddable":true,"href":"https:\/\/blitzconquista.com.br\/index.php?rest_route=\/wp\/v2\/users\/1"}],"replies":[{"embeddable":true,"href":"https:\/\/blitzconquista.com.br\/index.php?rest_route=%2Fwp%2Fv2%2Fcomments&post=70852"}],"version-history":[{"count":1,"href":"https:\/\/blitzconquista.com.br\/index.php?rest_route=\/wp\/v2\/posts\/70852\/revisions"}],"predecessor-version":[{"id":70854,"href":"https:\/\/blitzconquista.com.br\/index.php?rest_route=\/wp\/v2\/posts\/70852\/revisions\/70854"}],"wp:featuredmedia":[{"embeddable":true,"href":"https:\/\/blitzconquista.com.br\/index.php?rest_route=\/wp\/v2\/media\/70853"}],"wp:attachment":[{"href":"https:\/\/blitzconquista.com.br\/index.php?rest_route=%2Fwp%2Fv2%2Fmedia&parent=70852"}],"wp:term":[{"taxonomy":"category","embeddable":true,"href":"https:\/\/blitzconquista.com.br\/index.php?rest_route=%2Fwp%2Fv2%2Fcategories&post=70852"},{"taxonomy":"post_tag","embeddable":true,"href":"https:\/\/blitzconquista.com.br\/index.php?rest_route=%2Fwp%2Fv2%2Ftags&post=70852"}],"curies":[{"name":"wp","href":"https:\/\/api.w.org\/{rel}","templated":true}]}}