{"id":71042,"date":"2018-05-08T10:45:46","date_gmt":"2018-05-08T13:45:46","guid":{"rendered":"http:\/\/blitzconquista.com.br\/?p=71042"},"modified":"2018-05-08T10:45:46","modified_gmt":"2018-05-08T13:45:46","slug":"cantora-e-missionaria-gil-fala-sobre-a-despedida-do-sertao-brasil-e-novos-projetos","status":"publish","type":"post","link":"https:\/\/blitzconquista.com.br\/?p=71042","title":{"rendered":"Cantora e Mission\u00e1ria Gil fala sobre a despedida do Sert\u00e3o Brasil e novos projetos."},"content":{"rendered":"<p>Em contato com o Portal Conquista Gospel,\u00a0 a cantora e mission\u00e1ria Gil, fala sobre sua trajet\u00f3ria no r\u00e1dio\u00a0 e em especial programa (<strong>Sert\u00e3o Brasil<\/strong>).<\/p>\n<p><strong>\u00a0 \u00a0 \u00a0 Quando e como surgiu o Sert\u00e3o Brasil ?<\/strong><\/p>\n<p>No m\u00eas de junho de 2005 eu fui convidada pelo meu amigo \u00e9 Eben\u00e9zer Fagundes para fazer o sert\u00e3o Brasil com ele, isso \u00e9, atendendo o telefone mandando um al\u00f4 e nunca imaginaria que eu faria esse programa tanto tempo ou seja j\u00e1 \u00edamos para 14 anos de sert\u00e3o Brasil no ar. Eben\u00e9zer ficou 1 ano \u00e9 passou o programa pra mim.<\/p>\n<p><strong>Como foi sua experi\u00eancia como o Sert\u00e3o Brasil durante esse tempo?<\/strong><\/p>\n<p>Eu tenho tido muitas experi\u00eancias e confirma\u00e7\u00e3o de todas as ben\u00e7\u00e3os e milagres cura e salva\u00e7\u00e3o de almas e muito mais. Tenho certeza que Deus est\u00e1 no controle do meu minist\u00e9rio e tenho feito tudo que vem minhas m\u00e3os para fazer, com muito amor e dedica\u00e7\u00e3o.<\/p>\n<p><strong>\u00a0 \u00a0 \u00a0 \u00a0 Despedida do Programa\u00a0<\/strong><br \/>\nA despedida do Sert\u00e3o,\u00a0 aconteceu no dia 4 de Maio de 2018 , eu tive muita emo\u00e7\u00e3o e muitos relatos de fam\u00edlias e pessoas crentes e n\u00e3o crentes que foram aben\u00e7oadas atrav\u00e9s da nossa programa\u00e7\u00e3o , e n\u00e3o posso esquecer daqueles que trafegam pela BR-116 , os caminhoneiros, carreteiros ,amigos e amigas que nem nos conhecem pessoalmente. Fizemos uma forte amizade atrav\u00e9s dessa programa\u00e7\u00e3o.<\/p>\n<p><strong>Como foi a repercuss\u00e3o de sua despedida do Sert\u00e3o Brasil ?<\/strong><br \/>\nFoi muito triste ver homens,mulheres, crian\u00e7as ,jovens, pessoas idosas, at\u00e9 mesmo com l\u00e1grimas nos olhos ligando para r\u00e1dio e questionando o porqu\u00ea da nossa sa\u00edda, isso mostra que fizemos verdadeiros amigos e parceiros.<\/p>\n<p>Louva Deus pelos amigos que fizemos durante a nossa jornada no sert\u00e3o Brasil, parceiros, Semeadores que nos ajudou a permanecer no ar todo esse tempo, acreditando que Deus teria sempre uma palavra todos os dias atrav\u00e9s da nossa programa\u00e7\u00e3o. Isso quer dizer credibilidade, motiva\u00e7\u00e3o ,acreditar.<\/p>\n<p><img decoding=\"async\" loading=\"lazy\" class=\" wp-image-71045 aligncenter\" src=\"http:\/\/blitzconquista.com.br\/wp-content\/uploads\/2018\/05\/gil-canto-300x225.jpg\" alt=\"\" width=\"424\" height=\"318\" srcset=\"https:\/\/blitzconquista.com.br\/wp-content\/uploads\/2018\/05\/gil-canto-300x225.jpg 300w, https:\/\/blitzconquista.com.br\/wp-content\/uploads\/2018\/05\/gil-canto-695x521.jpg 695w, https:\/\/blitzconquista.com.br\/wp-content\/uploads\/2018\/05\/gil-canto-74x55.jpg 74w, https:\/\/blitzconquista.com.br\/wp-content\/uploads\/2018\/05\/gil-canto-111x83.jpg 111w, https:\/\/blitzconquista.com.br\/wp-content\/uploads\/2018\/05\/gil-canto-215x161.jpg 215w, https:\/\/blitzconquista.com.br\/wp-content\/uploads\/2018\/05\/gil-canto.jpg 720w\" sizes=\"(max-width: 424px) 100vw, 424px\" \/><\/p>\n<p><strong> O que o sert\u00e3o Brasil te proporcionou , tanto pessoal como ministerial ?<\/strong><br \/>\nDurante esse per\u00edodo de 13 anos com Sert\u00e3o Brasil no ar eu recebi muitos presentes de Deus como 10 lan\u00e7amentos em CD e 6 em DVD e ainda pela miseric\u00f3rdia, coordenei um trabalho durante nove anos,( a Tarde da Restaura\u00e7\u00e3o na Assembleia de Deus, na Urbis 5) , recebi v\u00e1rios cantores renomados e formamos amizades sinceras, os quais, foram; <strong>Elias Dilza<\/strong>, <strong>Anderson Barony<\/strong>,<strong> Edmar Santana, Concei\u00e7\u00e3o Cabral<\/strong>, entre outros. Tamb\u00e9m demos apoio total aos talentos da Regi\u00e3o, tanto cantores, como compositores e pastores, ministros eclesi\u00e1sticos.<\/p>\n<p><img decoding=\"async\" loading=\"lazy\" class=\" wp-image-71046 aligncenter\" src=\"http:\/\/blitzconquista.com.br\/wp-content\/uploads\/2018\/05\/Gil-mulheres-300x200.jpg\" alt=\"\" width=\"545\" height=\"363\" srcset=\"https:\/\/blitzconquista.com.br\/wp-content\/uploads\/2018\/05\/Gil-mulheres-300x200.jpg 300w, https:\/\/blitzconquista.com.br\/wp-content\/uploads\/2018\/05\/Gil-mulheres-695x463.jpg 695w, https:\/\/blitzconquista.com.br\/wp-content\/uploads\/2018\/05\/Gil-mulheres-414x276.jpg 414w, https:\/\/blitzconquista.com.br\/wp-content\/uploads\/2018\/05\/Gil-mulheres-470x313.jpg 470w, https:\/\/blitzconquista.com.br\/wp-content\/uploads\/2018\/05\/Gil-mulheres-640x426.jpg 640w, https:\/\/blitzconquista.com.br\/wp-content\/uploads\/2018\/05\/Gil-mulheres-130x86.jpg 130w, https:\/\/blitzconquista.com.br\/wp-content\/uploads\/2018\/05\/Gil-mulheres-187x124.jpg 187w, https:\/\/blitzconquista.com.br\/wp-content\/uploads\/2018\/05\/Gil-mulheres.jpg 720w\" sizes=\"(max-width: 545px) 100vw, 545px\" \/><\/p>\n<p><strong>\u00a0 \u00a0 \u00a0 \u00a0 \u00a0 \u00a0 \u00a0 \u00a0 \u00a0 \u00a0 \u00a0 \u00a0 \u00a0 \u00a0 \u00a0 \u00a0Sert\u00e3o Brasil e causas sociais\u00a0<\/strong><br \/>\nO sert\u00e3o Brasil tamb\u00e9m tinha como prioridade o social abrindo espa\u00e7o para sociedade expressar suas necessidades materiais e trabalhistas, todos com a conscientiza\u00e7\u00e3o de ser fam\u00edlia ajudando no Social.<br \/>\nSert\u00e3o Brasil tamb\u00e9m abra\u00e7ava projetos colaborava com a divulga\u00e7\u00e3o sem fazer acep\u00e7\u00e3o de placa denominacional. Abra\u00e7ando a fam\u00edlia no todo ,a Igreja Universal .<br \/>\nCantora Gil: Durante o per\u00edodo do nosso Programa lancei Projetos como Fa\u00e7a uma Vida Sorrir, onde arrecadava alimentos, roupas, m\u00f3veis.etc&#8230; Tamb\u00e9m o Festival Chama Viva, onde descobrimos muito talentos, como Patricia Fernandes que participou e muitos outros.<img decoding=\"async\" loading=\"lazy\" class=\" wp-image-71047 aligncenter\" src=\"http:\/\/blitzconquista.com.br\/wp-content\/uploads\/2018\/05\/gill-orando-300x225.jpg\" alt=\"\" width=\"525\" height=\"394\" srcset=\"https:\/\/blitzconquista.com.br\/wp-content\/uploads\/2018\/05\/gill-orando-300x225.jpg 300w, https:\/\/blitzconquista.com.br\/wp-content\/uploads\/2018\/05\/gill-orando-695x521.jpg 695w, https:\/\/blitzconquista.com.br\/wp-content\/uploads\/2018\/05\/gill-orando-74x55.jpg 74w, https:\/\/blitzconquista.com.br\/wp-content\/uploads\/2018\/05\/gill-orando-111x83.jpg 111w, https:\/\/blitzconquista.com.br\/wp-content\/uploads\/2018\/05\/gill-orando-215x161.jpg 215w, https:\/\/blitzconquista.com.br\/wp-content\/uploads\/2018\/05\/gill-orando.jpg 720w\" sizes=\"(max-width: 525px) 100vw, 525px\" \/><\/p>\n<p><strong> \u00a0 \u00a0 Sobre novo programa na Radio Brasil Fm<\/strong><\/p>\n<p>Estaremos fazendo um novo programa em outro hor\u00e1rio , (Programa Voz da Assembleia de Deus, todas as Ter\u00e7as, \u00e0s 17:00 horas).<\/p>\n<p><img decoding=\"async\" loading=\"lazy\" class=\" wp-image-71048 aligncenter\" src=\"http:\/\/blitzconquista.com.br\/wp-content\/uploads\/2018\/05\/giiiii-300x300.jpg\" alt=\"\" width=\"394\" height=\"394\" srcset=\"https:\/\/blitzconquista.com.br\/wp-content\/uploads\/2018\/05\/giiiii-300x300.jpg 300w, https:\/\/blitzconquista.com.br\/wp-content\/uploads\/2018\/05\/giiiii-150x150.jpg 150w, https:\/\/blitzconquista.com.br\/wp-content\/uploads\/2018\/05\/giiiii-65x65.jpg 65w, https:\/\/blitzconquista.com.br\/wp-content\/uploads\/2018\/05\/giiiii.jpg 384w\" sizes=\"(max-width: 394px) 100vw, 394px\" \/><\/p>\n<p>O Portal Conquista Gospel, parabeniza a cantora e mission\u00e1ria Gil , pela historia , momentos bons e aben\u00e7oadores que proporcionou aos ouvintes.<\/p>\n","protected":false},"excerpt":{"rendered":"<p>Em contato com o Portal Conquista Gospel,\u00a0 a cantora e mission\u00e1ria Gil, fala sobre sua trajet\u00f3ria no r\u00e1dio\u00a0 e em especial programa (Sert\u00e3o Brasil). \u00a0 \u00a0 \u00a0 Quando e como surgiu o Sert\u00e3o Brasil ? No m\u00eas de junho de 2005 eu fui convidada pelo meu amigo \u00e9 Eben\u00e9zer Fagundes para fazer o sert\u00e3o Brasil [&hellip;]<\/p>\n","protected":false},"author":1,"featured_media":71044,"comment_status":"closed","ping_status":"closed","sticky":false,"template":"","format":"standard","meta":[],"categories":[410],"tags":[],"_links":{"self":[{"href":"https:\/\/blitzconquista.com.br\/index.php?rest_route=\/wp\/v2\/posts\/71042"}],"collection":[{"href":"https:\/\/blitzconquista.com.br\/index.php?rest_route=\/wp\/v2\/posts"}],"about":[{"href":"https:\/\/blitzconquista.com.br\/index.php?rest_route=\/wp\/v2\/types\/post"}],"author":[{"embeddable":true,"href":"https:\/\/blitzconquista.com.br\/index.php?rest_route=\/wp\/v2\/users\/1"}],"replies":[{"embeddable":true,"href":"https:\/\/blitzconquista.com.br\/index.php?rest_route=%2Fwp%2Fv2%2Fcomments&post=71042"}],"version-history":[{"count":1,"href":"https:\/\/blitzconquista.com.br\/index.php?rest_route=\/wp\/v2\/posts\/71042\/revisions"}],"predecessor-version":[{"id":71049,"href":"https:\/\/blitzconquista.com.br\/index.php?rest_route=\/wp\/v2\/posts\/71042\/revisions\/71049"}],"wp:featuredmedia":[{"embeddable":true,"href":"https:\/\/blitzconquista.com.br\/index.php?rest_route=\/wp\/v2\/media\/71044"}],"wp:attachment":[{"href":"https:\/\/blitzconquista.com.br\/index.php?rest_route=%2Fwp%2Fv2%2Fmedia&parent=71042"}],"wp:term":[{"taxonomy":"category","embeddable":true,"href":"https:\/\/blitzconquista.com.br\/index.php?rest_route=%2Fwp%2Fv2%2Fcategories&post=71042"},{"taxonomy":"post_tag","embeddable":true,"href":"https:\/\/blitzconquista.com.br\/index.php?rest_route=%2Fwp%2Fv2%2Ftags&post=71042"}],"curies":[{"name":"wp","href":"https:\/\/api.w.org\/{rel}","templated":true}]}}