{"id":72925,"date":"2018-07-07T15:10:07","date_gmt":"2018-07-07T18:10:07","guid":{"rendered":"http:\/\/blitzconquista.com.br\/?p=72925"},"modified":"2018-07-07T15:12:03","modified_gmt":"2018-07-07T18:12:03","slug":"morre-aos-97-o-cantor-gospel-feliciano-amaral","status":"publish","type":"post","link":"https:\/\/blitzconquista.com.br\/?p=72925","title":{"rendered":"Morre aos 97 o cantor gospel Feliciano Amaral"},"content":{"rendered":"<p>Morreu na manh\u00e3 deste s\u00e1bado (07), o cantor gospel e pastor Batista,<strong>\u00a0Feliciano Amaral<\/strong>\u00a0(97). Feliciano estava internado desde meados do m\u00eas de Maio, quando foi diagnosticado com um caso grave de pneumonia.<\/p>\n<p>Ainda no in\u00edcio de Julho, a fam\u00edlia do pastor anunciou que ele havia sido diagnosticado com infec\u00e7\u00e3o generalizada.<\/p>\n<p><iframe loading=\"lazy\" width=\"1320\" height=\"990\" src=\"https:\/\/www.youtube.com\/embed\/l40ZY78oE6o?feature=oembed\" frameborder=\"0\" allow=\"autoplay; encrypted-media\" allowfullscreen><\/iframe><\/p>\n<p>Feliciano Amaral nasceu em 1920 e inciou seu minist\u00e9rio em 1945. Seu primeiro disco foi lan\u00e7ado em 1948 e \u00e9 um dos primeiros registros da m\u00fasica evang\u00e9lica do Pa\u00eds. Ele ainda aparece no Guiness Book como o cantor que esteve em atividade h\u00e1 mais tempo no mundo.<\/p>\n<p><strong>O an\u00fancio foi publicado em sua conta do Facebook:<\/strong><\/p>\n<p><em>\u00c0s 6:30 de hoje, aos 97 anos, foi promovido \u00e0 gl\u00f3ria o cantor e pastor Feliciano Amaral. Come\u00e7ou as atividades como cantor evang\u00e9lico em 1948, com a grava\u00e7\u00e3o do 1\u00ba disco de 78 rpm do cat\u00e1logo da gravadora Atlas, ligada \u00e0 Conven\u00e7\u00e3o Batista Brasileira. Este \u00e9 um dos primeiros registros sonoros de m\u00fasica evang\u00e9lica do Pa\u00eds. O cantor Feliciano Amaral, conhecido como \u201cROUXINOL DO SERT\u00c3O\u201d, ap\u00f3s 70 anos de minist\u00e9rio no louvor e adora\u00e7\u00e3o, silencia sua melodiosa voz aqui na terra, e entra no repouso dos santos, onde a eternidade o aguarda para o compor o coral dos santos imortais que pelos s\u00e9culos dos s\u00e9culos entoar\u00e3o os c\u00e2nticos de Si\u00e3o. Seus olhos se fecham aqui, mas os louvores que alimentaram os famintos de alma, consolaram os abatidos e edificaram a f\u00e9 inabal\u00e1vel firmada na Palavra de Deus, perpetuam o legado e hist\u00f3ria deste sacerdote do louvor.\u00a0<\/em><br \/>\n<em>Deus console os familiares queridos e \u00e0 todos os amigos e irm\u00e3os !<\/em><\/p>\n<p><em>Pela Assembleia de Deus Tradicional no Amazonas\/CEADTAM<\/em><\/p>\n<p><em>Pr. Gede\u00e3o Menezes<\/em><\/p>\n<p>O Portal Conquista Gospel , lamenta profundamente.<\/p>\n","protected":false},"excerpt":{"rendered":"<p>Morreu na manh\u00e3 deste s\u00e1bado (07), o cantor gospel e pastor Batista,\u00a0Feliciano Amaral\u00a0(97). Feliciano estava internado desde meados do m\u00eas de Maio, quando foi diagnosticado com um caso grave de pneumonia. Ainda no in\u00edcio de Julho, a fam\u00edlia do pastor anunciou que ele havia sido diagnosticado com infec\u00e7\u00e3o generalizada. Feliciano Amaral nasceu em 1920 e [&hellip;]<\/p>\n","protected":false},"author":1,"featured_media":72927,"comment_status":"closed","ping_status":"closed","sticky":false,"template":"","format":"standard","meta":[],"categories":[410],"tags":[],"_links":{"self":[{"href":"https:\/\/blitzconquista.com.br\/index.php?rest_route=\/wp\/v2\/posts\/72925"}],"collection":[{"href":"https:\/\/blitzconquista.com.br\/index.php?rest_route=\/wp\/v2\/posts"}],"about":[{"href":"https:\/\/blitzconquista.com.br\/index.php?rest_route=\/wp\/v2\/types\/post"}],"author":[{"embeddable":true,"href":"https:\/\/blitzconquista.com.br\/index.php?rest_route=\/wp\/v2\/users\/1"}],"replies":[{"embeddable":true,"href":"https:\/\/blitzconquista.com.br\/index.php?rest_route=%2Fwp%2Fv2%2Fcomments&post=72925"}],"version-history":[{"count":2,"href":"https:\/\/blitzconquista.com.br\/index.php?rest_route=\/wp\/v2\/posts\/72925\/revisions"}],"predecessor-version":[{"id":72929,"href":"https:\/\/blitzconquista.com.br\/index.php?rest_route=\/wp\/v2\/posts\/72925\/revisions\/72929"}],"wp:featuredmedia":[{"embeddable":true,"href":"https:\/\/blitzconquista.com.br\/index.php?rest_route=\/wp\/v2\/media\/72927"}],"wp:attachment":[{"href":"https:\/\/blitzconquista.com.br\/index.php?rest_route=%2Fwp%2Fv2%2Fmedia&parent=72925"}],"wp:term":[{"taxonomy":"category","embeddable":true,"href":"https:\/\/blitzconquista.com.br\/index.php?rest_route=%2Fwp%2Fv2%2Fcategories&post=72925"},{"taxonomy":"post_tag","embeddable":true,"href":"https:\/\/blitzconquista.com.br\/index.php?rest_route=%2Fwp%2Fv2%2Ftags&post=72925"}],"curies":[{"name":"wp","href":"https:\/\/api.w.org\/{rel}","templated":true}]}}