{"id":72956,"date":"2018-07-08T12:54:55","date_gmt":"2018-07-08T15:54:55","guid":{"rendered":"http:\/\/blitzconquista.com.br\/?p=72956"},"modified":"2018-07-08T12:57:00","modified_gmt":"2018-07-08T15:57:00","slug":"desembargador-do-trf-4-manda-soltar-lula-da-prisao-ainda-neste-domingo","status":"publish","type":"post","link":"https:\/\/blitzconquista.com.br\/?p=72956","title":{"rendered":"Desembargador do TRF-4 manda soltar Lula da pris\u00e3o ainda neste domingo"},"content":{"rendered":"<p>Desembargador diz que a defesa apresentou fatos novos, como o de que Lula \u00e9 pr\u00e9-candidato \u00e0 Presid\u00eancia da Rep\u00fablica.<\/p>\n<p>O Tribunal Regional Federal da 4\u00aa Regi\u00e3o deferiu uma liminar para que o ex-presidente Luiz In\u00e1cio Lula da Silva\u00a0seja solto ainda neste domingo (7).<\/p>\n<p><img decoding=\"async\" loading=\"lazy\" class=\"aligncenter size-full wp-image-72957\" src=\"http:\/\/blitzconquista.com.br\/wp-content\/uploads\/2018\/07\/2017-04-24t234400z_469683198_rc154b8ea260_rtrmadp_3_brazil-politics-lula.jpg\" alt=\"\" width=\"3097\" height=\"2065\" srcset=\"https:\/\/blitzconquista.com.br\/wp-content\/uploads\/2018\/07\/2017-04-24t234400z_469683198_rc154b8ea260_rtrmadp_3_brazil-politics-lula.jpg 3097w, https:\/\/blitzconquista.com.br\/wp-content\/uploads\/2018\/07\/2017-04-24t234400z_469683198_rc154b8ea260_rtrmadp_3_brazil-politics-lula-300x200.jpg 300w, https:\/\/blitzconquista.com.br\/wp-content\/uploads\/2018\/07\/2017-04-24t234400z_469683198_rc154b8ea260_rtrmadp_3_brazil-politics-lula-768x512.jpg 768w, https:\/\/blitzconquista.com.br\/wp-content\/uploads\/2018\/07\/2017-04-24t234400z_469683198_rc154b8ea260_rtrmadp_3_brazil-politics-lula-695x463.jpg 695w, https:\/\/blitzconquista.com.br\/wp-content\/uploads\/2018\/07\/2017-04-24t234400z_469683198_rc154b8ea260_rtrmadp_3_brazil-politics-lula-414x276.jpg 414w, https:\/\/blitzconquista.com.br\/wp-content\/uploads\/2018\/07\/2017-04-24t234400z_469683198_rc154b8ea260_rtrmadp_3_brazil-politics-lula-470x313.jpg 470w, https:\/\/blitzconquista.com.br\/wp-content\/uploads\/2018\/07\/2017-04-24t234400z_469683198_rc154b8ea260_rtrmadp_3_brazil-politics-lula-640x426.jpg 640w, https:\/\/blitzconquista.com.br\/wp-content\/uploads\/2018\/07\/2017-04-24t234400z_469683198_rc154b8ea260_rtrmadp_3_brazil-politics-lula-130x86.jpg 130w, https:\/\/blitzconquista.com.br\/wp-content\/uploads\/2018\/07\/2017-04-24t234400z_469683198_rc154b8ea260_rtrmadp_3_brazil-politics-lula-187x124.jpg 187w, https:\/\/blitzconquista.com.br\/wp-content\/uploads\/2018\/07\/2017-04-24t234400z_469683198_rc154b8ea260_rtrmadp_3_brazil-politics-lula-990x660.jpg 990w, https:\/\/blitzconquista.com.br\/wp-content\/uploads\/2018\/07\/2017-04-24t234400z_469683198_rc154b8ea260_rtrmadp_3_brazil-politics-lula-1320x880.jpg 1320w\" sizes=\"(max-width: 3097px) 100vw, 3097px\" \/><\/p>\n<p>O desembargador Rog\u00e9rio Favreto acatou habeas corpus apresentado na sexta (6) pelos deputados Wadih Damous, Paulo Pimenta e Paulo Teixeira, do PT, pedindo que ele fosse libertado imediatamente, pois n\u00e3o haveria fundamento jur\u00eddico para a pris\u00e3o dele.<\/p>\n<p>O plant\u00e3o do\u00a0TRF-4\u00a0confirma a informa\u00e7\u00e3o.<\/p>\n<p>Segundo o plantonista Lu\u00eds Felipe Santos, os parlamentares est\u00e3o agora na sede da Pol\u00edcia Federal tentando fazer com que a ordem seja cumprida.<\/p>\n<p>O mais prov\u00e1vel \u00e9\u00a0que o Minist\u00e9rio P\u00fablico Federal recorra da decis\u00e3o de Favreto, pedindo\u00a0 que o tribunal reveja a decis\u00e3o.<\/p>\n<p>Em seu despacho, o desembargador afirmou que v\u00e1rias medidas pedidas pela defesa de Lula foram <em>&#8220;indeferidas sem a adequada fundamenta\u00e7\u00e3o ou sequer an\u00e1lise dos pedidos, bem como constante constrangimento e viola\u00e7\u00e3o de direitos&#8221;<\/em>.<\/p>\n<p>Ele afirma\u00a0que <em>&#8220;o direito de aprecia\u00e7\u00e3o e eventual abuso em medida de restri\u00e7\u00e3o de liberdade imp\u00f5e an\u00e1lise em qualquer momento&#8221;.<\/em><\/p>\n<p>O magistrado diz ainda que a defesa apresentou fatos novos, como o de que Lula \u00e9 pr\u00e9-candidato \u00e0 Presid\u00eancia da Rep\u00fablica.<\/p>\n<p><em>&#8220;Tenho que o processo democr\u00e1tico das elei\u00e7\u00f5es deve\u00a0oportunizar\u00a0condi\u00e7\u00f5es de igualdade\u00a0de participa\u00e7\u00e3o\u00a0em todas as suas fases com objetivo de\u00a0prestigiar\u00a0a plena express\u00e3o de ideias e projetos a serem debatidos com a sociedade.&#8221;<\/em><\/p>\n<p>Segue o desembargador: &#8220;Sendo assim, percebe-se que o impedimento do exerc\u00edcio regular dos direitos do pr\u00e9-candidato, ora paciente, tem gerado grave falta na isonomia do pr\u00f3prio processo pol\u00edtico em curso, o que, com certeza, caso n\u00e3o restabelecida a equidade, poder\u00e1 contaminar todo o exerc\u00edcio cidad\u00e3o da democracia e aprofundar a crise de legitimidade, j\u00e1 evidente, das institui\u00e7\u00f5es democr\u00e1ticas&#8221;.<\/p>\n<p>Ele acolhe ainda os argumentos da defesa de que n\u00e3o houve fundamenta\u00e7\u00e3o para a pris\u00e3o.<\/p>\n<p><em>&#8220;Al\u00e9m da aus\u00eancia de fundamenta\u00e7\u00e3o [para a pris\u00e3o], sequer a mesma poderia ser determinada naquele est\u00e1gio processual [condena\u00e7\u00e3o pelo\u00a0TRF-4], visto que ainda pendia julgamento de recurso de embargos de declara\u00e7\u00e3o\u00a0relativo\u00a0a ac\u00f3rd\u00e3o condenat\u00f3rio, ou seja, sem esgotar a jurisdi\u00e7\u00e3o da inst\u00e2ncia revisora.&#8221;<\/em><\/p>\n<p>Favreto\u00a0diz que sua\u00a0decis\u00e3o n\u00e3o afronta o STF\u00a0(Supremo Tribunal Federal), que negou habeas\u00a0corpus\u00a0de Lula para evitar a pris\u00e3o, j\u00e1 que a defesa trouxe novos argumentos, que n\u00e3o foram objeto de discuss\u00e3o pelos ministros da corte superior.<\/p>\n<p>Ele afirma\u00a0que Lula tem sofrido &#8220;constantes viola\u00e7\u00f5es de direitos constitucionais&#8221; pelo indeferimento, pela Justi\u00e7a, de <em>&#8220;diversos pedidos de visitas familiares, profissionais, institucionais e at\u00e9 espirituais&#8221;, al\u00e9m de &#8220;negativas de vistoria das condi\u00e7\u00f5es do\u00a0c\u00e1rcere&#8221;<\/em>.<\/p>\n<p>*Fonte:\u00a0<a href=\"https:\/\/www1.folha.uol.com.br\/colunas\/monicabergamo\/\">M\u00f4nica Bergamo \/ Uol<\/a><\/p>\n","protected":false},"excerpt":{"rendered":"<p>Desembargador diz que a defesa apresentou fatos novos, como o de que Lula \u00e9 pr\u00e9-candidato \u00e0 Presid\u00eancia da Rep\u00fablica. O Tribunal Regional Federal da 4\u00aa Regi\u00e3o deferiu uma liminar para que o ex-presidente Luiz In\u00e1cio Lula da Silva\u00a0seja solto ainda neste domingo (7). O desembargador Rog\u00e9rio Favreto acatou habeas corpus apresentado na sexta (6) pelos [&hellip;]<\/p>\n","protected":false},"author":1,"featured_media":70177,"comment_status":"closed","ping_status":"closed","sticky":false,"template":"","format":"standard","meta":[],"categories":[478,212],"tags":[],"_links":{"self":[{"href":"https:\/\/blitzconquista.com.br\/index.php?rest_route=\/wp\/v2\/posts\/72956"}],"collection":[{"href":"https:\/\/blitzconquista.com.br\/index.php?rest_route=\/wp\/v2\/posts"}],"about":[{"href":"https:\/\/blitzconquista.com.br\/index.php?rest_route=\/wp\/v2\/types\/post"}],"author":[{"embeddable":true,"href":"https:\/\/blitzconquista.com.br\/index.php?rest_route=\/wp\/v2\/users\/1"}],"replies":[{"embeddable":true,"href":"https:\/\/blitzconquista.com.br\/index.php?rest_route=%2Fwp%2Fv2%2Fcomments&post=72956"}],"version-history":[{"count":3,"href":"https:\/\/blitzconquista.com.br\/index.php?rest_route=\/wp\/v2\/posts\/72956\/revisions"}],"predecessor-version":[{"id":72960,"href":"https:\/\/blitzconquista.com.br\/index.php?rest_route=\/wp\/v2\/posts\/72956\/revisions\/72960"}],"wp:featuredmedia":[{"embeddable":true,"href":"https:\/\/blitzconquista.com.br\/index.php?rest_route=\/wp\/v2\/media\/70177"}],"wp:attachment":[{"href":"https:\/\/blitzconquista.com.br\/index.php?rest_route=%2Fwp%2Fv2%2Fmedia&parent=72956"}],"wp:term":[{"taxonomy":"category","embeddable":true,"href":"https:\/\/blitzconquista.com.br\/index.php?rest_route=%2Fwp%2Fv2%2Fcategories&post=72956"},{"taxonomy":"post_tag","embeddable":true,"href":"https:\/\/blitzconquista.com.br\/index.php?rest_route=%2Fwp%2Fv2%2Ftags&post=72956"}],"curies":[{"name":"wp","href":"https:\/\/api.w.org\/{rel}","templated":true}]}}