{"id":72967,"date":"2018-07-08T14:35:11","date_gmt":"2018-07-08T17:35:11","guid":{"rendered":"http:\/\/blitzconquista.com.br\/?p=72967"},"modified":"2018-07-08T14:36:33","modified_gmt":"2018-07-08T17:36:33","slug":"vara-da-justica-pela-paz-em-casa-promove-acoes-de-acolhimento","status":"publish","type":"post","link":"https:\/\/blitzconquista.com.br\/?p=72967","title":{"rendered":"Vara da Justi\u00e7a pela paz em casa promove a\u00e7\u00f5es de acolhimento, em Conquista"},"content":{"rendered":"<p><img decoding=\"async\" loading=\"lazy\" class=\"aligncenter size-full wp-image-72968\" src=\"http:\/\/blitzconquista.com.br\/wp-content\/uploads\/2018\/07\/vitoria-da-conquista-vara-da-justica-pela-paz-em-casa-06072018.jpg\" alt=\"\" width=\"725\" height=\"483\" srcset=\"https:\/\/blitzconquista.com.br\/wp-content\/uploads\/2018\/07\/vitoria-da-conquista-vara-da-justica-pela-paz-em-casa-06072018.jpg 725w, https:\/\/blitzconquista.com.br\/wp-content\/uploads\/2018\/07\/vitoria-da-conquista-vara-da-justica-pela-paz-em-casa-06072018-300x200.jpg 300w, https:\/\/blitzconquista.com.br\/wp-content\/uploads\/2018\/07\/vitoria-da-conquista-vara-da-justica-pela-paz-em-casa-06072018-695x463.jpg 695w, https:\/\/blitzconquista.com.br\/wp-content\/uploads\/2018\/07\/vitoria-da-conquista-vara-da-justica-pela-paz-em-casa-06072018-414x276.jpg 414w, https:\/\/blitzconquista.com.br\/wp-content\/uploads\/2018\/07\/vitoria-da-conquista-vara-da-justica-pela-paz-em-casa-06072018-470x313.jpg 470w, https:\/\/blitzconquista.com.br\/wp-content\/uploads\/2018\/07\/vitoria-da-conquista-vara-da-justica-pela-paz-em-casa-06072018-640x426.jpg 640w, https:\/\/blitzconquista.com.br\/wp-content\/uploads\/2018\/07\/vitoria-da-conquista-vara-da-justica-pela-paz-em-casa-06072018-130x86.jpg 130w, https:\/\/blitzconquista.com.br\/wp-content\/uploads\/2018\/07\/vitoria-da-conquista-vara-da-justica-pela-paz-em-casa-06072018-187x124.jpg 187w\" sizes=\"(max-width: 725px) 100vw, 725px\" \/>A Vara da Justi\u00e7a pela Paz em Casa da Comarca de Vit\u00f3ria da Conquista, em parceria com o N\u00facleo de Psicologia da Universidade Estadual do Sul da Bahia (Uesb), implantou o projeto-piloto que objetiva o acolhimento e reflex\u00e3o de homens que respondem a procedimento de medida protetiva junto \u00e0 unidade judici\u00e1ria.<\/p>\n<p>O Projeto de Acolhimento Especializado, presidido pela Ju\u00edza Julianne Nogueira, foi criado dada a necessidade de trabalhar, com autores, a tem\u00e1tica da viol\u00eancia de g\u00eanero, sobretudo no ambiente dom\u00e9stico.<\/p>\n<div id=\"mep_0\" class=\"mejs-container mejs-container-keyboard-inactive wp-audio-shortcode mejs-audio\" tabindex=\"0\" role=\"application\" aria-label=\"Tocador de \u00e1udio\">\n<div class=\"mejs-inner\"><\/div>\n<\/div>\n<p>Como primeira etapa do projeto, a Vara selecionou e convidou 80 homens para uma sensibiliza\u00e7\u00e3o, ocorrida quinta-feira (28). Na oportunidade, foi explanado aos 60 participantes o objetivo do programa, que tem como premissa a voluntariedade.<\/p>\n<p>Ap\u00f3s esse momento, os interessados em aderir ao projeto ser\u00e3o encaminhados para integrar grupos atendidos e acompanhados pelo N\u00facleo de Psicologia da Uesb (Nupis), durante dois meses e meio, com encontros semanais. Ao final desse per\u00edodo, a equipe de psicologia encaminhar\u00e1 um relat\u00f3rio \u00e0 Vara para avaliar os resultados do trabalho.<\/p>\n<p>Al\u00e9m da Magistrada da Vara, a Ju\u00edza Julianne Nogueira, o evento contou com a participa\u00e7\u00e3o do Delegado de Pol\u00edcia Luiz Henrique; da Psic\u00f3loga que atua na Vara, Verbenia Leite; da Presidente do Conselho de Mulheres, Arlene Soares; e da Advogada Jade Ferraz.<\/p>\n<p><strong>Parceria CNJ e CFP<\/strong>\u00a0\u2013 Na \u00faltima quarta-feira (4), a Presidente do Supremo Tribunal Federal (STF) e do Conselho Nacional de Justi\u00e7a (CNJ), Ministra C\u00e1rmen L\u00facia, e o Presidente do Conselho Federal de Psicologia (CFP), Rog\u00e9rio Giannini, assinaram um protocolo de inten\u00e7\u00f5es para dar assist\u00eancia psicol\u00f3gica \u00e0s mulheres em situa\u00e7\u00e3o de viol\u00eancia dom\u00e9stica e familiar, assim como de seus dependentes.<\/p>\n<p>A promo\u00e7\u00e3o de parcerias para viabilizar atendimento integral e multidisciplinar \u00e0s v\u00edtimas de viol\u00eancia dom\u00e9stica est\u00e1 prevista pela Portaria n\u00ba 15\/2017, referente \u00e0 Pol\u00edtica Judici\u00e1ria Nacional de Enfrentamento \u00e0 Viol\u00eancia contra as Mulheres e pela Lei n\u00ba 11.340\/2006 (Lei Maria da Penha) que, dentre outras medidas, prev\u00ea a possibilidade de o juiz determinar indica\u00e7\u00e3o de atendimento profissional especializado.<\/p>\n<p><img decoding=\"async\" loading=\"lazy\" class=\"alignleft size-full wp-image-33132\" src=\"http:\/\/www5.tjba.jus.br\/portal\/wp-content\/uploads\/2018\/07\/CNJ-Enfrentamento-a-violencia-contra-mulher1.jpg\" sizes=\"(max-width: 800px) 100vw, 800px\" srcset=\"http:\/\/www5.tjba.jus.br\/portal\/wp-content\/uploads\/2018\/07\/CNJ-Enfrentamento-a-violencia-contra-mulher1.jpg 800w, http:\/\/www5.tjba.jus.br\/portal\/wp-content\/uploads\/2018\/07\/CNJ-Enfrentamento-a-violencia-contra-mulher1-300x235.jpg 300w, http:\/\/www5.tjba.jus.br\/portal\/wp-content\/uploads\/2018\/07\/CNJ-Enfrentamento-a-violencia-contra-mulher1-768x601.jpg 768w, http:\/\/www5.tjba.jus.br\/portal\/wp-content\/uploads\/2018\/07\/CNJ-Enfrentamento-a-violencia-contra-mulher1-330x258.jpg 330w\" alt=\"\" width=\"800\" height=\"626\" \/><\/p>\n<p>Fonte: <a href=\"http:\/\/www5.tjba.jus.br\/portal\/vitoria-da-conquista-vara-da-justica-pela-paz-em-casa-promove-acoes-de-acolhimento\/\">TJBA<\/a><\/p>\n","protected":false},"excerpt":{"rendered":"<p>A Vara da Justi\u00e7a pela Paz em Casa da Comarca de Vit\u00f3ria da Conquista, em parceria com o N\u00facleo de Psicologia da Universidade Estadual do Sul da Bahia (Uesb), implantou o projeto-piloto que objetiva o acolhimento e reflex\u00e3o de homens que respondem a procedimento de medida protetiva junto \u00e0 unidade judici\u00e1ria. O Projeto de Acolhimento [&hellip;]<\/p>\n","protected":false},"author":1,"featured_media":72968,"comment_status":"closed","ping_status":"closed","sticky":false,"template":"","format":"standard","meta":[],"categories":[4,212],"tags":[],"_links":{"self":[{"href":"https:\/\/blitzconquista.com.br\/index.php?rest_route=\/wp\/v2\/posts\/72967"}],"collection":[{"href":"https:\/\/blitzconquista.com.br\/index.php?rest_route=\/wp\/v2\/posts"}],"about":[{"href":"https:\/\/blitzconquista.com.br\/index.php?rest_route=\/wp\/v2\/types\/post"}],"author":[{"embeddable":true,"href":"https:\/\/blitzconquista.com.br\/index.php?rest_route=\/wp\/v2\/users\/1"}],"replies":[{"embeddable":true,"href":"https:\/\/blitzconquista.com.br\/index.php?rest_route=%2Fwp%2Fv2%2Fcomments&post=72967"}],"version-history":[{"count":3,"href":"https:\/\/blitzconquista.com.br\/index.php?rest_route=\/wp\/v2\/posts\/72967\/revisions"}],"predecessor-version":[{"id":72971,"href":"https:\/\/blitzconquista.com.br\/index.php?rest_route=\/wp\/v2\/posts\/72967\/revisions\/72971"}],"wp:featuredmedia":[{"embeddable":true,"href":"https:\/\/blitzconquista.com.br\/index.php?rest_route=\/wp\/v2\/media\/72968"}],"wp:attachment":[{"href":"https:\/\/blitzconquista.com.br\/index.php?rest_route=%2Fwp%2Fv2%2Fmedia&parent=72967"}],"wp:term":[{"taxonomy":"category","embeddable":true,"href":"https:\/\/blitzconquista.com.br\/index.php?rest_route=%2Fwp%2Fv2%2Fcategories&post=72967"},{"taxonomy":"post_tag","embeddable":true,"href":"https:\/\/blitzconquista.com.br\/index.php?rest_route=%2Fwp%2Fv2%2Ftags&post=72967"}],"curies":[{"name":"wp","href":"https:\/\/api.w.org\/{rel}","templated":true}]}}