{"id":73037,"date":"2018-07-10T14:29:43","date_gmt":"2018-07-10T17:29:43","guid":{"rendered":"http:\/\/blitzconquista.com.br\/?p=73037"},"modified":"2018-07-10T14:29:43","modified_gmt":"2018-07-10T17:29:43","slug":"crivella-enfrenta-pedidos-de-impeachment-por-improbidade","status":"publish","type":"post","link":"https:\/\/blitzconquista.com.br\/?p=73037","title":{"rendered":"Crivella enfrenta pedidos de impeachment por improbidade"},"content":{"rendered":"<p>Dois pedidos de\u00a0<em>impeachment\u00a0<\/em>do prefeito do Rio, Marcelo Crivella, foram protocolados nessa segunda (9) na C\u00e2mara Municipal. O primeiro foi do vereador \u00c1tila Nunes (MDB) e o outro do deputado estadual Marcelo Freixo (Psol) com o diret\u00f3rio municipal do Psol.<\/p>\n<figure id=\"attachment_73038\" aria-describedby=\"caption-attachment-73038\" style=\"width: 273px\" class=\"wp-caption aligncenter\"><img decoding=\"async\" loading=\"lazy\" class=\"size-full wp-image-73038\" src=\"http:\/\/blitzconquista.com.br\/wp-content\/uploads\/2018\/07\/download.jpg\" alt=\"\" width=\"273\" height=\"185\" \/><figcaption id=\"caption-attachment-73038\" class=\"wp-caption-text\">Imagem da internet<\/figcaption><\/figure>\n<p>Ambos citam improbidade administrativa de Crivella, por ter\u00a0utilizado o Pal\u00e1cio da Cidade como local para uma reuni\u00e3o com lideran\u00e7as evang\u00e9licas, no \u00faltimo dia 4, com promessas de vantagens. O mesmo motivo suscitou, tamb\u00e9m\u00a0hoje, pedido de investiga\u00e7\u00e3o pelo Minist\u00e9rio P\u00fablico (MP), feito por vereadores de oposi\u00e7\u00e3o.<\/p>\n<p>Para que os pedidos de\u00a0<em>impeachment\u00a0<\/em>sejam apreciados, \u00e9 preciso que a C\u00e2mara interrompa o seu recesso, que vai at\u00e9 o pr\u00f3ximo dia 31. Um grupo de vereadores se reuniu\u00a0hoje\u00a0e est\u00e1 colhendo o m\u00ednimo de 17 assinaturas para pedir ao presidente da Casa, vereador Jorge Felippe (MDB), que reabra os trabalhos.<\/p>\n<p>\u201cHoje\u00a0dei entrada com pedido de\u00a0<em>impeachment\u00a0<\/em>do prefeito Crivella, pela utiliza\u00e7\u00e3o da m\u00e1quina da prefeitura para privilegiar seus segmentos mais pr\u00f3ximos. E o que \u00e9 pior, usando crit\u00e9rios religiosos. Promessas inclusive para furar filas de cirurgias. Por esses motivos, pedi que ele seja processado por improbidade administrativa e crime de responsabilidade\u201d, declarou o vereador Atila Nunes, em v\u00eddeo divulgado em sua conta no Facebook.<\/p>\n<h2>Entenda o caso<\/h2>\n<p>Na \u00faltima\u00a0quarta-feira (4), o prefeito Marcelo Crivella fez uma reuni\u00e3o fora da agenda oficial no Pal\u00e1cio da Cidade com mais de 250 pessoas. Na ocasi\u00e3o, o prefeito do Rio afirmou que pode resolver problemas dos fi\u00e9is. Crivella disse que contratou 15 mil cirurgias de catarata para serem realizadas at\u00e9 o final deste ano. O prefeito tamb\u00e9m anunciou facilidades para cirurgias de varizes e vasectomia, e chegou a indicar dois de seus assessores para resolver estes problemas.<\/p>\n<p>Marcelo Crivella tamb\u00e9m se disp\u00f4s a desenrolar problemas com pagamentos de IPTU atrasados de igrejas evang\u00e9licas. \u201cN\u00f3s temos de aproveitar que Deus nos deu a oportunidade de estar na prefeitura para fazer esses processos andarem\u201d, disse Crivella na ocasi\u00e3o.<\/p>\n<p>Toda a reuni\u00e3o foi gravada por dois rep\u00f3rteres do jornal O Globo, que participaram do encontro sem se identificar.<\/p>\n<h2>Minist\u00e9rio P\u00fablico<\/h2>\n<p>Um grupo de vereadores de oposi\u00e7\u00e3o esteve hoje (9) no Minist\u00e9rio P\u00fablico para pedir que o \u00f3rg\u00e3o abra investiga\u00e7\u00e3o contra Crivella, por uso indevido do Pal\u00e1cio da Cidade. Os parlamentares pediram ao procurador-geral de Justi\u00e7a, Eduardo Gussem, que Crivella seja investigado por improbidade administrativa, por\u00a0ter\u00a0promovido uma reuni\u00e3o fechada com membros de igrejas evang\u00e9licas do Rio.<\/p>\n<p>\u201cEncaminharemos a representa\u00e7\u00e3o para as estruturas internas correspondentes para que adotem as devidas provid\u00eancias, principalmente no que diz respeito \u00e0 viola\u00e7\u00e3o da laicidade, pois o estado \u00e9 laico e todos os cidad\u00e3os devem ser tratados em igualdade de condi\u00e7\u00f5es. Tamb\u00e9m ser\u00e1 apurada a poss\u00edvel pr\u00e1tica de algum crime\u201d, afirmou Eduardo Gussem ap\u00f3s a reuni\u00e3o com os vereadores.<\/p>\n<p>O procurador-geral de Justi\u00e7a reafirmou que o Minist\u00e9rio P\u00fablico fluminense n\u00e3o faz qualquer distin\u00e7\u00e3o entre religi\u00f5es. Para Gussem, o que n\u00e3o pode acontecer \u00e9 a administra\u00e7\u00e3o p\u00fablica privilegiar determinado grupo religioso.<\/p>\n<h2>Resposta da prefeitura<\/h2>\n<p>Em nota, a prefeitura do Rio afirmou que a reuni\u00e3o, ocorrida no \u00faltimo dia 4, entre Crivella e os evang\u00e9licos, teve como objetivo prestar contas e divulgar servi\u00e7os, como mutir\u00e3o de cirurgias de catarata e varizes, e que n\u00e3o h\u00e1 qualquer irregularidade na a\u00e7\u00e3o do prefeito em indicar uma assessora para orientar a popula\u00e7\u00e3o.<\/p>\n<p>Sobre os pedidos de\u00a0<em>impeachment<\/em>, a assessoria da prefeitura foi procurada, mas disse que n\u00e3o havia posi\u00e7\u00e3o sobre o assunto.<\/p>\n<p>*EBC<\/p>\n","protected":false},"excerpt":{"rendered":"<p>Dois pedidos de\u00a0impeachment\u00a0do prefeito do Rio, Marcelo Crivella, foram protocolados nessa segunda (9) na C\u00e2mara Municipal. O primeiro foi do vereador \u00c1tila Nunes (MDB) e o outro do deputado estadual Marcelo Freixo (Psol) com o diret\u00f3rio municipal do Psol. Ambos citam improbidade administrativa de Crivella, por ter\u00a0utilizado o Pal\u00e1cio da Cidade como local para uma [&hellip;]<\/p>\n","protected":false},"author":1,"featured_media":73038,"comment_status":"closed","ping_status":"closed","sticky":false,"template":"","format":"standard","meta":[],"categories":[478],"tags":[],"_links":{"self":[{"href":"https:\/\/blitzconquista.com.br\/index.php?rest_route=\/wp\/v2\/posts\/73037"}],"collection":[{"href":"https:\/\/blitzconquista.com.br\/index.php?rest_route=\/wp\/v2\/posts"}],"about":[{"href":"https:\/\/blitzconquista.com.br\/index.php?rest_route=\/wp\/v2\/types\/post"}],"author":[{"embeddable":true,"href":"https:\/\/blitzconquista.com.br\/index.php?rest_route=\/wp\/v2\/users\/1"}],"replies":[{"embeddable":true,"href":"https:\/\/blitzconquista.com.br\/index.php?rest_route=%2Fwp%2Fv2%2Fcomments&post=73037"}],"version-history":[{"count":1,"href":"https:\/\/blitzconquista.com.br\/index.php?rest_route=\/wp\/v2\/posts\/73037\/revisions"}],"predecessor-version":[{"id":73039,"href":"https:\/\/blitzconquista.com.br\/index.php?rest_route=\/wp\/v2\/posts\/73037\/revisions\/73039"}],"wp:featuredmedia":[{"embeddable":true,"href":"https:\/\/blitzconquista.com.br\/index.php?rest_route=\/wp\/v2\/media\/73038"}],"wp:attachment":[{"href":"https:\/\/blitzconquista.com.br\/index.php?rest_route=%2Fwp%2Fv2%2Fmedia&parent=73037"}],"wp:term":[{"taxonomy":"category","embeddable":true,"href":"https:\/\/blitzconquista.com.br\/index.php?rest_route=%2Fwp%2Fv2%2Fcategories&post=73037"},{"taxonomy":"post_tag","embeddable":true,"href":"https:\/\/blitzconquista.com.br\/index.php?rest_route=%2Fwp%2Fv2%2Ftags&post=73037"}],"curies":[{"name":"wp","href":"https:\/\/api.w.org\/{rel}","templated":true}]}}