{"id":73175,"date":"2018-07-17T07:24:43","date_gmt":"2018-07-17T10:24:43","guid":{"rendered":"http:\/\/blitzconquista.com.br\/?p=73175"},"modified":"2018-07-17T07:26:48","modified_gmt":"2018-07-17T10:26:48","slug":"pastor-tom-e-ciano-filho-selam-alianca-para-eleicao-2018","status":"publish","type":"post","link":"https:\/\/blitzconquista.com.br\/?p=73175","title":{"rendered":"Pastor Tom e Ciano Filho selam alian\u00e7a para elei\u00e7\u00e3o 2018."},"content":{"rendered":"<div class=\"entry-content\">\n<p>\u00a0<img decoding=\"async\" loading=\"lazy\" class=\" wp-image-73176 aligncenter\" src=\"http:\/\/blitzconquista.com.br\/wp-content\/uploads\/2018\/07\/ciano-300x186.jpg\" alt=\"\" width=\"419\" height=\"260\" srcset=\"https:\/\/blitzconquista.com.br\/wp-content\/uploads\/2018\/07\/ciano-300x186.jpg 300w, https:\/\/blitzconquista.com.br\/wp-content\/uploads\/2018\/07\/ciano-320x200.jpg 320w, https:\/\/blitzconquista.com.br\/wp-content\/uploads\/2018\/07\/ciano.jpg 500w\" sizes=\"(max-width: 419px) 100vw, 419px\" \/>Foi selada em culto na Igreja do Evangelho Quadrangular de Vit\u00f3ria da Conquista a alian\u00e7a pol\u00edtico-eleitoral entre o vereador de Feira de Santana e pr\u00e9-candidato a deputado estadual, Pastor Tom, e o pr\u00e9-candidato a deputado federal Ciano Filho. A alian\u00e7a foi afian\u00e7ada pelo Vice-presidente estadual e Superintendente regional\u00a0 da Igreja do Evangelho Quadrangular e reverendo Edson Vieira. A escolha de Ciano Filho e Pastor Tom \u00e9 fruto de uma decis\u00e3o da presid\u00eancia nacional e estadual da igreja.<\/p>\n<p>Ciano Filho, que \u00e9 membro da igreja, afirmou que sua pr\u00e9-candidatura ganhou mais f\u00f4lego em Vit\u00f3ria da Conquista e regi\u00e3o ap\u00f3s esta costura com o Pastor Tom. \u201cEstou feliz por ter ao meu lado algu\u00e9m com a bagagem dele, um vereador exemplar, que conhece as necessidades das pessoas e que tem um trabalho tr\u00eas vezes reconhecido pelo eleitorado de sua cidade natal\u201d, disse. Segundo Ciano Filho, o apoio da igreja s\u00f3 aumenta a sua responsabilidade. \u201cMe sinto lisonjeado e honrado, mas sobretudo feliz com este apoio\u201d.<\/p>\n<p>Em entrevista ao nosso site, o Pastor Tom discorreu sobre a alian\u00e7a com Ciano Filho e afirmou que juntos eles alcan\u00e7ar\u00e3o centenas de munic\u00edpios baianos. Parlamentar de tr\u00eas mandatos, ele teceu elogios ao novo parceiro eleitoral e demonstrou estar disposto a correr os sert\u00f5es em busca de apoios. \u201cCiano \u00e9 um jovem de futuro, trabalhador reconhecido pela sua comunidade, que constituiu uma marca pr\u00f3pria, \u00e9 ficha limpa acima de tudo, e n\u00e3o tenho d\u00favida que Vit\u00f3ria da Conquista j\u00e1 o havia abra\u00e7ado e agora muito mais com o apoio da Igreja do Evangelho Quadrangular aqui da cidade e das cidades circunvizinhas\u201d.<\/p>\n<\/div>\n<div class=\"clearfix\">*Com Informa\u00e7\u00f5es Blog Rodrigo Ferraz<\/div>\n<div>Siga nosso Instagram @portalconquistagospel<\/div>\n","protected":false},"excerpt":{"rendered":"<p>\u00a0Foi selada em culto na Igreja do Evangelho Quadrangular de Vit\u00f3ria da Conquista a alian\u00e7a pol\u00edtico-eleitoral entre o vereador de Feira de Santana e pr\u00e9-candidato a deputado estadual, Pastor Tom, e o pr\u00e9-candidato a deputado federal Ciano Filho. A alian\u00e7a foi afian\u00e7ada pelo Vice-presidente estadual e Superintendente regional\u00a0 da Igreja do Evangelho Quadrangular e reverendo [&hellip;]<\/p>\n","protected":false},"author":1,"featured_media":73176,"comment_status":"closed","ping_status":"closed","sticky":false,"template":"","format":"standard","meta":[],"categories":[410],"tags":[],"_links":{"self":[{"href":"https:\/\/blitzconquista.com.br\/index.php?rest_route=\/wp\/v2\/posts\/73175"}],"collection":[{"href":"https:\/\/blitzconquista.com.br\/index.php?rest_route=\/wp\/v2\/posts"}],"about":[{"href":"https:\/\/blitzconquista.com.br\/index.php?rest_route=\/wp\/v2\/types\/post"}],"author":[{"embeddable":true,"href":"https:\/\/blitzconquista.com.br\/index.php?rest_route=\/wp\/v2\/users\/1"}],"replies":[{"embeddable":true,"href":"https:\/\/blitzconquista.com.br\/index.php?rest_route=%2Fwp%2Fv2%2Fcomments&post=73175"}],"version-history":[{"count":3,"href":"https:\/\/blitzconquista.com.br\/index.php?rest_route=\/wp\/v2\/posts\/73175\/revisions"}],"predecessor-version":[{"id":73179,"href":"https:\/\/blitzconquista.com.br\/index.php?rest_route=\/wp\/v2\/posts\/73175\/revisions\/73179"}],"wp:featuredmedia":[{"embeddable":true,"href":"https:\/\/blitzconquista.com.br\/index.php?rest_route=\/wp\/v2\/media\/73176"}],"wp:attachment":[{"href":"https:\/\/blitzconquista.com.br\/index.php?rest_route=%2Fwp%2Fv2%2Fmedia&parent=73175"}],"wp:term":[{"taxonomy":"category","embeddable":true,"href":"https:\/\/blitzconquista.com.br\/index.php?rest_route=%2Fwp%2Fv2%2Fcategories&post=73175"},{"taxonomy":"post_tag","embeddable":true,"href":"https:\/\/blitzconquista.com.br\/index.php?rest_route=%2Fwp%2Fv2%2Ftags&post=73175"}],"curies":[{"name":"wp","href":"https:\/\/api.w.org\/{rel}","templated":true}]}}