{"id":73192,"date":"2018-07-17T08:02:53","date_gmt":"2018-07-17T11:02:53","guid":{"rendered":"http:\/\/blitzconquista.com.br\/?p=73192"},"modified":"2018-07-17T08:02:53","modified_gmt":"2018-07-17T11:02:53","slug":"ministerio-publico-denuncia-tres-pela-morte-de-vitoria-gabrielly","status":"publish","type":"post","link":"https:\/\/blitzconquista.com.br\/?p=73192","title":{"rendered":"Minist\u00e9rio P\u00fablico denuncia tr\u00eas pela morte de Vit\u00f3ria Gabrielly"},"content":{"rendered":"<p><span style=\"color: #ff0000;\"><strong>Trio \u00e9 acusado de homic\u00eddio qualificado, sequestro e oculta\u00e7\u00e3o de cad\u00e1ver<\/strong><\/span><\/p>\n<p><img decoding=\"async\" loading=\"lazy\" class=\"aligncenter size-full wp-image-73193\" src=\"http:\/\/blitzconquista.com.br\/wp-content\/uploads\/2018\/07\/vitgabr.jpg\" alt=\"\" width=\"622\" height=\"368\" srcset=\"https:\/\/blitzconquista.com.br\/wp-content\/uploads\/2018\/07\/vitgabr.jpg 622w, https:\/\/blitzconquista.com.br\/wp-content\/uploads\/2018\/07\/vitgabr-300x177.jpg 300w\" sizes=\"(max-width: 622px) 100vw, 622px\" \/><\/p>\n<p>O Minist\u00e9rio P\u00fablico\u00a0denunciou nesta segunda (16)\u00a0o trio preso pelo sequestro\u00a0e morte da estudante Vit\u00f3ria Gabrielly Guimar\u00e3es Vaz, 12, no dia 8 de junho em Ara\u00e7ariguama (a cerca de 50 km de SP).\u00a0Eles s\u00e3o acusados de homic\u00eddio qualificado, sequestro e oculta\u00e7\u00e3o de cad\u00e1ver.<\/p>\n<p>A pris\u00e3o dos tr\u00eas, que era tempor\u00e1ria, tamb\u00e9m foi convertida para preventiva.A den\u00fancia foi feita pelas 1\u00aa e 3\u00aa promotorias de Justi\u00e7a de S\u00e3o Roque (a 66 km de SP). O processo segue para a Vara Criminal da cidade, que vai analisar o pedido.<\/p>\n<p>A decis\u00e3o ocorreu ap\u00f3s a Pol\u00edcia Civil de Ara\u00e7ariguama encaminhar, no dia 6, o relat\u00f3rio final sobre a\u00a0morte da\u00a0jovem.<\/p>\n<p>Caso a Justi\u00e7a aceite a den\u00fancia, os serventes de pedreiro Julio Cesar Lima Ergesse, 24, Bruno Marcel Oliveira, 33, e a faxineira Mayara Borges de Abrantes, 24, ser\u00e3o julgados por sequestro, homic\u00eddio qualificado por motivo torpe, meio cruel, recurso que impediu a defesa da v\u00edtima e oculta\u00e7\u00e3o de cad\u00e1ver. Os tr\u00eas suspeitos negam as acusa\u00e7\u00f5es.<\/p>\n<p>*<a href=\"https:\/\/www1.folha.uol.com.br\/cotidiano\/2018\/07\/ministerio-publico-denuncia-tres-pela-morte-de-vitoria-gabrielly.shtml\">Folha<\/a><\/p>\n","protected":false},"excerpt":{"rendered":"<p>Trio \u00e9 acusado de homic\u00eddio qualificado, sequestro e oculta\u00e7\u00e3o de cad\u00e1ver O Minist\u00e9rio P\u00fablico\u00a0denunciou nesta segunda (16)\u00a0o trio preso pelo sequestro\u00a0e morte da estudante Vit\u00f3ria Gabrielly Guimar\u00e3es Vaz, 12, no dia 8 de junho em Ara\u00e7ariguama (a cerca de 50 km de SP).\u00a0Eles s\u00e3o acusados de homic\u00eddio qualificado, sequestro e oculta\u00e7\u00e3o de cad\u00e1ver. A pris\u00e3o [&hellip;]<\/p>\n","protected":false},"author":1,"featured_media":73193,"comment_status":"closed","ping_status":"closed","sticky":false,"template":"","format":"standard","meta":[],"categories":[478],"tags":[],"_links":{"self":[{"href":"https:\/\/blitzconquista.com.br\/index.php?rest_route=\/wp\/v2\/posts\/73192"}],"collection":[{"href":"https:\/\/blitzconquista.com.br\/index.php?rest_route=\/wp\/v2\/posts"}],"about":[{"href":"https:\/\/blitzconquista.com.br\/index.php?rest_route=\/wp\/v2\/types\/post"}],"author":[{"embeddable":true,"href":"https:\/\/blitzconquista.com.br\/index.php?rest_route=\/wp\/v2\/users\/1"}],"replies":[{"embeddable":true,"href":"https:\/\/blitzconquista.com.br\/index.php?rest_route=%2Fwp%2Fv2%2Fcomments&post=73192"}],"version-history":[{"count":1,"href":"https:\/\/blitzconquista.com.br\/index.php?rest_route=\/wp\/v2\/posts\/73192\/revisions"}],"predecessor-version":[{"id":73194,"href":"https:\/\/blitzconquista.com.br\/index.php?rest_route=\/wp\/v2\/posts\/73192\/revisions\/73194"}],"wp:featuredmedia":[{"embeddable":true,"href":"https:\/\/blitzconquista.com.br\/index.php?rest_route=\/wp\/v2\/media\/73193"}],"wp:attachment":[{"href":"https:\/\/blitzconquista.com.br\/index.php?rest_route=%2Fwp%2Fv2%2Fmedia&parent=73192"}],"wp:term":[{"taxonomy":"category","embeddable":true,"href":"https:\/\/blitzconquista.com.br\/index.php?rest_route=%2Fwp%2Fv2%2Fcategories&post=73192"},{"taxonomy":"post_tag","embeddable":true,"href":"https:\/\/blitzconquista.com.br\/index.php?rest_route=%2Fwp%2Fv2%2Ftags&post=73192"}],"curies":[{"name":"wp","href":"https:\/\/api.w.org\/{rel}","templated":true}]}}