{"id":73292,"date":"2018-07-18T08:12:11","date_gmt":"2018-07-18T11:12:11","guid":{"rendered":"http:\/\/blitzconquista.com.br\/?p=73292"},"modified":"2018-07-18T08:12:11","modified_gmt":"2018-07-18T11:12:11","slug":"obama-ataca-politicos-valentoes","status":"publish","type":"post","link":"https:\/\/blitzconquista.com.br\/?p=73292","title":{"rendered":"Obama ataca &#8220;pol\u00edticos valent\u00f5es&#8221;"},"content":{"rendered":"<p>Em seu discurso de maior peso pol\u00edtico\u00a0desde que deixou a Casa Branca, o ex-presidente dos Estados Unidos Barack Obama condenou nesta ter\u00e7a-feira (17\/07) o que chamou de &#8220;pol\u00edticos valent\u00f5es&#8221;, em uma s\u00e9rie de cr\u00edticas veladas ao seu sucessor, Donald Trump.<\/p>\n<p>Obama falava em Joanesburgo, na \u00c1frica do Sul, em comemora\u00e7\u00e3o ao centen\u00e1rio de Nelson Mandela, um dia depois de Trump ter se mostrado condescendente com o presidente russo, Vladimir Putin, em reuni\u00e3o em Helsinque, tornando-se alvo de\u00a0duras cr\u00edticas\u00a0inclusive de partid\u00e1rios.<\/p>\n<p><img decoding=\"async\" loading=\"lazy\" class=\"aligncenter size-full wp-image-73293\" src=\"http:\/\/blitzconquista.com.br\/wp-content\/uploads\/2018\/07\/44716685_303.jpg\" alt=\"\" width=\"700\" height=\"394\" srcset=\"https:\/\/blitzconquista.com.br\/wp-content\/uploads\/2018\/07\/44716685_303.jpg 700w, https:\/\/blitzconquista.com.br\/wp-content\/uploads\/2018\/07\/44716685_303-300x168.jpg 300w, https:\/\/blitzconquista.com.br\/wp-content\/uploads\/2018\/07\/44716685_303-695x391.jpg 695w, https:\/\/blitzconquista.com.br\/wp-content\/uploads\/2018\/07\/44716685_303-470x264.jpg 470w, https:\/\/blitzconquista.com.br\/wp-content\/uploads\/2018\/07\/44716685_303-640x360.jpg 640w, https:\/\/blitzconquista.com.br\/wp-content\/uploads\/2018\/07\/44716685_303-215x120.jpg 215w, https:\/\/blitzconquista.com.br\/wp-content\/uploads\/2018\/07\/44716685_303-414x232.jpg 414w\" sizes=\"(max-width: 700px) 100vw, 700px\" \/><\/p>\n<p>Sem mencionar Trump diretamente, Obama criticou muitas das pol\u00edticas do republicano e apelou a todos que mantenham vivas as ideias que Mandela defendia, incluindo a democracia, a diversidade, a toler\u00e2ncia, o respeito aos direitos humanos e outros valores amea\u00e7ados.<\/p>\n<p>O democrata tamb\u00e9m alertou contra &#8220;tempos estranhos e incertos&#8221;, afirmando que &#8220;as not\u00edcias est\u00e3o trazendo cada vez mais manchetes perturbadoras e preocupantes&#8221;.<\/p>\n<p>&#8220;Vemos grande parte do mundo amea\u00e7ando retornar a uma forma mais perigosa e brutal de fazer neg\u00f3cios&#8221;, advertiu. &#8220;As pol\u00edticas de medo, ressentimento e retra\u00e7\u00e3o est\u00e3o avan\u00e7ando a uma velocidade que h\u00e1 apenas poucos anos era inimagin\u00e1vel.&#8221;<\/p>\n<p>Ao criticar os &#8220;pol\u00edticos valent\u00f5es&#8221;, o ex-presidente destacou que muitos dos &#8220;que est\u00e3o no poder est\u00e3o tentando minar as institui\u00e7\u00f5es que d\u00e3o sentido \u00e0 democracia&#8221;. &#8220;N\u00e3o estou sendo alarmista, estou simplesmente declarando os fatos. Olhe em volta.&#8221;<\/p>\n<p>Obama condenou o que chamou de &#8220;total falta de vergonha&#8221; dos l\u00edderes pol\u00edticos que, &#8220;quando s\u00e3o pegos mentindo, persistem e mentem ainda mais&#8221;. Para ele, \u00e9 preciso se ater aos fatos, e a nega\u00e7\u00e3o destes pode representar a ru\u00edna da democracia.<\/p>\n<p>&#8220;N\u00e3o posso chegar a um consenso com algu\u00e9m que diz que as mudan\u00e7as clim\u00e1ticas n\u00e3o est\u00e3o acontecendo, quando todos os cientistas do mundo dizem que est\u00e1. Se voc\u00ea diz que \u00e9 uma farsa, por onde come\u00e7amos?&#8221;, exemplificou, em refer\u00eancia velada a Trump, um negador do aquecimento global.<\/p>\n<p>O democrata tem evitado fazer coment\u00e1rios p\u00fablicos mencionando diretamente as pol\u00edticas de seu sucessor, que chegou a reverter ou a condenar feitos de sua gest\u00e3o (2009-2017), como o Acordo de Paris sobre o clima e o pacto nuclear com o Ir\u00e3, ambos de 2015.<\/p>\n<p>Para John Stremlau, professor de rela\u00e7\u00f5es internacionais da Universidade de\u00a0Witwatersrand, em Joanesburgo, &#8220;Obama faz uma repress\u00e3o eloquente a Trump somente por estar de p\u00e9 no palco homenageando Mandela&#8221;, cujos ideais est\u00e3o &#8220;sob ataque&#8221; nos Estados Unidos e em outros lugares.<\/p>\n<p>&#8220;Ontem [segunda-feira] vimos Trump e Putin juntos, agora estamos vendo a equipe advers\u00e1ria: Obama e Mandela&#8221;, disse o especialista em entrevista \u00e0 ag\u00eancia de not\u00edcias AP.<\/p>\n<p>O discurso de Obama foi transmitido pela internet e recebido com aplausos pelas cerca de 14 mil pessoas reunidas num est\u00e1dio de cr\u00edquete em Joanesburgo. Esta \u00e9 a primeira visita do ex-presidente \u00e0 \u00c1frica desde que deixou o cargo em janeiro de 2017.<\/p>\n<p>Sua fala tamb\u00e9m destacou como Mandela, que ficou preso por 27 anos, se manteve firme na luta contra o apartheid, o regime de separa\u00e7\u00e3o racial que existiu oficialmente na \u00c1frica do Sul no s\u00e9culo 20. Libertado da pris\u00e3o em 1990, ele se tornou o primeiro presidente negro do pa\u00eds quatro anos depois.<\/p>\n<p>Obama, que por sua vez \u00e9 o primeiro presidente negro dos Estados Unidos, via Mandela como um mentor. Muitos sul-africanos o consideram um sucessor do ex-l\u00edder, morto em 2013, devido a seu papel inovador e \u00e0 defesa da igualdade racial em todo o mundo.<\/p>\n<p>Em seu discurso em Joanesburgo, Obama fez quest\u00e3o de defender a igualdade em todas as suas formas, afirmando: &#8220;Eu pensei que, \u00e0 essa altura, n\u00f3s j\u00e1 ter\u00edamos percebido isso&#8221;.<\/p>\n<p>Antes da \u00c1frica do Sul, ele\u00a0esteve no Qu\u00eania, terra natal de seu pai, para uma visita de dois dias. Al\u00e9m de reuni\u00f5es com l\u00edderes locais, visitou a casa da av\u00f3 de sua mulher, Michelle Obama, e inaugurou um centro esportivo e vocacional fundado por sua meia-irm\u00e3, Auma Obama.<\/p>\n<p>*DW \/ EK\/afp\/ap\/dpa\/lusa<\/p>\n","protected":false},"excerpt":{"rendered":"<p>Em seu discurso de maior peso pol\u00edtico\u00a0desde que deixou a Casa Branca, o ex-presidente dos Estados Unidos Barack Obama condenou nesta ter\u00e7a-feira (17\/07) o que chamou de &#8220;pol\u00edticos valent\u00f5es&#8221;, em uma s\u00e9rie de cr\u00edticas veladas ao seu sucessor, Donald Trump. Obama falava em Joanesburgo, na \u00c1frica do Sul, em comemora\u00e7\u00e3o ao centen\u00e1rio de Nelson Mandela, [&hellip;]<\/p>\n","protected":false},"author":1,"featured_media":73293,"comment_status":"closed","ping_status":"closed","sticky":false,"template":"","format":"standard","meta":[],"categories":[478],"tags":[],"_links":{"self":[{"href":"https:\/\/blitzconquista.com.br\/index.php?rest_route=\/wp\/v2\/posts\/73292"}],"collection":[{"href":"https:\/\/blitzconquista.com.br\/index.php?rest_route=\/wp\/v2\/posts"}],"about":[{"href":"https:\/\/blitzconquista.com.br\/index.php?rest_route=\/wp\/v2\/types\/post"}],"author":[{"embeddable":true,"href":"https:\/\/blitzconquista.com.br\/index.php?rest_route=\/wp\/v2\/users\/1"}],"replies":[{"embeddable":true,"href":"https:\/\/blitzconquista.com.br\/index.php?rest_route=%2Fwp%2Fv2%2Fcomments&post=73292"}],"version-history":[{"count":1,"href":"https:\/\/blitzconquista.com.br\/index.php?rest_route=\/wp\/v2\/posts\/73292\/revisions"}],"predecessor-version":[{"id":73294,"href":"https:\/\/blitzconquista.com.br\/index.php?rest_route=\/wp\/v2\/posts\/73292\/revisions\/73294"}],"wp:featuredmedia":[{"embeddable":true,"href":"https:\/\/blitzconquista.com.br\/index.php?rest_route=\/wp\/v2\/media\/73293"}],"wp:attachment":[{"href":"https:\/\/blitzconquista.com.br\/index.php?rest_route=%2Fwp%2Fv2%2Fmedia&parent=73292"}],"wp:term":[{"taxonomy":"category","embeddable":true,"href":"https:\/\/blitzconquista.com.br\/index.php?rest_route=%2Fwp%2Fv2%2Fcategories&post=73292"},{"taxonomy":"post_tag","embeddable":true,"href":"https:\/\/blitzconquista.com.br\/index.php?rest_route=%2Fwp%2Fv2%2Ftags&post=73292"}],"curies":[{"name":"wp","href":"https:\/\/api.w.org\/{rel}","templated":true}]}}