{"id":73307,"date":"2018-07-18T13:15:52","date_gmt":"2018-07-18T16:15:52","guid":{"rendered":"http:\/\/blitzconquista.com.br\/?p=73307"},"modified":"2018-07-18T13:15:52","modified_gmt":"2018-07-18T16:15:52","slug":"novela-jesus-ganha-data-de-estreia-na-record-veja","status":"publish","type":"post","link":"https:\/\/blitzconquista.com.br\/?p=73307","title":{"rendered":"Novela \u2018Jesus\u2019 ganha data de estreia na Record, veja!"},"content":{"rendered":"<p>A\u00a0<b>Record<\/b>\u00a0marcou para 24 de julho a estreia da nova trama b\u00edblicas da emissora,\u00a0<a href=\"https:\/\/abrilveja.wordpress.com\/noticias-sobre\/jesus-novela\/\" target=\"_blank\" rel=\"noopener\"><b><i>Jesus<\/i><\/b><\/a>. A novela ir\u00e1 ao ar de segunda \u00e0 sexta-feira na faixa das 20h45, substituindo\u00a0<i>Apocalipse<\/i>, que chegou ao fim em 25 de junho.<\/p>\n<p>Pela primeira vez, a trajet\u00f3ria do homem que mudou a humanidade ser\u00e1 contada em sua \u00edntegra. Uma hist\u00f3ria t\u00e3o rica que nunca p\u00f4de ser contada inteira em filmes ou miniss\u00e9ries. A novela\u00a0<em>Jesus<\/em>\u00a0ir\u00e1 mostrar passagens pouco conhecidas e aprofundar as hist\u00f3rias dos personagens que conviveram com Ele. Teremos a oportunidade de vivenciar o que as pessoas daquela \u00e9poca sentiam, suas dores, sofrimentos e conflitos. E, assim, entender de que maneira e por que foram tocadas pelas palavras de Jesus.<\/p>\n<p>O Jesus que vamos mostrar \u00e9 o que est\u00e1 na B\u00edblia, sem invencionices ou teorias sobre o que n\u00e3o \u00e9 dito sobre Ele. Sua hist\u00f3ria ser\u00e1 humanizada atrav\u00e9s das pessoas que O conheceram, que foram tocadas por Ele, de um modo ou de outro. \u00c9 atrav\u00e9s do olhar desses personagens que veremos Jesus.<\/p>\n<p>A hist\u00f3ria come\u00e7a antes mesmo de Jesus ter nascido. Numa Nazar\u00e9 simples e rural, onde Maria e Jos\u00e9 se apaixonam e vivem o tormento do julgamento dos habitantes de sua cidade, que n\u00e3o acreditam na anuncia\u00e7\u00e3o feita pelo anjo Gabriel. Nesta primeira fase da novela, veremos tamb\u00e9m o drama do pai de Jo\u00e3o Batista que fica mudo e s\u00f3 recupera a fala na circuncis\u00e3o de seu filho, Jo\u00e3o Batista, al\u00e9m dos bastidores do pal\u00e1cio de Herodes, o Grande, que ultrapassou os limites de sua loucura, ordenando a matan\u00e7a dos inocentes.<\/p>\n<p>O universo de Jerusal\u00e9m daquela \u00e9poca \u00e9 rico e pleno de a\u00e7\u00e3o. Dominada por Roma, a principal cidade da Jud\u00e9ia vivia imersa num turbilh\u00e3o de conflitos. Falsos messias, rebeldes judeus agindo contra a domina\u00e7\u00e3o romana, opress\u00e3o dos cobradores de impostos, pobreza e sonhos de uma vida melhor&#8230; um povo subjugado, \u00e0 espera do Messias. Entre romanos e judeus, existem bons e maus. E Jesus vem para todos, sem preconceito, sem distin\u00e7\u00e3o.<\/p>\n<p>Al\u00e9m da vida e minist\u00e9rio de Jesus na segunda fase da novela, conheceremos a trajet\u00f3ria de vida de algumas pessoas que foram curadas por Ele. Quem eram aqueles homens que se tornaram ap\u00f3stolos; o que pensava Pilatos e como era sua rela\u00e7\u00e3o com a esposa e filha; quais eram os sonhos e desejos de pessoas apenas citadas na B\u00edblia como Jos\u00e9 de Arimat\u00e9ia, Susana, Joana e tantos outros; quem foi Maria Madalena, a mulher dominada por sete dem\u00f4nios; a vida sofrida de Barrab\u00e1s e sua rela\u00e7\u00e3o com o movimento rebelde; Petronius, o centuri\u00e3o romano que se comoveu com Jesus na cruz; e como era o dia a dia de Caif\u00e1s, o sumo sacerdote que persegue Jesus at\u00e9 que seja julgado e condenado.<\/p>\n<p>O embate entre o bem e o mal est\u00e1 presente em toda a jornada. Jesus n\u00e3o desiste de Sua miss\u00e3o. Enfrenta Satan\u00e1s at\u00e9 Sua grande vit\u00f3ria, a crucifica\u00e7\u00e3o, quando sacrifica-se por todos n\u00f3s e ressuscita.<\/p>\n<p>A trama ir\u00e1 mostrar a vida e \u00e9poca de Jesus como se estiv\u00e9ssemos l\u00e1, no momento em que Ele andava pela Terra.<\/p>\n<p><img decoding=\"async\" loading=\"lazy\" class=\" wp-image-73309 aligncenter\" src=\"http:\/\/blitzconquista.com.br\/wp-content\/uploads\/2018\/07\/record-jesus-novela-jesus-jesus-record-tv-17072018132838703-300x131.jpeg\" alt=\"\" width=\"600\" height=\"262\" srcset=\"https:\/\/blitzconquista.com.br\/wp-content\/uploads\/2018\/07\/record-jesus-novela-jesus-jesus-record-tv-17072018132838703-300x131.jpeg 300w, https:\/\/blitzconquista.com.br\/wp-content\/uploads\/2018\/07\/record-jesus-novela-jesus-jesus-record-tv-17072018132838703-768x335.jpeg 768w, https:\/\/blitzconquista.com.br\/wp-content\/uploads\/2018\/07\/record-jesus-novela-jesus-jesus-record-tv-17072018132838703-695x303.jpeg 695w, https:\/\/blitzconquista.com.br\/wp-content\/uploads\/2018\/07\/record-jesus-novela-jesus-jesus-record-tv-17072018132838703.jpeg 780w\" sizes=\"(max-width: 600px) 100vw, 600px\" \/><\/p>\n<p>.\u00a0 Dudu Azevedo interpreta o messias na novela Jesus\u00a0(Edu Monteiro\/Rede Record)<\/p>\n<p><u><strong>Escrito por<\/strong><\/u><br \/>\nPaula Richard<br \/>\n<strong>E equipe<\/strong><br \/>\nCamilo Pellegrini<br \/>\nJoaquim Assis<br \/>\nLarissa Oliveira<br \/>\nMeuri Luiza<br \/>\nNatalia Piserni<br \/>\nNatalia Sambrini<br \/>\nRodrigo Ribeiro<br \/>\nVitor de Oliveira<\/p>\n<p><u><strong>Colabora\u00e7\u00e3o e Pesquisa<\/strong><\/u><br \/>\nIrene Bosisio<\/p>\n<p><u><strong>Consultoria<\/strong><\/u><br \/>\nMaur\u00edcio Santos<br \/>\nMarcio Sant\u2019anna<br \/>\nJos\u00e9 L\u00facio<\/p>\n<div id=\"inner-ad-container\" class=\"\"><\/div>\n<p><u><strong>Supervis\u00e3o de texto<\/strong><\/u><br \/>\nCristiane Cardoso<\/p>\n<p><u><strong>Dire\u00e7\u00e3o<\/strong><\/u><br \/>\nEdgard Miranda<br \/>\nLeonardo Miranda<br \/>\nRudi Lagemann<br \/>\nRoberto Bomtempo<br \/>\nAjax Camacho<\/p>\n<p><u><strong>Dire\u00e7\u00e3o geral<\/strong><\/u><br \/>\nEdgard Miranda<\/p>\n<p><u><strong>Dire\u00e7\u00e3o de teledramaturgia<\/strong><\/u><br \/>\nAnderson Souza<\/p>\n<p><u><strong>Vice-presidente art\u00edstico<\/strong><\/u><br \/>\nMarcelo Silva<\/p>\n<p>As informa\u00e7\u00f5es s\u00e3o do R7.<\/p>\n","protected":false},"excerpt":{"rendered":"<p>A\u00a0Record\u00a0marcou para 24 de julho a estreia da nova trama b\u00edblicas da emissora,\u00a0Jesus. A novela ir\u00e1 ao ar de segunda \u00e0 sexta-feira na faixa das 20h45, substituindo\u00a0Apocalipse, que chegou ao fim em 25 de junho. Pela primeira vez, a trajet\u00f3ria do homem que mudou a humanidade ser\u00e1 contada em sua \u00edntegra. Uma hist\u00f3ria t\u00e3o rica [&hellip;]<\/p>\n","protected":false},"author":1,"featured_media":73308,"comment_status":"closed","ping_status":"closed","sticky":false,"template":"","format":"standard","meta":[],"categories":[410],"tags":[],"_links":{"self":[{"href":"https:\/\/blitzconquista.com.br\/index.php?rest_route=\/wp\/v2\/posts\/73307"}],"collection":[{"href":"https:\/\/blitzconquista.com.br\/index.php?rest_route=\/wp\/v2\/posts"}],"about":[{"href":"https:\/\/blitzconquista.com.br\/index.php?rest_route=\/wp\/v2\/types\/post"}],"author":[{"embeddable":true,"href":"https:\/\/blitzconquista.com.br\/index.php?rest_route=\/wp\/v2\/users\/1"}],"replies":[{"embeddable":true,"href":"https:\/\/blitzconquista.com.br\/index.php?rest_route=%2Fwp%2Fv2%2Fcomments&post=73307"}],"version-history":[{"count":1,"href":"https:\/\/blitzconquista.com.br\/index.php?rest_route=\/wp\/v2\/posts\/73307\/revisions"}],"predecessor-version":[{"id":73310,"href":"https:\/\/blitzconquista.com.br\/index.php?rest_route=\/wp\/v2\/posts\/73307\/revisions\/73310"}],"wp:featuredmedia":[{"embeddable":true,"href":"https:\/\/blitzconquista.com.br\/index.php?rest_route=\/wp\/v2\/media\/73308"}],"wp:attachment":[{"href":"https:\/\/blitzconquista.com.br\/index.php?rest_route=%2Fwp%2Fv2%2Fmedia&parent=73307"}],"wp:term":[{"taxonomy":"category","embeddable":true,"href":"https:\/\/blitzconquista.com.br\/index.php?rest_route=%2Fwp%2Fv2%2Fcategories&post=73307"},{"taxonomy":"post_tag","embeddable":true,"href":"https:\/\/blitzconquista.com.br\/index.php?rest_route=%2Fwp%2Fv2%2Ftags&post=73307"}],"curies":[{"name":"wp","href":"https:\/\/api.w.org\/{rel}","templated":true}]}}