{"id":73341,"date":"2018-07-19T12:27:59","date_gmt":"2018-07-19T15:27:59","guid":{"rendered":"http:\/\/blitzconquista.com.br\/?p=73341"},"modified":"2018-07-19T12:27:59","modified_gmt":"2018-07-19T15:27:59","slug":"facebook-bloqueia-conta-de-pastor-que-criticou-concurso-de-jesus-gay","status":"publish","type":"post","link":"https:\/\/blitzconquista.com.br\/?p=73341","title":{"rendered":"Facebook bloqueia conta de pastor que criticou concurso de Jesus gay"},"content":{"rendered":"<p>A censura do Facebook \u00e9 conhecida e esta semana a v\u00edtima foi o pastor Ab\u00edlio Santana. Ele foi bloqueado por 30 dias ap\u00f3s ter feitos cr\u00edticas na rede social ao concurso \u201cJesus Cristo Gay.\u201d.<\/p>\n<p>Santana falou sobre o tema em seu perfil, denunciando o desrespeito de grupos LGBTs que promovem todo ano essa competi\u00e7\u00e3o em S\u00e3o Francisco, uma das cidades mais liberais dos Estado Unidos.<\/p>\n<p>Ao saber sobre o concurso atrav\u00e9s de um v\u00eddeo, o pastor baiano o denunciou como uma afronta aos crist\u00e3os. Para o Facebook os coment\u00e1rios do l\u00edder religioso eram ofensivos e al\u00e9m de bloquear a publica\u00e7\u00e3o, suspendeu sua conta por um m\u00eas.<\/p>\n<div>\n<p>A op\u00e7\u00e3o de Ab\u00edlio Santana foi usar a conta Ab\u00edlio Santana Prega\u00e7\u00f5es, para denunciar a censura.<\/p>\n<p>\u201cUma desgra\u00e7a, uma afronta \u00e0 nossa f\u00e9. [Facebook] Simplesmente me bloqueou e disse que esse tipo de postagem n\u00e3o pode. Mas eles podem fazer desgra\u00e7a com a nossa f\u00e9 e o Facebook n\u00e3o fala nada. Qual \u00e9 o grupo que est\u00e1 por tr\u00e1s monitorando as publica\u00e7\u00f5es, o que pode e o que n\u00e3o pode?\u201d, reclamou o pastor.<\/p>\n<p>Apesar do bloqueio, Santana n\u00e3o ir\u00e1 abandonar a rede social. \u201cN\u00e3o est\u00e1 em mim bater em retirada, n\u00e3o est\u00e1 em mim me calar. Em defesa da f\u00e9, da fam\u00edlia, da \u00e9tica e da moral, eu vou sempre protestar. Sou crist\u00e3o, mas n\u00e3o sou ot\u00e1rio\u2026 Daqui a 30 dias voltarei a fazer den\u00fancias\u2026 Quer bloquear, bloqueia\u201d, disparou.<\/p>\n<p><strong>Assista!<\/strong><\/p>\n<div id=\"fb-root\" class=\" fb_reset\">\n<div>\n<div><\/div>\n<\/div>\n<\/div>\n<div class=\"fb-video fb_iframe_widget fb_iframe_widget_fluid_desktop\"><\/div>\n<div>@portalconquistagospel<\/div>\n<\/div>\n","protected":false},"excerpt":{"rendered":"<p>A censura do Facebook \u00e9 conhecida e esta semana a v\u00edtima foi o pastor Ab\u00edlio Santana. Ele foi bloqueado por 30 dias ap\u00f3s ter feitos cr\u00edticas na rede social ao concurso \u201cJesus Cristo Gay.\u201d. Santana falou sobre o tema em seu perfil, denunciando o desrespeito de grupos LGBTs que promovem todo ano essa competi\u00e7\u00e3o em [&hellip;]<\/p>\n","protected":false},"author":1,"featured_media":73342,"comment_status":"closed","ping_status":"closed","sticky":false,"template":"","format":"standard","meta":[],"categories":[410],"tags":[],"_links":{"self":[{"href":"https:\/\/blitzconquista.com.br\/index.php?rest_route=\/wp\/v2\/posts\/73341"}],"collection":[{"href":"https:\/\/blitzconquista.com.br\/index.php?rest_route=\/wp\/v2\/posts"}],"about":[{"href":"https:\/\/blitzconquista.com.br\/index.php?rest_route=\/wp\/v2\/types\/post"}],"author":[{"embeddable":true,"href":"https:\/\/blitzconquista.com.br\/index.php?rest_route=\/wp\/v2\/users\/1"}],"replies":[{"embeddable":true,"href":"https:\/\/blitzconquista.com.br\/index.php?rest_route=%2Fwp%2Fv2%2Fcomments&post=73341"}],"version-history":[{"count":1,"href":"https:\/\/blitzconquista.com.br\/index.php?rest_route=\/wp\/v2\/posts\/73341\/revisions"}],"predecessor-version":[{"id":73343,"href":"https:\/\/blitzconquista.com.br\/index.php?rest_route=\/wp\/v2\/posts\/73341\/revisions\/73343"}],"wp:featuredmedia":[{"embeddable":true,"href":"https:\/\/blitzconquista.com.br\/index.php?rest_route=\/wp\/v2\/media\/73342"}],"wp:attachment":[{"href":"https:\/\/blitzconquista.com.br\/index.php?rest_route=%2Fwp%2Fv2%2Fmedia&parent=73341"}],"wp:term":[{"taxonomy":"category","embeddable":true,"href":"https:\/\/blitzconquista.com.br\/index.php?rest_route=%2Fwp%2Fv2%2Fcategories&post=73341"},{"taxonomy":"post_tag","embeddable":true,"href":"https:\/\/blitzconquista.com.br\/index.php?rest_route=%2Fwp%2Fv2%2Ftags&post=73341"}],"curies":[{"name":"wp","href":"https:\/\/api.w.org\/{rel}","templated":true}]}}