{"id":73344,"date":"2018-07-19T12:52:25","date_gmt":"2018-07-19T15:52:25","guid":{"rendered":"http:\/\/blitzconquista.com.br\/?p=73344"},"modified":"2018-07-19T12:57:27","modified_gmt":"2018-07-19T15:57:27","slug":"voce-sabe-o-que-re-te-te-o-bispo-abner-ferreira-explica","status":"publish","type":"post","link":"https:\/\/blitzconquista.com.br\/?p=73344","title":{"rendered":"Voc\u00ea sabe o que  \u00e9 RE -TE- T\u00c9? O bispo\u00a0Abner Ferreira explica!"},"content":{"rendered":"<p>O bispo\u00a0<strong>Abner Ferreira,\u00a0<\/strong>3\u00ba vice-presidente nacional da Assembleia de Deus Minist\u00e9rio de Madureira, fez um alerta muito importante as igrejas do Brasil, principalmente as pentecostais.<\/p>\n<p><img decoding=\"async\" loading=\"lazy\" class=\"size-medium wp-image-73346 aligncenter\" src=\"http:\/\/blitzconquista.com.br\/wp-content\/uploads\/2018\/07\/abner-300x225.jpg\" alt=\"\" width=\"300\" height=\"225\" srcset=\"https:\/\/blitzconquista.com.br\/wp-content\/uploads\/2018\/07\/abner-300x225.jpg 300w, https:\/\/blitzconquista.com.br\/wp-content\/uploads\/2018\/07\/abner-74x55.jpg 74w, https:\/\/blitzconquista.com.br\/wp-content\/uploads\/2018\/07\/abner-111x83.jpg 111w, https:\/\/blitzconquista.com.br\/wp-content\/uploads\/2018\/07\/abner-215x161.jpg 215w, https:\/\/blitzconquista.com.br\/wp-content\/uploads\/2018\/07\/abner.jpg 467w\" sizes=\"(max-width: 300px) 100vw, 300px\" \/><\/p>\n<p>Abner publicou em seu Instagram uma foto de um jornal onde tinha escrito no t\u00edtulo; \u201cVoc\u00ea sabe o que significa Retet\u00e9???\u201d.\u00a0 O jornal explica em detalhes como, onde, e porque surgiu a palavra retet\u00e9.<\/p>\n<blockquote class=\"instagram-media\" data-instgrm-captioned data-instgrm-permalink=\"https:\/\/www.instagram.com\/p\/BlYbndOg5sM\/\" data-instgrm-version=\"9\" style=\" background:#FFF; border:0; border-radius:3px; box-shadow:0 0 1px 0 rgba(0,0,0,0.5),0 1px 10px 0 rgba(0,0,0,0.15); margin: 1px; max-width:658px; min-width:326px; padding:0; width:99.375%; width:-webkit-calc(100% - 2px); width:calc(100% - 2px);\">\n<div style=\"padding:8px;\">\n<div style=\" background:#F8F8F8; line-height:0; margin-top:40px; padding:26.15740740740741% 0; text-align:center; width:100%;\">\n<div style=\" background:url(data:image\/png;base64,iVBORw0KGgoAAAANSUhEUgAAACwAAAAsCAMAAAApWqozAAAABGdBTUEAALGPC\/xhBQAAAAFzUkdCAK7OHOkAAAAMUExURczMzPf399fX1+bm5mzY9AMAAADiSURBVDjLvZXbEsMgCES5\/P8\/t9FuRVCRmU73JWlzosgSIIZURCjo\/ad+EQJJB4Hv8BFt+IDpQoCx1wjOSBFhh2XssxEIYn3ulI\/6MNReE07UIWJEv8UEOWDS88LY97kqyTliJKKtuYBbruAyVh5wOHiXmpi5we58Ek028czwyuQdLKPG1Bkb4NnM+VeAnfHqn1k4+GPT6uGQcvu2h2OVuIf\/gWUFyy8OWEpdyZSa3aVCqpVoVvzZZ2VTnn2wU8qzVjDDetO90GSy9mVLqtgYSy231MxrY6I2gGqjrTY0L8fxCxfCBbhWrsYYAAAAAElFTkSuQmCC); display:block; height:44px; margin:0 auto -44px; position:relative; top:-22px; width:44px;\"><\/div>\n<\/div>\n<p style=\" margin:8px 0 0 0; padding:0 4px;\"> <a href=\"https:\/\/www.instagram.com\/p\/BlYbndOg5sM\/\" style=\" color:#000; font-family:Arial,sans-serif; font-size:14px; font-style:normal; font-weight:normal; line-height:17px; text-decoration:none; word-wrap:break-word;\" target=\"_blank\">A letra ficou muito pequena. Mas \u00e9 um alerta muito importante.<\/a><\/p>\n<p style=\" color:#c9c8cd; font-family:Arial,sans-serif; font-size:14px; line-height:17px; margin-bottom:0; margin-top:8px; overflow:hidden; padding:8px 0 7px; text-align:center; text-overflow:ellipsis; white-space:nowrap;\">A post shared by <a href=\"https:\/\/www.instagram.com\/bispoabnerferreira\/\" style=\" color:#c9c8cd; font-family:Arial,sans-serif; font-size:14px; font-style:normal; font-weight:normal; line-height:17px;\" target=\"_blank\"> Abner Ferreira<\/a> (@bispoabnerferreira) on <time style=\" font-family:Arial,sans-serif; font-size:14px; line-height:17px;\" datetime=\"2018-07-18T17:40:55+00:00\">Jul 18, 2018 at 10:40am PDT<\/time><\/p>\n<\/div>\n<\/blockquote>\n<p><script async defer src=\"\/\/www.instagram.com\/embed.js\"><\/script><\/p>\n<p>A palavra retet\u00e9 ficou muito conhecida e popular entre os evang\u00e9licos pentecostais, e j\u00e1 foi usada at\u00e9 mesmo em m\u00fasicas de cantores gospel renomados.\u00a0 Quem diz que \u00e9 do retet\u00e9 geralmente, s\u00e3o aqueles crentes que rodam, profetizam, e sapateiam. Na g\u00edria gospel, \u00e9 dizer que \u00e9 do manto, canela de fogo, tocha, entre outras.<\/p>\n<p>Mas \u00e9 a\u00ed que mora o perigo. Segundo a pesquisa feita pelo jornal que o bispo Abner fez quest\u00e3o de compartilhar em suas redes sociais, a palavra retet\u00e9 teve origem na Africa.<\/p>\n<p>Vamos entender melhor RETET\u00c9: \u201d \u00c9 um ritual africano, trazido para Portugal, em meados de 1948 onde as pessoas se reuniam para rituais de Voduns.<\/p>\n<p>Esse termo foi aderido pelos crist\u00e3os de movimento pentecostal inclusive pastores, e tem levado multid\u00f5es a errarem ao falar esta palavra.<\/p>\n<p>RETET\u00c9 DE JEOV\u00c1. Heresias que ocorrem nas vig\u00edlias, cultos de ora\u00e7\u00e3o, etc\u2026. o diabo est\u00e1 brincando no meio do povo de Deus. Fica o alerta, n\u00e3o use termos que n\u00e3o sabemos o significado, para dar nome ao que Deus quer no meio do seu povo, pois o nome original \u00e9 avivamento, batismo, renova\u00e7\u00e3o no Esp\u00edrito Santo e ponto final.<\/p>\n<p>Leia a b\u00edblia sagrada, a fonte inesgot\u00e1vel de Deus para a nossa vida, e ore sem cessar. E n\u00e3o diga mais est\u00e1 palavra RETET\u00c9. Temos que tomar cuidado pois nosso Deus n\u00e3o \u00e9 Deus de confus\u00e3o.<\/p>\n<p>A pesquisa feita para do jornal foi o pastor<strong>\u00a0Ivan Teodoro da Silva,\u00a0<\/strong>1\u00ba Vice- presidente da CGADB, Presidente da UMADERSUL e presidente da IEADSJP.<\/p>\n<p>Ent\u00e3o fica dado o alerta feito pelo bispo Abner Ferreira para todos os evang\u00e9licos.<\/p>\n<p>*FuxicoGospel<\/p>\n<p>Siga nosso Instagram @portalconquistagospel<\/p>\n","protected":false},"excerpt":{"rendered":"<p>O bispo\u00a0Abner Ferreira,\u00a03\u00ba vice-presidente nacional da Assembleia de Deus Minist\u00e9rio de Madureira, fez um alerta muito importante as igrejas do Brasil, principalmente as pentecostais. Abner publicou em seu Instagram uma foto de um jornal onde tinha escrito no t\u00edtulo; \u201cVoc\u00ea sabe o que significa Retet\u00e9???\u201d.\u00a0 O jornal explica em detalhes como, onde, e porque surgiu [&hellip;]<\/p>\n","protected":false},"author":1,"featured_media":73345,"comment_status":"closed","ping_status":"closed","sticky":false,"template":"","format":"standard","meta":[],"categories":[410],"tags":[],"_links":{"self":[{"href":"https:\/\/blitzconquista.com.br\/index.php?rest_route=\/wp\/v2\/posts\/73344"}],"collection":[{"href":"https:\/\/blitzconquista.com.br\/index.php?rest_route=\/wp\/v2\/posts"}],"about":[{"href":"https:\/\/blitzconquista.com.br\/index.php?rest_route=\/wp\/v2\/types\/post"}],"author":[{"embeddable":true,"href":"https:\/\/blitzconquista.com.br\/index.php?rest_route=\/wp\/v2\/users\/1"}],"replies":[{"embeddable":true,"href":"https:\/\/blitzconquista.com.br\/index.php?rest_route=%2Fwp%2Fv2%2Fcomments&post=73344"}],"version-history":[{"count":3,"href":"https:\/\/blitzconquista.com.br\/index.php?rest_route=\/wp\/v2\/posts\/73344\/revisions"}],"predecessor-version":[{"id":73350,"href":"https:\/\/blitzconquista.com.br\/index.php?rest_route=\/wp\/v2\/posts\/73344\/revisions\/73350"}],"wp:featuredmedia":[{"embeddable":true,"href":"https:\/\/blitzconquista.com.br\/index.php?rest_route=\/wp\/v2\/media\/73345"}],"wp:attachment":[{"href":"https:\/\/blitzconquista.com.br\/index.php?rest_route=%2Fwp%2Fv2%2Fmedia&parent=73344"}],"wp:term":[{"taxonomy":"category","embeddable":true,"href":"https:\/\/blitzconquista.com.br\/index.php?rest_route=%2Fwp%2Fv2%2Fcategories&post=73344"},{"taxonomy":"post_tag","embeddable":true,"href":"https:\/\/blitzconquista.com.br\/index.php?rest_route=%2Fwp%2Fv2%2Ftags&post=73344"}],"curies":[{"name":"wp","href":"https:\/\/api.w.org\/{rel}","templated":true}]}}