{"id":73351,"date":"2018-07-20T10:23:46","date_gmt":"2018-07-20T13:23:46","guid":{"rendered":"http:\/\/blitzconquista.com.br\/?p=73351"},"modified":"2018-07-20T10:23:46","modified_gmt":"2018-07-20T13:23:46","slug":"participe-do-seminario-de-capacitacao-para-pastores-e-lideres-faca-sua-inscricao","status":"publish","type":"post","link":"https:\/\/blitzconquista.com.br\/?p=73351","title":{"rendered":"Participe do Semin\u00e1rio de Capacita\u00e7\u00e3o para Pastores e Lideres.Fa\u00e7a sua inscri\u00e7\u00e3o !"},"content":{"rendered":"<p>Vem ai , o Semin\u00e1rio de Capacita\u00e7\u00e3o de Pastores e L\u00edderes: Minist\u00e9rio com Fam\u00edlias .\u00a0 Na oportunidade\u00a0 voc\u00ea ficara por dentro ,como implant\u00e1-lo e torn\u00e1-lo eficiente em sua Igreja.<\/p>\n<p>O Semin\u00e1rio ser\u00e1 conduzido pelo Pr Gilson Bifano\u00a0 que \u00e9 especialista em ministrar na \u00e1rea familiar .<\/p>\n<p><strong>Inscri\u00e7\u00f5es : 77 3424 -2554<\/strong><\/p>\n<p><strong>Investimento : <\/strong>R$ 25,00 Individual\u00a0 \/ 40,00 Casal .<\/p>\n<p><strong>Dia<\/strong> : no dia 21 de julho de 09:00 \u00e0s 17:00 horas<\/p>\n<p><strong>Local :<\/strong>\u00a0Igreja Batista Peniel.<\/p>\n<p>Endere\u00e7o: Rua Olavo Bilac,94-Centro.<\/p>\n<p><img decoding=\"async\" loading=\"lazy\" class=\" wp-image-73352 aligncenter\" src=\"http:\/\/blitzconquista.com.br\/wp-content\/uploads\/2018\/07\/marta-298x300.jpg\" alt=\"\" width=\"403\" height=\"406\" srcset=\"https:\/\/blitzconquista.com.br\/wp-content\/uploads\/2018\/07\/marta-298x300.jpg 298w, https:\/\/blitzconquista.com.br\/wp-content\/uploads\/2018\/07\/marta-150x150.jpg 150w, https:\/\/blitzconquista.com.br\/wp-content\/uploads\/2018\/07\/marta-768x774.jpg 768w, https:\/\/blitzconquista.com.br\/wp-content\/uploads\/2018\/07\/marta-648x653.jpg 648w, https:\/\/blitzconquista.com.br\/wp-content\/uploads\/2018\/07\/marta-65x65.jpg 65w, https:\/\/blitzconquista.com.br\/wp-content\/uploads\/2018\/07\/marta-990x998.jpg 990w, https:\/\/blitzconquista.com.br\/wp-content\/uploads\/2018\/07\/marta.jpg 1270w\" sizes=\"(max-width: 403px) 100vw, 403px\" \/><\/p>\n","protected":false},"excerpt":{"rendered":"<p>Vem ai , o Semin\u00e1rio de Capacita\u00e7\u00e3o de Pastores e L\u00edderes: Minist\u00e9rio com Fam\u00edlias .\u00a0 Na oportunidade\u00a0 voc\u00ea ficara por dentro ,como implant\u00e1-lo e torn\u00e1-lo eficiente em sua Igreja. O Semin\u00e1rio ser\u00e1 conduzido pelo Pr Gilson Bifano\u00a0 que \u00e9 especialista em ministrar na \u00e1rea familiar . Inscri\u00e7\u00f5es : 77 3424 -2554 Investimento : R$ 25,00 [&hellip;]<\/p>\n","protected":false},"author":1,"featured_media":73353,"comment_status":"closed","ping_status":"closed","sticky":false,"template":"","format":"standard","meta":[],"categories":[410],"tags":[],"_links":{"self":[{"href":"https:\/\/blitzconquista.com.br\/index.php?rest_route=\/wp\/v2\/posts\/73351"}],"collection":[{"href":"https:\/\/blitzconquista.com.br\/index.php?rest_route=\/wp\/v2\/posts"}],"about":[{"href":"https:\/\/blitzconquista.com.br\/index.php?rest_route=\/wp\/v2\/types\/post"}],"author":[{"embeddable":true,"href":"https:\/\/blitzconquista.com.br\/index.php?rest_route=\/wp\/v2\/users\/1"}],"replies":[{"embeddable":true,"href":"https:\/\/blitzconquista.com.br\/index.php?rest_route=%2Fwp%2Fv2%2Fcomments&post=73351"}],"version-history":[{"count":1,"href":"https:\/\/blitzconquista.com.br\/index.php?rest_route=\/wp\/v2\/posts\/73351\/revisions"}],"predecessor-version":[{"id":73354,"href":"https:\/\/blitzconquista.com.br\/index.php?rest_route=\/wp\/v2\/posts\/73351\/revisions\/73354"}],"wp:featuredmedia":[{"embeddable":true,"href":"https:\/\/blitzconquista.com.br\/index.php?rest_route=\/wp\/v2\/media\/73353"}],"wp:attachment":[{"href":"https:\/\/blitzconquista.com.br\/index.php?rest_route=%2Fwp%2Fv2%2Fmedia&parent=73351"}],"wp:term":[{"taxonomy":"category","embeddable":true,"href":"https:\/\/blitzconquista.com.br\/index.php?rest_route=%2Fwp%2Fv2%2Fcategories&post=73351"},{"taxonomy":"post_tag","embeddable":true,"href":"https:\/\/blitzconquista.com.br\/index.php?rest_route=%2Fwp%2Fv2%2Ftags&post=73351"}],"curies":[{"name":"wp","href":"https:\/\/api.w.org\/{rel}","templated":true}]}}