{"id":73380,"date":"2018-07-21T14:35:25","date_gmt":"2018-07-21T17:35:25","guid":{"rendered":"http:\/\/blitzconquista.com.br\/?p=73380"},"modified":"2018-07-21T14:35:25","modified_gmt":"2018-07-21T17:35:25","slug":"pastor-paulo-ricardo-silva-assume-a-3a-igreja-quadrangular-em-conquista","status":"publish","type":"post","link":"https:\/\/blitzconquista.com.br\/?p=73380","title":{"rendered":"Pastor Paulo Ricardo Silva assume a 3\u00aa Igreja Quadrangular em Conquista."},"content":{"rendered":"<p>Na ultima quinta -feira (19), o pastor\u00a0Paulo Ricardo Silva, assumiu a 3\u00aa IEQ &#8211; Igreja do Evangelho Quadrangular , que era pastoreado por muitos anos pelo pastor D\u00e9lio.<\/p>\n<p>A posse foi feita pelo Reverendo Pr. Edson Vieira que \u00e9 respons\u00e1vel pelo campo de Vitoria da Conquista.<\/p>\n<p><img decoding=\"async\" loading=\"lazy\" class=\"alignnone  wp-image-73382\" src=\"http:\/\/blitzconquista.com.br\/wp-content\/uploads\/2018\/07\/foto-01-300x225.jpg\" alt=\"\" width=\"373\" height=\"280\" srcset=\"https:\/\/blitzconquista.com.br\/wp-content\/uploads\/2018\/07\/foto-01-300x225.jpg 300w, https:\/\/blitzconquista.com.br\/wp-content\/uploads\/2018\/07\/foto-01-768x576.jpg 768w, https:\/\/blitzconquista.com.br\/wp-content\/uploads\/2018\/07\/foto-01-695x521.jpg 695w, https:\/\/blitzconquista.com.br\/wp-content\/uploads\/2018\/07\/foto-01-74x55.jpg 74w, https:\/\/blitzconquista.com.br\/wp-content\/uploads\/2018\/07\/foto-01-111x83.jpg 111w, https:\/\/blitzconquista.com.br\/wp-content\/uploads\/2018\/07\/foto-01-215x161.jpg 215w, https:\/\/blitzconquista.com.br\/wp-content\/uploads\/2018\/07\/foto-01-990x743.jpg 990w, https:\/\/blitzconquista.com.br\/wp-content\/uploads\/2018\/07\/foto-01.jpg 1040w\" sizes=\"(max-width: 373px) 100vw, 373px\" \/> <img decoding=\"async\" loading=\"lazy\" class=\"alignnone  wp-image-73383\" src=\"http:\/\/blitzconquista.com.br\/wp-content\/uploads\/2018\/07\/foto-02-300x225.jpg\" alt=\"\" width=\"371\" height=\"278\" srcset=\"https:\/\/blitzconquista.com.br\/wp-content\/uploads\/2018\/07\/foto-02-300x225.jpg 300w, https:\/\/blitzconquista.com.br\/wp-content\/uploads\/2018\/07\/foto-02-768x576.jpg 768w, https:\/\/blitzconquista.com.br\/wp-content\/uploads\/2018\/07\/foto-02-695x521.jpg 695w, https:\/\/blitzconquista.com.br\/wp-content\/uploads\/2018\/07\/foto-02-74x55.jpg 74w, https:\/\/blitzconquista.com.br\/wp-content\/uploads\/2018\/07\/foto-02-111x83.jpg 111w, https:\/\/blitzconquista.com.br\/wp-content\/uploads\/2018\/07\/foto-02-215x161.jpg 215w, https:\/\/blitzconquista.com.br\/wp-content\/uploads\/2018\/07\/foto-02-990x743.jpg 990w, https:\/\/blitzconquista.com.br\/wp-content\/uploads\/2018\/07\/foto-02.jpg 1040w\" sizes=\"(max-width: 371px) 100vw, 371px\" \/> <img decoding=\"async\" loading=\"lazy\" class=\"alignnone  wp-image-73384\" src=\"http:\/\/blitzconquista.com.br\/wp-content\/uploads\/2018\/07\/foto-03-300x225.jpg\" alt=\"\" width=\"369\" height=\"278\" srcset=\"https:\/\/blitzconquista.com.br\/wp-content\/uploads\/2018\/07\/foto-03-300x225.jpg 300w, https:\/\/blitzconquista.com.br\/wp-content\/uploads\/2018\/07\/foto-03-768x576.jpg 768w, https:\/\/blitzconquista.com.br\/wp-content\/uploads\/2018\/07\/foto-03-695x521.jpg 695w, https:\/\/blitzconquista.com.br\/wp-content\/uploads\/2018\/07\/foto-03-74x55.jpg 74w, https:\/\/blitzconquista.com.br\/wp-content\/uploads\/2018\/07\/foto-03-111x83.jpg 111w, https:\/\/blitzconquista.com.br\/wp-content\/uploads\/2018\/07\/foto-03-215x161.jpg 215w, https:\/\/blitzconquista.com.br\/wp-content\/uploads\/2018\/07\/foto-03-990x743.jpg 990w, https:\/\/blitzconquista.com.br\/wp-content\/uploads\/2018\/07\/foto-03.jpg 1032w\" sizes=\"(max-width: 369px) 100vw, 369px\" \/> <img decoding=\"async\" loading=\"lazy\" class=\"alignnone  wp-image-73385\" src=\"http:\/\/blitzconquista.com.br\/wp-content\/uploads\/2018\/07\/foto-04-300x225.jpg\" alt=\"\" width=\"367\" height=\"275\" srcset=\"https:\/\/blitzconquista.com.br\/wp-content\/uploads\/2018\/07\/foto-04-300x225.jpg 300w, https:\/\/blitzconquista.com.br\/wp-content\/uploads\/2018\/07\/foto-04-768x576.jpg 768w, https:\/\/blitzconquista.com.br\/wp-content\/uploads\/2018\/07\/foto-04-695x521.jpg 695w, https:\/\/blitzconquista.com.br\/wp-content\/uploads\/2018\/07\/foto-04-74x55.jpg 74w, https:\/\/blitzconquista.com.br\/wp-content\/uploads\/2018\/07\/foto-04-111x83.jpg 111w, https:\/\/blitzconquista.com.br\/wp-content\/uploads\/2018\/07\/foto-04-215x161.jpg 215w, https:\/\/blitzconquista.com.br\/wp-content\/uploads\/2018\/07\/foto-04-990x743.jpg 990w, https:\/\/blitzconquista.com.br\/wp-content\/uploads\/2018\/07\/foto-04.jpg 1032w\" sizes=\"(max-width: 367px) 100vw, 367px\" \/><\/p>\n<p>A Igreja est\u00e1 localizada na avenida Integra\u00e7\u00e3o\u00a0 853 bairro jurema (ao Lado do centro automotivo Carro Forte ).<\/p>\n<p><img decoding=\"async\" loading=\"lazy\" class=\" wp-image-73381 aligncenter\" src=\"http:\/\/blitzconquista.com.br\/wp-content\/uploads\/2018\/07\/integra\u00e7ao-300x214.png\" alt=\"\" width=\"421\" height=\"300\" srcset=\"https:\/\/blitzconquista.com.br\/wp-content\/uploads\/2018\/07\/integra\u00e7ao-300x214.png 300w, https:\/\/blitzconquista.com.br\/wp-content\/uploads\/2018\/07\/integra\u00e7ao-695x497.png 695w, https:\/\/blitzconquista.com.br\/wp-content\/uploads\/2018\/07\/integra\u00e7ao.png 736w\" sizes=\"(max-width: 421px) 100vw, 421px\" \/><\/p>\n<p><strong>Dias de cultos :\u00a0<\/strong><\/p>\n<p><strong>Domingo<\/strong> &#8211; 19: 00Hs<\/p>\n<p><strong>Quinta- Feira :<\/strong> 19:30Hs<\/p>\n<p>Em contato com o<b> Portal Conquista Gospel, <\/b>o pastor Paulo informou\u00a0que ser\u00e1 feito um grande trabalho de evangelismo, alcan\u00e7ando almas pra cristo.<\/p>\n<p>@portalconquistagospel &#8211; No Instagram<\/p>\n<p>&nbsp;<\/p>\n","protected":false},"excerpt":{"rendered":"<p>Na ultima quinta -feira (19), o pastor\u00a0Paulo Ricardo Silva, assumiu a 3\u00aa IEQ &#8211; Igreja do Evangelho Quadrangular , que era pastoreado por muitos anos pelo pastor D\u00e9lio. A posse foi feita pelo Reverendo Pr. Edson Vieira que \u00e9 respons\u00e1vel pelo campo de Vitoria da Conquista. A Igreja est\u00e1 localizada na avenida Integra\u00e7\u00e3o\u00a0 853 bairro [&hellip;]<\/p>\n","protected":false},"author":1,"featured_media":73386,"comment_status":"closed","ping_status":"closed","sticky":false,"template":"","format":"standard","meta":[],"categories":[410],"tags":[],"_links":{"self":[{"href":"https:\/\/blitzconquista.com.br\/index.php?rest_route=\/wp\/v2\/posts\/73380"}],"collection":[{"href":"https:\/\/blitzconquista.com.br\/index.php?rest_route=\/wp\/v2\/posts"}],"about":[{"href":"https:\/\/blitzconquista.com.br\/index.php?rest_route=\/wp\/v2\/types\/post"}],"author":[{"embeddable":true,"href":"https:\/\/blitzconquista.com.br\/index.php?rest_route=\/wp\/v2\/users\/1"}],"replies":[{"embeddable":true,"href":"https:\/\/blitzconquista.com.br\/index.php?rest_route=%2Fwp%2Fv2%2Fcomments&post=73380"}],"version-history":[{"count":1,"href":"https:\/\/blitzconquista.com.br\/index.php?rest_route=\/wp\/v2\/posts\/73380\/revisions"}],"predecessor-version":[{"id":73387,"href":"https:\/\/blitzconquista.com.br\/index.php?rest_route=\/wp\/v2\/posts\/73380\/revisions\/73387"}],"wp:featuredmedia":[{"embeddable":true,"href":"https:\/\/blitzconquista.com.br\/index.php?rest_route=\/wp\/v2\/media\/73386"}],"wp:attachment":[{"href":"https:\/\/blitzconquista.com.br\/index.php?rest_route=%2Fwp%2Fv2%2Fmedia&parent=73380"}],"wp:term":[{"taxonomy":"category","embeddable":true,"href":"https:\/\/blitzconquista.com.br\/index.php?rest_route=%2Fwp%2Fv2%2Fcategories&post=73380"},{"taxonomy":"post_tag","embeddable":true,"href":"https:\/\/blitzconquista.com.br\/index.php?rest_route=%2Fwp%2Fv2%2Ftags&post=73380"}],"curies":[{"name":"wp","href":"https:\/\/api.w.org\/{rel}","templated":true}]}}