{"id":73402,"date":"2018-07-22T12:00:28","date_gmt":"2018-07-22T15:00:28","guid":{"rendered":"http:\/\/blitzconquista.com.br\/?p=73402"},"modified":"2018-07-22T12:00:28","modified_gmt":"2018-07-22T15:00:28","slug":"saiba-quais-sao-os-temas-mais-debatidos-pelos-brasileiros-no-facebook","status":"publish","type":"post","link":"https:\/\/blitzconquista.com.br\/?p=73402","title":{"rendered":"Saiba quais s\u00e3o os temas mais debatidos pelos brasileiros no Facebook"},"content":{"rendered":"<p>Assuntos relacionados a seguran\u00e7a e economia s\u00e3o os mais debatidos pelos brasileiros no Facebook. No total, 64 milh\u00f5es de pessoas geraram quase 1 bilh\u00e3o de intera\u00e7\u00f5es no m\u00eas\u00a0de abril. Este tipo de mapeamento nunca foi disponibilizado publicamente pela companhia.<\/p>\n<p>Os dados foram apresentados pela empresa em um evento sobre internet e elei\u00e7\u00f5es realizado\u00a0ontem (20), em Bras\u00edlia. A plataforma mapeia os assuntos discutidos e organiza estes em grandes temas. No monitoramento compartilhado no evento, foram identificados os n\u00fameros de pessoas abordando as quest\u00f5es, o n\u00famero de intera\u00e7\u00f5es (curtidas, coment\u00e1rios, compartilhamentos) e o percentual por g\u00eanero. Os dados s\u00e3o relativos ao m\u00eas\u00a0de abril.<\/p>\n<p>Diferentemente de pesquisas de opini\u00e3o, que baseiam suas an\u00e1lises em uma amostra de alguns milhares de entrevistados, o quadro montado pelo Facebook toma como refer\u00eancia a sua base de usu\u00e1rios,\u00a0que chegou a 127 milh\u00f5es de pessoas, mais da metade da popula\u00e7\u00e3o brasileira<\/p>\n<p>De acordo com o levantamento, seguran\u00e7a e economia foram os temas mais populares. O primeiro teve 262,2 milh\u00f5es de intera\u00e7\u00f5es promovidas por 32,3 milh\u00f5es de pessoas. J\u00e1 quest\u00f5es vinculadas ao universo econ\u00f4mico geraram 165,8 milh\u00f5es de intera\u00e7\u00f5es envolvendo 30,4 milh\u00f5es de pessoas.<\/p>\n<p>No ranking de \u00e1reas objeto de maior preocupa\u00e7\u00e3o, os dois temas s\u00e3o seguidos por educa\u00e7\u00e3o (119,9 milh\u00f5es de usu\u00e1rios e 26,7 milh\u00f5es de pessoas), tecnologia (102 milh\u00f5es e 19,4 milh\u00f5es), sa\u00fade (96 milh\u00f5es e 25,9 milh\u00f5es) e habita\u00e7\u00e3o (81,3 milh\u00f5es e 19,7 mih\u00f5es).<\/p>\n<p>Na divis\u00e3o por g\u00eanero, o tema de maior preocupa\u00e7\u00e3o das mulheres foi Sa\u00fade (65% to total de pessoas interagindo), seguido de Educa\u00e7\u00e3o (64%) e Habita\u00e7\u00e3o, Economia, Meio Ambiente e G\u00eanero (62%). J\u00e1 a participa\u00e7\u00e3o de homens foi maior nas conversas virtuais sobre Ind\u00fastria (47%), Seguran\u00e7a (43%), Agricultura (41%) e Turismo e Transporte (40%).<\/p>\n<div class=\"dnd-widget-wrapper context-cheio_8colunas type-image atom-align-center\">\n<div class=\"dnd-atom-rendered\">\n<figure class=\"mejs-fotoh-wrapper\"><img decoding=\"async\" class=\"img-responsive full full\" title=\"Divulga\u00e7\u00e3o\/Ag\u00eancia Brasil\" src=\"http:\/\/imagens.ebc.com.br\/KHXTz37HhPKY5J-IM89FpoaAs5s=\/754x0\/smart\/http:\/\/agenciabrasil.ebc.com.br\/sites\/default\/files\/thumbnails\/image\/tabela_facebook.png?itok=G500tZ9T\" alt=\"tabela assuntos mais comentados no Facebook\" \/><\/figure>\n<p>*Ag\u00eancia Brasil<\/p>\n<\/div>\n<\/div>\n","protected":false},"excerpt":{"rendered":"<p>Assuntos relacionados a seguran\u00e7a e economia s\u00e3o os mais debatidos pelos brasileiros no Facebook. No total, 64 milh\u00f5es de pessoas geraram quase 1 bilh\u00e3o de intera\u00e7\u00f5es no m\u00eas\u00a0de abril. Este tipo de mapeamento nunca foi disponibilizado publicamente pela companhia. Os dados foram apresentados pela empresa em um evento sobre internet e elei\u00e7\u00f5es realizado\u00a0ontem (20), em [&hellip;]<\/p>\n","protected":false},"author":1,"featured_media":73403,"comment_status":"closed","ping_status":"closed","sticky":false,"template":"","format":"standard","meta":[],"categories":[478],"tags":[],"_links":{"self":[{"href":"https:\/\/blitzconquista.com.br\/index.php?rest_route=\/wp\/v2\/posts\/73402"}],"collection":[{"href":"https:\/\/blitzconquista.com.br\/index.php?rest_route=\/wp\/v2\/posts"}],"about":[{"href":"https:\/\/blitzconquista.com.br\/index.php?rest_route=\/wp\/v2\/types\/post"}],"author":[{"embeddable":true,"href":"https:\/\/blitzconquista.com.br\/index.php?rest_route=\/wp\/v2\/users\/1"}],"replies":[{"embeddable":true,"href":"https:\/\/blitzconquista.com.br\/index.php?rest_route=%2Fwp%2Fv2%2Fcomments&post=73402"}],"version-history":[{"count":1,"href":"https:\/\/blitzconquista.com.br\/index.php?rest_route=\/wp\/v2\/posts\/73402\/revisions"}],"predecessor-version":[{"id":73404,"href":"https:\/\/blitzconquista.com.br\/index.php?rest_route=\/wp\/v2\/posts\/73402\/revisions\/73404"}],"wp:featuredmedia":[{"embeddable":true,"href":"https:\/\/blitzconquista.com.br\/index.php?rest_route=\/wp\/v2\/media\/73403"}],"wp:attachment":[{"href":"https:\/\/blitzconquista.com.br\/index.php?rest_route=%2Fwp%2Fv2%2Fmedia&parent=73402"}],"wp:term":[{"taxonomy":"category","embeddable":true,"href":"https:\/\/blitzconquista.com.br\/index.php?rest_route=%2Fwp%2Fv2%2Fcategories&post=73402"},{"taxonomy":"post_tag","embeddable":true,"href":"https:\/\/blitzconquista.com.br\/index.php?rest_route=%2Fwp%2Fv2%2Ftags&post=73402"}],"curies":[{"name":"wp","href":"https:\/\/api.w.org\/{rel}","templated":true}]}}