{"id":73425,"date":"2018-07-23T09:34:56","date_gmt":"2018-07-23T12:34:56","guid":{"rendered":"http:\/\/blitzconquista.com.br\/?p=73425"},"modified":"2018-07-23T09:34:56","modified_gmt":"2018-07-23T12:34:56","slug":"conquistenses-sofrem-no-inicio-de-mais-uma-semana-de-caos-no-transporte","status":"publish","type":"post","link":"https:\/\/blitzconquista.com.br\/?p=73425","title":{"rendered":"Conquistenses sofrem no in\u00edcio de mais uma semana de caos no transporte"},"content":{"rendered":"<p><span style=\"color: #ff0000;\"><strong>Dire\u00e7\u00e3o do Sindicatos dos Rodovi\u00e1rios n\u00e3o quer que a Cidade Verde preste servi\u00e7o emergencial.<\/strong><\/span><\/p>\n<p>Seis dias ap\u00f3s a prefeitura interditar 74 \u00f4nibus da Via\u00e7\u00e3o Vit\u00f3ria, ainda n\u00e3o h\u00e1 uma solu\u00e7\u00e3o concreta para o problema. Apenas sete ve\u00edculos da empresa circulam no lote dois.<\/p>\n<p>Quem mais se beneficia com o pandem\u00f4nio s\u00e3o os vanzeiros, que circulam com ve\u00edculos que n\u00e3o s\u00e3o inspecionados, podendo colocar a vida dos passageiros em risco.<\/p>\n<p><img decoding=\"async\" loading=\"lazy\" class=\"aligncenter size-full wp-image-73288\" src=\"http:\/\/blitzconquista.com.br\/wp-content\/uploads\/2018\/07\/0459093e-59d2-482a-81ed-5b219c7b3280.jpg\" alt=\"\" width=\"428\" height=\"241\" srcset=\"https:\/\/blitzconquista.com.br\/wp-content\/uploads\/2018\/07\/0459093e-59d2-482a-81ed-5b219c7b3280.jpg 428w, https:\/\/blitzconquista.com.br\/wp-content\/uploads\/2018\/07\/0459093e-59d2-482a-81ed-5b219c7b3280-300x168.jpg 300w, https:\/\/blitzconquista.com.br\/wp-content\/uploads\/2018\/07\/0459093e-59d2-482a-81ed-5b219c7b3280-215x120.jpg 215w, https:\/\/blitzconquista.com.br\/wp-content\/uploads\/2018\/07\/0459093e-59d2-482a-81ed-5b219c7b3280-414x232.jpg 414w\" sizes=\"(max-width: 428px) 100vw, 428px\" \/><\/p>\n<p>Para minimizar o caos, a Prefeitura solicitou que a Cidade Verde operasse com alguns ve\u00edculos nas linhas da Via\u00e7\u00e3o Vit\u00f3ria. At\u00e9 o momento, a Cidade Verde divulgou estar operando nos itiner\u00e1rios que atendem as Vilas Serranas, Miro Cairo, Nova Cidade, Cidade Maravilhosa e Alto Maron.<\/p>\n<p>Em reuni\u00e3o com a Secretaria de Mobilidade, o representante da Cidade Verde acertou em disponibilizar, nos pr\u00f3ximos dias, 40 coletivos 0km, que est\u00e3o na linha de produ\u00e7\u00e3o da fabricante. Os funcion\u00e1rios da Via\u00e7\u00e3o Vit\u00f3ria seriam absorvidos, afirmou o representando da Cidade Verde.<\/p>\n<p>Acontece que o Sindicato dos Rodovi\u00e1rios rejeita a atua\u00e7\u00e3o da Cidade Verde no servi\u00e7o emergencial de transporte. O posicionamento demonstra que o problema do transporte coletivo vai al\u00e9m decad\u00eancia da Via\u00e7\u00e3o Vit\u00f3ria. H\u00e1 disson\u00e2ncia entre sindicato, prefeitura e empresas de \u00f4nibus, o que impede a estabilidade do servi\u00e7o p\u00fablico de transporte.<\/p>\n<p>Desde o in\u00edcio da gest\u00e3o, o prefeito Herzem Gusm\u00e3o Pereira evidenciou sua rejei\u00e7\u00e3o a Cidade Verde, inclusive comemorou o que ele denominou de \u201cxeque-mate\u201d do judici\u00e1rio na empresa.<\/p>\n<p>Ap\u00f3s agravamento da crise j\u00e1 existente, que explodiu a partir da apreens\u00e3o dos 74 \u00f4nibus da Via\u00e7\u00e3o Vit\u00f3ria, ve\u00edculos que n\u00e3o tem condi\u00e7\u00f5es de circula\u00e7\u00e3o, Pereira Gusm\u00e3o ficou acuado e n\u00e3o teve alternativa. O executivo chamou a Cidade Verde e pediu aux\u00edlio na solu\u00e7\u00e3o da crise do transporte. Aparentemente, a gest\u00e3o foi prontamente atendida. Com o cen\u00e1rio inverso, certamente a Prefeitura deve ter atendido a exig\u00eancias da Cidade Verde, a exemplo do combate ao transporte clandestino, o qual \u00e9 apontado pelas duas empresa como sendo respons\u00e1vel pela fal\u00eancia do sistema.<\/p>\n<p>Agora, com o sindicato colocando o \u201cp\u00e9 na parede\u201d, demonstrando descontentamento com a Cidade Verde, fica claro que a solu\u00e7\u00e3o do problema est\u00e1 longe do fim.<\/p>\n","protected":false},"excerpt":{"rendered":"<p>Dire\u00e7\u00e3o do Sindicatos dos Rodovi\u00e1rios n\u00e3o quer que a Cidade Verde preste servi\u00e7o emergencial. Seis dias ap\u00f3s a prefeitura interditar 74 \u00f4nibus da Via\u00e7\u00e3o Vit\u00f3ria, ainda n\u00e3o h\u00e1 uma solu\u00e7\u00e3o concreta para o problema. Apenas sete ve\u00edculos da empresa circulam no lote dois. Quem mais se beneficia com o pandem\u00f4nio s\u00e3o os vanzeiros, que circulam [&hellip;]<\/p>\n","protected":false},"author":1,"featured_media":73287,"comment_status":"closed","ping_status":"closed","sticky":false,"template":"","format":"standard","meta":[],"categories":[4,212],"tags":[],"_links":{"self":[{"href":"https:\/\/blitzconquista.com.br\/index.php?rest_route=\/wp\/v2\/posts\/73425"}],"collection":[{"href":"https:\/\/blitzconquista.com.br\/index.php?rest_route=\/wp\/v2\/posts"}],"about":[{"href":"https:\/\/blitzconquista.com.br\/index.php?rest_route=\/wp\/v2\/types\/post"}],"author":[{"embeddable":true,"href":"https:\/\/blitzconquista.com.br\/index.php?rest_route=\/wp\/v2\/users\/1"}],"replies":[{"embeddable":true,"href":"https:\/\/blitzconquista.com.br\/index.php?rest_route=%2Fwp%2Fv2%2Fcomments&post=73425"}],"version-history":[{"count":3,"href":"https:\/\/blitzconquista.com.br\/index.php?rest_route=\/wp\/v2\/posts\/73425\/revisions"}],"predecessor-version":[{"id":73443,"href":"https:\/\/blitzconquista.com.br\/index.php?rest_route=\/wp\/v2\/posts\/73425\/revisions\/73443"}],"wp:featuredmedia":[{"embeddable":true,"href":"https:\/\/blitzconquista.com.br\/index.php?rest_route=\/wp\/v2\/media\/73287"}],"wp:attachment":[{"href":"https:\/\/blitzconquista.com.br\/index.php?rest_route=%2Fwp%2Fv2%2Fmedia&parent=73425"}],"wp:term":[{"taxonomy":"category","embeddable":true,"href":"https:\/\/blitzconquista.com.br\/index.php?rest_route=%2Fwp%2Fv2%2Fcategories&post=73425"},{"taxonomy":"post_tag","embeddable":true,"href":"https:\/\/blitzconquista.com.br\/index.php?rest_route=%2Fwp%2Fv2%2Ftags&post=73425"}],"curies":[{"name":"wp","href":"https:\/\/api.w.org\/{rel}","templated":true}]}}