{"id":73502,"date":"2018-07-25T12:30:02","date_gmt":"2018-07-25T15:30:02","guid":{"rendered":"http:\/\/blitzconquista.com.br\/?p=73502"},"modified":"2018-07-25T12:30:02","modified_gmt":"2018-07-25T15:30:02","slug":"celulares-de-gerentes-de-mortes-do-pcc-indicam-matanca-no-pais","status":"publish","type":"post","link":"https:\/\/blitzconquista.com.br\/?p=73502","title":{"rendered":"Celulares de &#8216;gerentes de mortes&#8217; do PCC indicam matan\u00e7a no pa\u00eds"},"content":{"rendered":"<p class=\"c-content-head__subtitle\"><strong><span style=\"color: #ff0000;\">Imagens apreendidas pela pol\u00edcia de SP podem explicar 400 mortes em 6 meses<\/span><\/strong><\/p>\n<p><img decoding=\"async\" loading=\"lazy\" class=\"aligncenter size-full wp-image-73504\" src=\"http:\/\/blitzconquista.com.br\/wp-content\/uploads\/2018\/07\/15324756105b57b8da3a849_1532475610_3x2_lg.jpg\" alt=\"\" width=\"1024\" height=\"683\" srcset=\"https:\/\/blitzconquista.com.br\/wp-content\/uploads\/2018\/07\/15324756105b57b8da3a849_1532475610_3x2_lg.jpg 1024w, https:\/\/blitzconquista.com.br\/wp-content\/uploads\/2018\/07\/15324756105b57b8da3a849_1532475610_3x2_lg-300x200.jpg 300w, https:\/\/blitzconquista.com.br\/wp-content\/uploads\/2018\/07\/15324756105b57b8da3a849_1532475610_3x2_lg-768x512.jpg 768w, https:\/\/blitzconquista.com.br\/wp-content\/uploads\/2018\/07\/15324756105b57b8da3a849_1532475610_3x2_lg-695x464.jpg 695w, https:\/\/blitzconquista.com.br\/wp-content\/uploads\/2018\/07\/15324756105b57b8da3a849_1532475610_3x2_lg-414x276.jpg 414w, https:\/\/blitzconquista.com.br\/wp-content\/uploads\/2018\/07\/15324756105b57b8da3a849_1532475610_3x2_lg-470x313.jpg 470w, https:\/\/blitzconquista.com.br\/wp-content\/uploads\/2018\/07\/15324756105b57b8da3a849_1532475610_3x2_lg-640x426.jpg 640w, https:\/\/blitzconquista.com.br\/wp-content\/uploads\/2018\/07\/15324756105b57b8da3a849_1532475610_3x2_lg-130x86.jpg 130w, https:\/\/blitzconquista.com.br\/wp-content\/uploads\/2018\/07\/15324756105b57b8da3a849_1532475610_3x2_lg-187x124.jpg 187w, https:\/\/blitzconquista.com.br\/wp-content\/uploads\/2018\/07\/15324756105b57b8da3a849_1532475610_3x2_lg-990x660.jpg 990w\" sizes=\"(max-width: 1024px) 100vw, 1024px\" \/><\/p>\n<p>A Pol\u00edcia Civil de S\u00e3o Paulo afirma que a fac\u00e7\u00e3o criminosa PCC pratica um &#8220;verdadeiro genoc\u00eddio&#8221; no pa\u00eds, em sua guerra contra grupos rivais para o dom\u00ednio do tr\u00e1fico nacional de drogas.<\/p>\n<p>A in\u00e9dita classifica\u00e7\u00e3o, que consta em documento oficial da pol\u00edcia paulista, ocorre ap\u00f3s apreens\u00e3o no m\u00eas passado de celulares e tablets de dois criminosos respons\u00e1veis pelo controle de mortes ordenados pela fac\u00e7\u00e3o.<\/p>\n<p>Segundo o documento, nesses aparelhos h\u00e1 milhares de imagens de\u00a0pessoas assassinadas\u00a0em todo o pa\u00eds a mando da fac\u00e7\u00e3o &#8211;de inimigos ou de membros do pr\u00f3prio grupo acusados de faltas graves. &#8220;[S\u00e3o] milhares de registros, fotos e v\u00eddeos que demonstram, ainda que de forma fragment\u00e1ria, o funcionamento desta c\u00e9lula criminosa para a pr\u00e1tica de um verdadeiro genoc\u00eddio no Brasil&#8221;, diz trecho do documento da pol\u00edcia.<\/p>\n<p>Apesar de gigantesca, a quantidade de mortes registradas nos celulares j\u00e1 era esperada pelos policiais, porque, em seis meses de monitoramento, eles j\u00e1 acompanhavam em investiga\u00e7\u00f5es paralelas algo em torno de 400 assassinatos sob a ordem da fac\u00e7\u00e3o &#8211;uma m\u00e9dia de dois por dia. Agora poder\u00e3o cruzar essas suspeitas com as imagens.<\/p>\n<p>Os policiais sabiam tamb\u00e9m que a chefia da quadrilha ordenava que\u00a0todas as mortes\u00a0fossem fotografadas ou filmadas e enviadas para esses chefes respons\u00e1veis pela contabilidade dos assassinatos.<\/p>\n<p>Um exemplo dessa obrigatoriedade, segundo a pol\u00edcia, est\u00e1 em um caso ocorrido em Mato Grosso do Sul no qual os membros da fac\u00e7\u00e3o assassinaram uma pessoa, ap\u00f3s ordem da c\u00fapula, mas &#8220;esqueceram de fotografar a v\u00edtima&#8221;. Ao informarem aos chefes sobre o esquecimento, os bandidos foram obrigados ent\u00e3o a retornar ao local o crime, desenterrar o corpo e providenciar o registro fotogr\u00e1fico.<\/p>\n<figure id=\"attachment_73503\" aria-describedby=\"caption-attachment-73503\" style=\"width: 588px\" class=\"wp-caption aligncenter\"><img decoding=\"async\" loading=\"lazy\" class=\"wp-image-73503 size-full\" src=\"http:\/\/blitzconquista.com.br\/wp-content\/uploads\/2018\/07\/pccsaredafgat4ag.jpg\" alt=\"\" width=\"588\" height=\"416\" srcset=\"https:\/\/blitzconquista.com.br\/wp-content\/uploads\/2018\/07\/pccsaredafgat4ag.jpg 588w, https:\/\/blitzconquista.com.br\/wp-content\/uploads\/2018\/07\/pccsaredafgat4ag-300x212.jpg 300w\" sizes=\"(max-width: 588px) 100vw, 588px\" \/><figcaption id=\"caption-attachment-73503\" class=\"wp-caption-text\">Monumento do Duque de Caxias pichado com a sigla PCC Rubens Cavallari\/Folhapress<\/figcaption><\/figure>\n<p>Al\u00e9m das imagens, o que vai ajudar a pol\u00edcia a identificar as v\u00edtimas s\u00e3o os relat\u00f3rios dos assassinatos produzidos pelos bandidos e enviados com as imagens.<\/p>\n<p>Em muitos casos, a pol\u00edcia acompanhou os crimes em telefonemas monitorados, mas n\u00e3o sabia detalhes das v\u00edtimas ou os locais dos crimes. &#8220;Na maioria, o corpo desapareceu ou as investiga\u00e7\u00f5es ainda n\u00e3o identificaram a localidade dos fatos&#8221;, diz trecho do relat\u00f3rio obtido pela Folha.<\/p>\n<p>Esse material estava em equipamentos apreendidos no m\u00eas passado durante a chamada opera\u00e7\u00e3o Echelon (do grego escal\u00e3o). Eles pertenciam a Adriano Hil\u00e1rio dos Santos, o Kaique, a Alexandre da Silva Ara\u00fajo, o Da Sul &#8211;presos apontados pela pol\u00edcia como dois dos cinco respons\u00e1veis pelos controles da mortes do PCC no pa\u00eds, chamados de &#8220;resumos disciplinares dos estados&#8221;. Cada criminoso \u00e9 respons\u00e1vel por uma determinada regi\u00e3o do Brasil &#8211;outros tr\u00eas foram identificados mas seguem foragidos.<\/p>\n<p>No crime, ocupam fun\u00e7\u00f5es semelhantes a desembargadores nos tribunais do crime.\u00a0&#8220;Ju\u00edzes&#8221; de segunda inst\u00e2ncia\u00a0que d\u00e3o a \u00faltima palavra de quem vive ou quem morre nos julgamentos de criminosos.<\/p>\n<p>Segundo a Pol\u00edcia Civil, um dos celulares com maior volume de registros, pertencente a Kaique, ainda n\u00e3o foi destravado. Os policiais ainda tentam identificar a senha de libera\u00e7\u00e3o. Ap\u00f3s acesso ao restante do material, a pol\u00edcia acredita que a quantidade por chegar a milhares, porque as 400 mortes j\u00e1 sabidas se referem aos seis \u00faltimos meses de 2017, e a fac\u00e7\u00e3o est\u00e1 em guerra aberta desde outubro de 2016.<\/p>\n<p>Foi naquele m\u00eas que a fac\u00e7\u00e3o matou 12 integrantes de grupos rivais no pres\u00eddio de Monte Cristo, em Boa Vista (RR), chacina que provocaria o contra-ataque em outros pres\u00eddios, como no Amazonas.<\/p>\n<p>A fac\u00e7\u00e3o entrou em guerra, segundo os mesmos registros e pessoas ligadas \u00e0 c\u00fapula da fac\u00e7\u00e3o, porque outros grupos, em especial o CV (Comando Vermelho), proibiram o PCC de &#8220;batizar&#8221; novos adeptos dentro\u00a0de fora nas pris\u00f5es em diferentes estados\u00a0brasileiros.<\/p>\n<p>O batismo \u00e9 uma esp\u00e9cie de juramento de fidelidade do bandido \u00e0s regras do grupo e tamb\u00e9m a principal forma de a fac\u00e7\u00e3o expandir seu tamanho e, com ele, o dom\u00ednio das rotas de tr\u00e1fico pelo pa\u00eds. Quem domina as pris\u00f5es, a l\u00f3gica do crime, domina tamb\u00e9m o crime fora dela.<\/p>\n<p>No documento da pol\u00edcia, os delegados sugerem a mudan\u00e7as na legisla\u00e7\u00e3o para que essas mortes do PCC sejam classificadas como genoc\u00eddio. &#8220;Para incluir no tipo penal a destrui\u00e7\u00e3o, no todo ou em parte, de grupo regional (ou grupo organizado, ainda que voltado \u00e0 atividade criminosa)&#8221;.<\/p>\n<p>*Fonte: Folha<\/p>\n","protected":false},"excerpt":{"rendered":"<p>Imagens apreendidas pela pol\u00edcia de SP podem explicar 400 mortes em 6 meses A Pol\u00edcia Civil de S\u00e3o Paulo afirma que a fac\u00e7\u00e3o criminosa PCC pratica um &#8220;verdadeiro genoc\u00eddio&#8221; no pa\u00eds, em sua guerra contra grupos rivais para o dom\u00ednio do tr\u00e1fico nacional de drogas. A in\u00e9dita classifica\u00e7\u00e3o, que consta em documento oficial da pol\u00edcia [&hellip;]<\/p>\n","protected":false},"author":1,"featured_media":73504,"comment_status":"closed","ping_status":"closed","sticky":false,"template":"","format":"standard","meta":[],"categories":[478],"tags":[],"_links":{"self":[{"href":"https:\/\/blitzconquista.com.br\/index.php?rest_route=\/wp\/v2\/posts\/73502"}],"collection":[{"href":"https:\/\/blitzconquista.com.br\/index.php?rest_route=\/wp\/v2\/posts"}],"about":[{"href":"https:\/\/blitzconquista.com.br\/index.php?rest_route=\/wp\/v2\/types\/post"}],"author":[{"embeddable":true,"href":"https:\/\/blitzconquista.com.br\/index.php?rest_route=\/wp\/v2\/users\/1"}],"replies":[{"embeddable":true,"href":"https:\/\/blitzconquista.com.br\/index.php?rest_route=%2Fwp%2Fv2%2Fcomments&post=73502"}],"version-history":[{"count":1,"href":"https:\/\/blitzconquista.com.br\/index.php?rest_route=\/wp\/v2\/posts\/73502\/revisions"}],"predecessor-version":[{"id":73505,"href":"https:\/\/blitzconquista.com.br\/index.php?rest_route=\/wp\/v2\/posts\/73502\/revisions\/73505"}],"wp:featuredmedia":[{"embeddable":true,"href":"https:\/\/blitzconquista.com.br\/index.php?rest_route=\/wp\/v2\/media\/73504"}],"wp:attachment":[{"href":"https:\/\/blitzconquista.com.br\/index.php?rest_route=%2Fwp%2Fv2%2Fmedia&parent=73502"}],"wp:term":[{"taxonomy":"category","embeddable":true,"href":"https:\/\/blitzconquista.com.br\/index.php?rest_route=%2Fwp%2Fv2%2Fcategories&post=73502"},{"taxonomy":"post_tag","embeddable":true,"href":"https:\/\/blitzconquista.com.br\/index.php?rest_route=%2Fwp%2Fv2%2Ftags&post=73502"}],"curies":[{"name":"wp","href":"https:\/\/api.w.org\/{rel}","templated":true}]}}