{"id":73544,"date":"2018-07-26T09:14:03","date_gmt":"2018-07-26T12:14:03","guid":{"rendered":"http:\/\/blitzconquista.com.br\/?p=73544"},"modified":"2018-07-26T09:14:03","modified_gmt":"2018-07-26T12:14:03","slug":"governo-trump-tem-ate-hoje-para-reunir-criancas-afastadas-de-pais","status":"publish","type":"post","link":"https:\/\/blitzconquista.com.br\/?p=73544","title":{"rendered":"Governo Trump tem at\u00e9 hoje para reunir crian\u00e7as afastadas de pais"},"content":{"rendered":"<p>Acaba nesta quinta-feira (26) o prazo de 30 dias que a Justi\u00e7a deu para que o governo de Donald Trump reunisse mais de 2,5 mil crian\u00e7as afastadas de seus pais, na fronteira com o M\u00e9xico.<\/p>\n<p>O governo norte-americano j\u00e1 disse que n\u00e3o conseguiria cumprir a determina\u00e7\u00e3o. Nem primeira parte da decis\u00e3o foi cumprida.<\/p>\n<p>A Justi\u00e7a ordenou que at\u00e9 o \u00faltimo dia 10 de julho os menores de 5 anos fossem reunidos aos responsaveis. Das 103 crian\u00e7as nesta faixa et\u00e1ria somente 58 foram entregues aos respons\u00e1eis, segundo o pr\u00f3prio Departamento de Justi\u00e7a.<\/p>\n<p>No come\u00e7o da semana, o Departamento de Seguran\u00e7a Nacional, respons\u00e1vel pela cust\u00f3dia dos menores em abrigos, afirmou j\u00e1 ter reunido cerca de 1,5 mil crian\u00e7as de um total de 2,5 mil.<\/p>\n<p>A Uni\u00e3o Americana de Direitos Civis, que representa legalmente centenas de casos, questiona os n\u00fameros apresentados pelo governo. Segundo a entidade n\u00e3o \u00e9 poss\u00edvel verificar a quantidade exata e quem s\u00e3o as fam\u00edlias que j\u00e1 foram reunidas.<\/p>\n<p>Analistas avaliam que se o caso for confirmado, o Governo Trump n\u00e3o conseguir\u00e1 reunir as fam\u00edlias at\u00e9 o fim do dia de hoje e a Justi\u00e7a americana pode adotar diferentes medidas: uma delas seria declarar neglig\u00eancia da administra\u00e7\u00e3o.<\/p>\n<p>Outra, seria dar mais tempo para a reuni\u00e3o das fam\u00edlias, uma solicita\u00e7\u00e3o que j\u00e1 foi apresentada pelos advogados do Departamento de Justi\u00e7a.<\/p>\n<p>*Ag\u00eancia Brasil<\/p>\n","protected":false},"excerpt":{"rendered":"<p>Acaba nesta quinta-feira (26) o prazo de 30 dias que a Justi\u00e7a deu para que o governo de Donald Trump reunisse mais de 2,5 mil crian\u00e7as afastadas de seus pais, na fronteira com o M\u00e9xico. O governo norte-americano j\u00e1 disse que n\u00e3o conseguiria cumprir a determina\u00e7\u00e3o. Nem primeira parte da decis\u00e3o foi cumprida. A Justi\u00e7a [&hellip;]<\/p>\n","protected":false},"author":1,"featured_media":73545,"comment_status":"closed","ping_status":"closed","sticky":false,"template":"","format":"standard","meta":[],"categories":[478],"tags":[],"_links":{"self":[{"href":"https:\/\/blitzconquista.com.br\/index.php?rest_route=\/wp\/v2\/posts\/73544"}],"collection":[{"href":"https:\/\/blitzconquista.com.br\/index.php?rest_route=\/wp\/v2\/posts"}],"about":[{"href":"https:\/\/blitzconquista.com.br\/index.php?rest_route=\/wp\/v2\/types\/post"}],"author":[{"embeddable":true,"href":"https:\/\/blitzconquista.com.br\/index.php?rest_route=\/wp\/v2\/users\/1"}],"replies":[{"embeddable":true,"href":"https:\/\/blitzconquista.com.br\/index.php?rest_route=%2Fwp%2Fv2%2Fcomments&post=73544"}],"version-history":[{"count":1,"href":"https:\/\/blitzconquista.com.br\/index.php?rest_route=\/wp\/v2\/posts\/73544\/revisions"}],"predecessor-version":[{"id":73546,"href":"https:\/\/blitzconquista.com.br\/index.php?rest_route=\/wp\/v2\/posts\/73544\/revisions\/73546"}],"wp:featuredmedia":[{"embeddable":true,"href":"https:\/\/blitzconquista.com.br\/index.php?rest_route=\/wp\/v2\/media\/73545"}],"wp:attachment":[{"href":"https:\/\/blitzconquista.com.br\/index.php?rest_route=%2Fwp%2Fv2%2Fmedia&parent=73544"}],"wp:term":[{"taxonomy":"category","embeddable":true,"href":"https:\/\/blitzconquista.com.br\/index.php?rest_route=%2Fwp%2Fv2%2Fcategories&post=73544"},{"taxonomy":"post_tag","embeddable":true,"href":"https:\/\/blitzconquista.com.br\/index.php?rest_route=%2Fwp%2Fv2%2Ftags&post=73544"}],"curies":[{"name":"wp","href":"https:\/\/api.w.org\/{rel}","templated":true}]}}