{"id":73657,"date":"2018-07-26T21:34:51","date_gmt":"2018-07-27T00:34:51","guid":{"rendered":"http:\/\/blitzconquista.com.br\/?p=73657"},"modified":"2018-07-26T21:34:51","modified_gmt":"2018-07-27T00:34:51","slug":"serie-pastores-que-trabalham-pr-eduardo-de-jesus-fala-sobre-o-assunto","status":"publish","type":"post","link":"https:\/\/blitzconquista.com.br\/?p=73657","title":{"rendered":"Serie Pastores Que Trabalham : Pr. Eduardo de Jesus fala sobre o Assunto."},"content":{"rendered":"<p><em><strong><img decoding=\"async\" loading=\"lazy\" class=\" wp-image-73661 aligncenter\" src=\"http:\/\/blitzconquista.com.br\/wp-content\/uploads\/2018\/07\/IMG_2253-300x225.jpg\" alt=\"\" width=\"491\" height=\"368\" srcset=\"https:\/\/blitzconquista.com.br\/wp-content\/uploads\/2018\/07\/IMG_2253-300x225.jpg 300w, https:\/\/blitzconquista.com.br\/wp-content\/uploads\/2018\/07\/IMG_2253-768x576.jpg 768w, https:\/\/blitzconquista.com.br\/wp-content\/uploads\/2018\/07\/IMG_2253-695x521.jpg 695w, https:\/\/blitzconquista.com.br\/wp-content\/uploads\/2018\/07\/IMG_2253-74x55.jpg 74w, https:\/\/blitzconquista.com.br\/wp-content\/uploads\/2018\/07\/IMG_2253-111x83.jpg 111w, https:\/\/blitzconquista.com.br\/wp-content\/uploads\/2018\/07\/IMG_2253-215x161.jpg 215w, https:\/\/blitzconquista.com.br\/wp-content\/uploads\/2018\/07\/IMG_2253-990x743.jpg 990w, https:\/\/blitzconquista.com.br\/wp-content\/uploads\/2018\/07\/IMG_2253-1320x990.jpg 1320w\" sizes=\"(max-width: 491px) 100vw, 491px\" \/>O que voc\u00ea acha de pastores que conciliam seu tempo entre o minist\u00e9rio pastoral com o trabalho secular?<\/strong> <\/em>O Portal Conquista Gospel , est\u00e1 ouvindo pastores que se posicionam sobre o tema. Ouvimos o pastor Eduardo de Jesus da Igreja Raiz de Davi, em Vit\u00f3ria da Conquista Bahia.\u00a0 Eduardo de Jesus \u00e9 tamb\u00e9m comerciante de frutas h\u00e1 quinze anos ,nesse ramo.\u00a8Conheci Jesus aqui nessa localidade onde trabalho\u00a8disse.<\/p>\n<p><strong>Assista o v\u00eddeo:\u00a0<\/strong><\/p>\n<p><iframe loading=\"lazy\" width=\"1320\" height=\"743\" src=\"https:\/\/www.youtube.com\/embed\/9jbtRPUuUzA?feature=oembed\" frameborder=\"0\" allow=\"autoplay; encrypted-media\" allowfullscreen><\/iframe><\/p>\n<p>Na entrevista o pastor Eduardo de Jesus fala ainda sobre a atual situa\u00e7\u00e3o do evangelho no Brasil.<\/p>\n<p><img decoding=\"async\" loading=\"lazy\" class=\" wp-image-73662 aligncenter\" src=\"http:\/\/blitzconquista.com.br\/wp-content\/uploads\/2018\/07\/IMG_2247-300x225.jpg\" alt=\"\" width=\"525\" height=\"394\" srcset=\"https:\/\/blitzconquista.com.br\/wp-content\/uploads\/2018\/07\/IMG_2247-300x225.jpg 300w, https:\/\/blitzconquista.com.br\/wp-content\/uploads\/2018\/07\/IMG_2247-768x576.jpg 768w, https:\/\/blitzconquista.com.br\/wp-content\/uploads\/2018\/07\/IMG_2247-695x521.jpg 695w, https:\/\/blitzconquista.com.br\/wp-content\/uploads\/2018\/07\/IMG_2247-74x55.jpg 74w, https:\/\/blitzconquista.com.br\/wp-content\/uploads\/2018\/07\/IMG_2247-111x83.jpg 111w, https:\/\/blitzconquista.com.br\/wp-content\/uploads\/2018\/07\/IMG_2247-215x161.jpg 215w, https:\/\/blitzconquista.com.br\/wp-content\/uploads\/2018\/07\/IMG_2247-990x743.jpg 990w, https:\/\/blitzconquista.com.br\/wp-content\/uploads\/2018\/07\/IMG_2247-1320x990.jpg 1320w\" sizes=\"(max-width: 525px) 100vw, 525px\" \/><\/p>\n<p>Siga nosso Instagram @portalconquistagospel<\/p>\n","protected":false},"excerpt":{"rendered":"<p>O que voc\u00ea acha de pastores que conciliam seu tempo entre o minist\u00e9rio pastoral com o trabalho secular? O Portal Conquista Gospel , est\u00e1 ouvindo pastores que se posicionam sobre o tema. Ouvimos o pastor Eduardo de Jesus da Igreja Raiz de Davi, em Vit\u00f3ria da Conquista Bahia.\u00a0 Eduardo de Jesus \u00e9 tamb\u00e9m comerciante de [&hellip;]<\/p>\n","protected":false},"author":1,"featured_media":73660,"comment_status":"closed","ping_status":"closed","sticky":false,"template":"","format":"standard","meta":[],"categories":[410],"tags":[],"_links":{"self":[{"href":"https:\/\/blitzconquista.com.br\/index.php?rest_route=\/wp\/v2\/posts\/73657"}],"collection":[{"href":"https:\/\/blitzconquista.com.br\/index.php?rest_route=\/wp\/v2\/posts"}],"about":[{"href":"https:\/\/blitzconquista.com.br\/index.php?rest_route=\/wp\/v2\/types\/post"}],"author":[{"embeddable":true,"href":"https:\/\/blitzconquista.com.br\/index.php?rest_route=\/wp\/v2\/users\/1"}],"replies":[{"embeddable":true,"href":"https:\/\/blitzconquista.com.br\/index.php?rest_route=%2Fwp%2Fv2%2Fcomments&post=73657"}],"version-history":[{"count":1,"href":"https:\/\/blitzconquista.com.br\/index.php?rest_route=\/wp\/v2\/posts\/73657\/revisions"}],"predecessor-version":[{"id":73663,"href":"https:\/\/blitzconquista.com.br\/index.php?rest_route=\/wp\/v2\/posts\/73657\/revisions\/73663"}],"wp:featuredmedia":[{"embeddable":true,"href":"https:\/\/blitzconquista.com.br\/index.php?rest_route=\/wp\/v2\/media\/73660"}],"wp:attachment":[{"href":"https:\/\/blitzconquista.com.br\/index.php?rest_route=%2Fwp%2Fv2%2Fmedia&parent=73657"}],"wp:term":[{"taxonomy":"category","embeddable":true,"href":"https:\/\/blitzconquista.com.br\/index.php?rest_route=%2Fwp%2Fv2%2Fcategories&post=73657"},{"taxonomy":"post_tag","embeddable":true,"href":"https:\/\/blitzconquista.com.br\/index.php?rest_route=%2Fwp%2Fv2%2Ftags&post=73657"}],"curies":[{"name":"wp","href":"https:\/\/api.w.org\/{rel}","templated":true}]}}