{"id":73681,"date":"2018-07-27T11:58:10","date_gmt":"2018-07-27T14:58:10","guid":{"rendered":"http:\/\/blitzconquista.com.br\/?p=73681"},"modified":"2018-07-27T11:58:10","modified_gmt":"2018-07-27T14:58:10","slug":"policia-militar-forma-novos-sargentos-na-capital-e-interior-do-estado","status":"publish","type":"post","link":"https:\/\/blitzconquista.com.br\/?p=73681","title":{"rendered":"Pol\u00edcia Militar forma novos sargentos na capital e interior do estado"},"content":{"rendered":"<div>A cerim\u00f4nia de forma\u00e7\u00e3o de 181 sargentos da Pol\u00edcia Militar da Bahia foi realizada na manh\u00e3 desta quarta-feira (26), na Vila Militar, no bairro do Bonfim, em Salvador. Os policiais participaram do curso de forma\u00e7\u00e3o e aperfei\u00e7oamento de pra\u00e7as, que teve dura\u00e7\u00e3o de 45 dias. Outros 56 sargentos foram graduados em Feira de Santana e 19 em Ilh\u00e9us. Ao todo, a Pol\u00edcia Militar eleva a patente de 256 policiais militares do estado.<\/div>\n<div><img decoding=\"async\" loading=\"lazy\" class=\"aligncenter size-full wp-image-73685\" src=\"http:\/\/blitzconquista.com.br\/wp-content\/uploads\/2018\/07\/Foto-Alberto-Coutinho_GOVBA-1.jpg\" alt=\"\" width=\"700\" height=\"467\" srcset=\"https:\/\/blitzconquista.com.br\/wp-content\/uploads\/2018\/07\/Foto-Alberto-Coutinho_GOVBA-1.jpg 700w, https:\/\/blitzconquista.com.br\/wp-content\/uploads\/2018\/07\/Foto-Alberto-Coutinho_GOVBA-1-300x200.jpg 300w, https:\/\/blitzconquista.com.br\/wp-content\/uploads\/2018\/07\/Foto-Alberto-Coutinho_GOVBA-1-695x464.jpg 695w, https:\/\/blitzconquista.com.br\/wp-content\/uploads\/2018\/07\/Foto-Alberto-Coutinho_GOVBA-1-414x276.jpg 414w, https:\/\/blitzconquista.com.br\/wp-content\/uploads\/2018\/07\/Foto-Alberto-Coutinho_GOVBA-1-470x313.jpg 470w, https:\/\/blitzconquista.com.br\/wp-content\/uploads\/2018\/07\/Foto-Alberto-Coutinho_GOVBA-1-640x426.jpg 640w, https:\/\/blitzconquista.com.br\/wp-content\/uploads\/2018\/07\/Foto-Alberto-Coutinho_GOVBA-1-130x86.jpg 130w, https:\/\/blitzconquista.com.br\/wp-content\/uploads\/2018\/07\/Foto-Alberto-Coutinho_GOVBA-1-187x124.jpg 187w\" sizes=\"(max-width: 700px) 100vw, 700px\" \/><\/p>\n<p>O subcomandante geral da PM, coronel Ant\u00f4nio Jos\u00e9 Barbosa Reis, destacou que a forma\u00e7\u00e3o representa o reconhecimento pelos servi\u00e7os prestados por cada um dos sargentos. \u201c\u00c9 um reconhecimento da corpora\u00e7\u00e3o para esses policiais que est\u00e3o na carreira h\u00e1 muitos anos, e, agora, recebem uma nova forma\u00e7\u00e3o&#8221;.<\/p><\/div>\n<div><img decoding=\"async\" loading=\"lazy\" class=\"aligncenter size-full wp-image-73683\" src=\"http:\/\/blitzconquista.com.br\/wp-content\/uploads\/2018\/07\/Foto-Alberto-Coutinho_GOVBA-3.jpg\" alt=\"\" width=\"700\" height=\"467\" srcset=\"https:\/\/blitzconquista.com.br\/wp-content\/uploads\/2018\/07\/Foto-Alberto-Coutinho_GOVBA-3.jpg 700w, https:\/\/blitzconquista.com.br\/wp-content\/uploads\/2018\/07\/Foto-Alberto-Coutinho_GOVBA-3-300x200.jpg 300w, https:\/\/blitzconquista.com.br\/wp-content\/uploads\/2018\/07\/Foto-Alberto-Coutinho_GOVBA-3-695x464.jpg 695w, https:\/\/blitzconquista.com.br\/wp-content\/uploads\/2018\/07\/Foto-Alberto-Coutinho_GOVBA-3-414x276.jpg 414w, https:\/\/blitzconquista.com.br\/wp-content\/uploads\/2018\/07\/Foto-Alberto-Coutinho_GOVBA-3-470x313.jpg 470w, https:\/\/blitzconquista.com.br\/wp-content\/uploads\/2018\/07\/Foto-Alberto-Coutinho_GOVBA-3-640x426.jpg 640w, https:\/\/blitzconquista.com.br\/wp-content\/uploads\/2018\/07\/Foto-Alberto-Coutinho_GOVBA-3-130x86.jpg 130w, https:\/\/blitzconquista.com.br\/wp-content\/uploads\/2018\/07\/Foto-Alberto-Coutinho_GOVBA-3-187x124.jpg 187w\" sizes=\"(max-width: 700px) 100vw, 700px\" \/><\/p>\n<p>O curso realizado foi voltado para cabos que tiveram disciplinas de policiamento ostensivo geral, direitos humanos, direito militar aplicado, legisla\u00e7\u00e3o, pol\u00edcia comunit\u00e1ria, tiro policial, policiamento de tr\u00e2nsito , entre outro temas.<\/p><\/div>\n<div><\/div>\n<div>O comandante do curso de forma\u00e7\u00e3o e aperfei\u00e7oamento de pra\u00e7as, coronel Paulo Coutinho, explicou a contribui\u00e7\u00e3o do processo de aperfei\u00e7oamento. \u201cNo curso \u00e9 trabalhada a lideran\u00e7a, porque agora esses policiais passam a exercer a gradua\u00e7\u00e3o de sargento, que representa o elo entre o comando e a tropa, que \u00e9 fundamental para o exerc\u00edcio das atividade no dia a dia\u201d.<\/div>\n<div><img decoding=\"async\" loading=\"lazy\" class=\"aligncenter size-full wp-image-73682\" src=\"http:\/\/blitzconquista.com.br\/wp-content\/uploads\/2018\/07\/Foto-Alberto-Coutinho_GOVBA-2.jpg\" alt=\"\" width=\"700\" height=\"467\" srcset=\"https:\/\/blitzconquista.com.br\/wp-content\/uploads\/2018\/07\/Foto-Alberto-Coutinho_GOVBA-2.jpg 700w, https:\/\/blitzconquista.com.br\/wp-content\/uploads\/2018\/07\/Foto-Alberto-Coutinho_GOVBA-2-300x200.jpg 300w, https:\/\/blitzconquista.com.br\/wp-content\/uploads\/2018\/07\/Foto-Alberto-Coutinho_GOVBA-2-695x464.jpg 695w, https:\/\/blitzconquista.com.br\/wp-content\/uploads\/2018\/07\/Foto-Alberto-Coutinho_GOVBA-2-414x276.jpg 414w, https:\/\/blitzconquista.com.br\/wp-content\/uploads\/2018\/07\/Foto-Alberto-Coutinho_GOVBA-2-470x313.jpg 470w, https:\/\/blitzconquista.com.br\/wp-content\/uploads\/2018\/07\/Foto-Alberto-Coutinho_GOVBA-2-640x426.jpg 640w, https:\/\/blitzconquista.com.br\/wp-content\/uploads\/2018\/07\/Foto-Alberto-Coutinho_GOVBA-2-130x86.jpg 130w, https:\/\/blitzconquista.com.br\/wp-content\/uploads\/2018\/07\/Foto-Alberto-Coutinho_GOVBA-2-187x124.jpg 187w\" sizes=\"(max-width: 700px) 100vw, 700px\" \/><\/p>\n<p><b>Homenagem<\/b><\/p>\n<p>Durante a cerim\u00f4nia foi realizada uma homenagem ao sargento Jos\u00e9 Luiz da Hora, sequestrado e morto em junho deste ano, no bairro da Santa Cruz. Jos\u00e9 Luiz era cabo e integrava a turma de sargentos graduada nesta quarta-feira. A esposa do sargento, Eliana Eliza da Hora, esteve na cerim\u00f4nia acompanhada por outros familiares para receber a honraria em mem\u00f3ria do marido.<\/p><\/div>\n<div><b><i>Fotos: Alberto Coutinho\/GOVBA<\/i><\/b><\/div>\n","protected":false},"excerpt":{"rendered":"<p>A cerim\u00f4nia de forma\u00e7\u00e3o de 181 sargentos da Pol\u00edcia Militar da Bahia foi realizada na manh\u00e3 desta quarta-feira (26), na Vila Militar, no bairro do Bonfim, em Salvador. Os policiais participaram do curso de forma\u00e7\u00e3o e aperfei\u00e7oamento de pra\u00e7as, que teve dura\u00e7\u00e3o de 45 dias. Outros 56 sargentos foram graduados em Feira de Santana e [&hellip;]<\/p>\n","protected":false},"author":1,"featured_media":73684,"comment_status":"closed","ping_status":"closed","sticky":false,"template":"","format":"standard","meta":[],"categories":[3],"tags":[],"_links":{"self":[{"href":"https:\/\/blitzconquista.com.br\/index.php?rest_route=\/wp\/v2\/posts\/73681"}],"collection":[{"href":"https:\/\/blitzconquista.com.br\/index.php?rest_route=\/wp\/v2\/posts"}],"about":[{"href":"https:\/\/blitzconquista.com.br\/index.php?rest_route=\/wp\/v2\/types\/post"}],"author":[{"embeddable":true,"href":"https:\/\/blitzconquista.com.br\/index.php?rest_route=\/wp\/v2\/users\/1"}],"replies":[{"embeddable":true,"href":"https:\/\/blitzconquista.com.br\/index.php?rest_route=%2Fwp%2Fv2%2Fcomments&post=73681"}],"version-history":[{"count":1,"href":"https:\/\/blitzconquista.com.br\/index.php?rest_route=\/wp\/v2\/posts\/73681\/revisions"}],"predecessor-version":[{"id":73686,"href":"https:\/\/blitzconquista.com.br\/index.php?rest_route=\/wp\/v2\/posts\/73681\/revisions\/73686"}],"wp:featuredmedia":[{"embeddable":true,"href":"https:\/\/blitzconquista.com.br\/index.php?rest_route=\/wp\/v2\/media\/73684"}],"wp:attachment":[{"href":"https:\/\/blitzconquista.com.br\/index.php?rest_route=%2Fwp%2Fv2%2Fmedia&parent=73681"}],"wp:term":[{"taxonomy":"category","embeddable":true,"href":"https:\/\/blitzconquista.com.br\/index.php?rest_route=%2Fwp%2Fv2%2Fcategories&post=73681"},{"taxonomy":"post_tag","embeddable":true,"href":"https:\/\/blitzconquista.com.br\/index.php?rest_route=%2Fwp%2Fv2%2Ftags&post=73681"}],"curies":[{"name":"wp","href":"https:\/\/api.w.org\/{rel}","templated":true}]}}