{"id":73775,"date":"2018-07-29T23:01:53","date_gmt":"2018-07-30T02:01:53","guid":{"rendered":"http:\/\/blitzconquista.com.br\/?p=73775"},"modified":"2018-07-29T23:01:53","modified_gmt":"2018-07-30T02:01:53","slug":"aviao-de-pequeno-porte-cai-no-campo-de-marte-em-sao-paulo","status":"publish","type":"post","link":"https:\/\/blitzconquista.com.br\/?p=73775","title":{"rendered":"Avi\u00e3o de pequeno porte cai no Campo de Marte, em S\u00e3o Paulo"},"content":{"rendered":"<p style=\"box-sizing:border-box; margin:0px0px15px; padding:0px; font-family:Raleway,sans-serif; font-weight:400; font-size:12pt; line-height:1.5em; color:rgb(51,51,51); font-style:normal; font-variant-ligatures:normal; font-variant-caps:normal; letter-spacing:normal; orphans:2text-indent:0px; text-transform:none; white-space:normal; widows:2; word-spacing:0px; -webkit-text-stroke-width:0px; background-color:rgb(255,255,255); text-decoration-style:initial; text-decoration-color:initial; text-align:left;\">Um avi\u00e3o de pequeno porte caiu por volta das 18h no Aeroporto de Campo de Marte, na zona norte da cidade de S\u00e3o Paulo. Imagens de TV mostram uma aeronave destru\u00edda ap\u00f3s uma explos\u00e3o. Dez viaturas do Corpo de Bombeiros e o helic\u00f3ptero \u00c1guia foram enviados ao local.<\/p>\n<p><img decoding=\"async\" loading=\"lazy\" src=\"http:\/\/blitzconquista.com.br\/wp-content\/uploads\/2018\/07\/campo-29072018183035863.jpeg\" width=\"460\" height=\"305\" class=\"alignnone wp-image-73772 size-full\" srcset=\"https:\/\/blitzconquista.com.br\/wp-content\/uploads\/2018\/07\/campo-29072018183035863.jpeg 460w, https:\/\/blitzconquista.com.br\/wp-content\/uploads\/2018\/07\/campo-29072018183035863-300x200.jpeg 300w, https:\/\/blitzconquista.com.br\/wp-content\/uploads\/2018\/07\/campo-29072018183035863-414x276.jpeg 414w, https:\/\/blitzconquista.com.br\/wp-content\/uploads\/2018\/07\/campo-29072018183035863-130x86.jpeg 130w, https:\/\/blitzconquista.com.br\/wp-content\/uploads\/2018\/07\/campo-29072018183035863-187x124.jpeg 187w, https:\/\/blitzconquista.com.br\/wp-content\/uploads\/2018\/07\/campo-29072018183035863-459x305.jpeg 459w\" sizes=\"(max-width: 460px) 100vw, 460px\" \/><\/p>\n<p style=\"box-sizing:border-box; margin:0px0px15px; padding:0px; font-family:Raleway,sans-serif; font-weight:400; font-size:12pt; line-height:1.5em; color:rgb(51,51,51); font-style:normal; font-variant-ligatures:normal; font-variant-caps:normal; letter-spacing:normal; orphans:2text-indent:0px; text-transform:none; white-space:normal; widows:2; word-spacing:0px; -webkit-text-stroke-width:0px; background-color:rgb(255,255,255); text-decoration-style:initial; text-decoration-color:initial; text-align:left;\">O avi\u00e3o, modelo King Air C90 e prefixo PP-SZN, tinha capacidade para sete passageiros. Segundo informa\u00e7\u00f5es preliminares da Empresa Brasileira de Infraestrutura Aeroportu\u00e1ria (Infraero), que administra o aeroporto, cinco pessoas estavam a bordo.<\/p>\n<p><img decoding=\"async\" loading=\"lazy\" src=\"http:\/\/blitzconquista.com.br\/wp-content\/uploads\/2018\/07\/images-141153080028..jpg\" class=\"wp-image-73773 alignnone size-full\" width=\"225\" height=\"225\" srcset=\"https:\/\/blitzconquista.com.br\/wp-content\/uploads\/2018\/07\/images-141153080028..jpg 225w, https:\/\/blitzconquista.com.br\/wp-content\/uploads\/2018\/07\/images-141153080028.-150x150.jpg 150w, https:\/\/blitzconquista.com.br\/wp-content\/uploads\/2018\/07\/images-141153080028.-65x65.jpg 65w\" sizes=\"(max-width: 225px) 100vw, 225px\" \/><\/p>\n<p style=\"box-sizing:border-box; margin:0px0px15px; padding:0px; font-family:Raleway,sans-serif; font-weight:400; font-size:12pt; line-height:1.5em; color:rgb(51,51,51); font-style:normal; font-variant-ligatures:normal; font-variant-caps:normal; letter-spacing:normal; orphans:2text-indent:0px; text-transform:none; white-space:normal; widows:2; word-spacing:0px; -webkit-text-stroke-width:0px; background-color:rgb(255,255,255); text-decoration-style:initial; text-decoration-color:initial; text-align:left;\">De acordo com a Infraero, o acidente ocorreu durante um procedimento de arremate, quando o piloto ia abortar um procedimento de pouso. A empresa n\u00e3o confirmou n\u00famero de v\u00edtimas ou se h\u00e1 sobreviventes.<\/p>\n<p style=\"box-sizing:border-box; margin:0px0px15px; padding:0px; font-family:Raleway,sans-serif; font-weight:400; font-size:12pt; line-height:1.5em; color:rgb(51,51,51); font-style:normal; font-variant-ligatures:normal; font-variant-caps:normal; letter-spacing:normal; orphans:2text-indent:0px; text-transform:none; white-space:normal; widows:2; word-spacing:0px; -webkit-text-stroke-width:0px; background-color:rgb(255,255,255); text-decoration-style:initial; text-decoration-color:initial; text-align:left;\">A aeronave est\u00e1 registrada em nome da Videplast, empresa do ramo de pl\u00e1sticos com sede em Santa Catarina.<\/p>\n<p><img decoding=\"async\" loading=\"lazy\" src=\"http:\/\/blitzconquista.com.br\/wp-content\/uploads\/2018\/07\/images-151308929763..jpg\" class=\"alignnone size-full wp-image-73774\" width=\"454\" height=\"324\" srcset=\"https:\/\/blitzconquista.com.br\/wp-content\/uploads\/2018\/07\/images-151308929763..jpg 454w, https:\/\/blitzconquista.com.br\/wp-content\/uploads\/2018\/07\/images-151308929763.-300x214.jpg 300w\" sizes=\"(max-width: 454px) 100vw, 454px\" \/><\/p>\n<p style=\"box-sizing:border-box; margin:0px0px15px; padding:0px; font-family:Raleway,sans-serif; font-weight:400; font-size:12pt; line-height:1.5em; color:rgb(51,51,51); font-style:normal; font-variant-ligatures:normal; font-variant-caps:normal; letter-spacing:normal; orphans:2text-indent:0px; text-transform:none; white-space:normal; widows:2; word-spacing:0px; -webkit-text-stroke-width:0px; background-color:rgb(255,255,255); text-decoration-style:initial; text-decoration-color:initial; text-align:left;\">Um dos cinco s\u00f3cios da empresa, Eliandro Pazin, confirmou que o avi\u00e3o \u00e9 da Videplast. Segundo ele, estavam a bordo os dois fundadores da companhia, Nereu Denardi e Geraldo Denardi, que s\u00e3o irm\u00e3os; o coordenador da empresa, Aguinaldo Nunes, e o filho de Nereu, de 17 anos. O nome do piloto \u00e9 Antonio Traversi.<\/p>\n","protected":false},"excerpt":{"rendered":"<p>Um avi\u00e3o de pequeno porte caiu por volta das 18h no Aeroporto de Campo de Marte, na zona norte da cidade de S\u00e3o Paulo. Imagens de TV mostram uma aeronave destru\u00edda ap\u00f3s uma explos\u00e3o. Dez viaturas do Corpo de Bombeiros e o helic\u00f3ptero \u00c1guia foram enviados ao local. O avi\u00e3o, modelo King Air C90 e [&hellip;]<\/p>\n","protected":false},"author":1,"featured_media":73772,"comment_status":"closed","ping_status":"closed","sticky":false,"template":"","format":"standard","meta":[],"categories":[478],"tags":[],"_links":{"self":[{"href":"https:\/\/blitzconquista.com.br\/index.php?rest_route=\/wp\/v2\/posts\/73775"}],"collection":[{"href":"https:\/\/blitzconquista.com.br\/index.php?rest_route=\/wp\/v2\/posts"}],"about":[{"href":"https:\/\/blitzconquista.com.br\/index.php?rest_route=\/wp\/v2\/types\/post"}],"author":[{"embeddable":true,"href":"https:\/\/blitzconquista.com.br\/index.php?rest_route=\/wp\/v2\/users\/1"}],"replies":[{"embeddable":true,"href":"https:\/\/blitzconquista.com.br\/index.php?rest_route=%2Fwp%2Fv2%2Fcomments&post=73775"}],"version-history":[{"count":1,"href":"https:\/\/blitzconquista.com.br\/index.php?rest_route=\/wp\/v2\/posts\/73775\/revisions"}],"predecessor-version":[{"id":73776,"href":"https:\/\/blitzconquista.com.br\/index.php?rest_route=\/wp\/v2\/posts\/73775\/revisions\/73776"}],"wp:featuredmedia":[{"embeddable":true,"href":"https:\/\/blitzconquista.com.br\/index.php?rest_route=\/wp\/v2\/media\/73772"}],"wp:attachment":[{"href":"https:\/\/blitzconquista.com.br\/index.php?rest_route=%2Fwp%2Fv2%2Fmedia&parent=73775"}],"wp:term":[{"taxonomy":"category","embeddable":true,"href":"https:\/\/blitzconquista.com.br\/index.php?rest_route=%2Fwp%2Fv2%2Fcategories&post=73775"},{"taxonomy":"post_tag","embeddable":true,"href":"https:\/\/blitzconquista.com.br\/index.php?rest_route=%2Fwp%2Fv2%2Ftags&post=73775"}],"curies":[{"name":"wp","href":"https:\/\/api.w.org\/{rel}","templated":true}]}}