{"id":73778,"date":"2018-07-31T00:06:27","date_gmt":"2018-07-31T03:06:27","guid":{"rendered":"http:\/\/blitzconquista.com.br\/?p=73778"},"modified":"2018-07-31T00:06:27","modified_gmt":"2018-07-31T03:06:27","slug":"investigacao-de-crimes-ministro-defende-coleta-de-dna-da-populacao","status":"publish","type":"post","link":"https:\/\/blitzconquista.com.br\/?p=73778","title":{"rendered":"Investiga\u00e7\u00e3o de crimes: Ministro defende coleta de DNA da popula\u00e7\u00e3o"},"content":{"rendered":"<p style=\"box-sizing:border-box; margin:0px0px15px; padding:0px; font-family:Raleway,sans-serif; font-weight:400; font-size:12pt; line-height:1.5em; color:rgb(51,51,51); font-style:normal; font-variant-ligatures:normal; font-variant-caps:normal; letter-spacing:normal; orphans:2text-indent:0px; text-transform:none; white-space:normal; widows:2; word-spacing:0px; -webkit-text-stroke-width:0px; background-color:rgb(255,255,255); text-decoration-style:initial; text-decoration-color:initial; text-align:left;\"><img decoding=\"async\" loading=\"lazy\" src=\"http:\/\/blitzconquista.com.br\/wp-content\/uploads\/2018\/07\/images-16.jpeg\" width=\"491\" height=\"299\" class=\"alignnone wp-image-73777 size-full\" srcset=\"https:\/\/blitzconquista.com.br\/wp-content\/uploads\/2018\/07\/images-16.jpeg 491w, https:\/\/blitzconquista.com.br\/wp-content\/uploads\/2018\/07\/images-16-300x183.jpeg 300w\" sizes=\"(max-width: 491px) 100vw, 491px\" \/><\/p>\n<p>O ministro do Supremo Tribunal Federal (STF), Alexandre de Moraes, defendeu a coleta de DNA, e n\u00e3o apenas de digitais, dos cidad\u00e3os para identific\u00e1-los com a finalidade de aprimorar investiga\u00e7\u00f5es de crimes. A declara\u00e7\u00e3o foi dada em palestra sobre Ci\u00eancias Forenses, realizada hoje (30) na capital paulista. A proposta n\u00e3o \u00e9 consenso entre especialistas.<\/p>\n<p style=\"box-sizing:border-box; margin:0px0px15px; padding:0px; font-family:Raleway,sans-serif; font-weight:400; font-size:12pt; line-height:1.5em; color:rgb(51,51,51); font-style:normal; font-variant-ligatures:normal; font-variant-caps:normal; letter-spacing:normal; orphans:2text-indent:0px; text-transform:none; white-space:normal; widows:2; word-spacing:0px; -webkit-text-stroke-width:0px; background-color:rgb(255,255,255); text-decoration-style:initial; text-decoration-color:initial; text-align:left;\">\u201cQual o problema de realizar um cadastramento de DNA, que \u00e9 um exame nada invasivo? Eu propus inclusive na \u00e9poca [quando era ministro da Justi\u00e7a] ao presidente do TSE [Tribunal Superior Eleitoral] \u2013 para evitar isso [de dizer]: \u2018Ent\u00e3o, \u00e9 s\u00f3 em rela\u00e7\u00e3o aos presos \u2013 que se fizesse no recadastramento eleitoral da biometria, n\u00e3o s\u00f3 biometria, mas j\u00e1 a coleta do DNA. Se voc\u00ea pode e deve constitucionalmente dar sua identifica\u00e7\u00e3o, que \u00e9 a digital, hoje mais moderno que isso \u00e9 o DNA\u201d, disse o ministro. <\/p>\n<div class=\"dnd-widget-wrapper context-grande_6colunas type-image\" style=\"box-sizing:border-box; margin:10px0px1em; padding:0px!important; font-family:Raleway,sans-serif; font-weight:400; width:320px; color:rgb(51,51,51); font-size:18.6667px; font-style:normal; font-variant-ligatures:normal; font-variant-caps:normal; letter-spacing:normal; orphans:2text-indent:0px; text-transform:none; white-space:normal; widows:2; word-spacing:0px; -webkit-text-stroke-width:0px; background-color:rgb(255,255,255); text-decoration-style:initial; text-decoration-color:initial; text-align:left;\">\n<div class=\"dnd-atom-rendered\" style=\"box-sizing:border-box; margin:0px; padding:0px; font-family:Raleway,sans-serif; font-weight:400;\">\n<figure class=\"mejs-fotoh-wrapper\" style=\"box-sizing:border-box; display:block; margin:0px; padding:0px; font-family:Raleway,sans-serif; font-weight:400;\"><img decoding=\"async\" class=\"img-responsive full full\" src=\"http:\/\/imagens.ebc.com.br\/vAytT1d2NW3KRXbJhayS8WnvLkQ=\/463x0\/smart\/http:\/\/agenciabrasil.ebc.com.br\/sites\/default\/files\/thumbnails\/image\/wdol_abr0805182176_1.jpg?itok=oA_vnYsi\" alt=\"O ministro do STF Alexandre de Moraes entrega aos presidentes do Senado, Eun\u00edcio Oliveira, e da C\u00e2mara, Rodrigo Maia, o anteprojeto de lei sobre o combate ao tr\u00e1fico de drogas, armas e lavagem de dinheiro, em reuni\u00e3o na C\u00e2mara.\" title=\"Wilson Dias\/Ag\u00eancia Brasil\/Ag\u00eancia Brasil\" style=\"box-sizing: border-box; border: 0px; vertical-align: middle; margin: 0px; padding: 0px; font-family: Raleway, sans-serif; font-weight: 400; display: block; max-width: 100%; height: auto; width: 320px;\"><\/figure>\n<\/div>\n<div class=\"dnd-caption-wrapper\" style=\"box-sizing:border-box; margin:0px; padding:0px; font-family:Raleway,sans-serif; font-weight:400;\">\n<div class=\"meta\" style=\"box-sizing:border-box; margin:0px; padding:10px; font-family:Raleway,sans-serif; font-weight:500; font-size:0.7em; font-style:italic; background:rgb(238,238,238); line-height:1.5em;\">O ministro Alexandre de Moraes defende coleta de DNA de cidad\u00e3os para ajudar na investiga\u00e7\u00e3o de crimes &#8211;<span> <\/span><strong style=\"box-sizing: border-box; font-weight: 600; margin: 0px; padding: 0px; font-family: Raleway, sans-serif; color: rgb(51, 51, 51);\">Arquivo\/Wilson Dias\/Ag\u00eancia Brasil<\/strong>\n<\/div>\n<\/div>\n<\/div>\n<p style=\"box-sizing:border-box; margin:0px0px15px; padding:0px; font-family:Raleway,sans-serif; font-weight:400; font-size:12pt; line-height:1.5em; color:rgb(51,51,51); font-style:normal; font-variant-ligatures:normal; font-variant-caps:normal; letter-spacing:normal; orphans:2text-indent:0px; text-transform:none; white-space:normal; widows:2; word-spacing:0px; -webkit-text-stroke-width:0px; background-color:rgb(255,255,255); text-decoration-style:initial; text-decoration-color:initial; text-align:left;\">Para Moraes, a coleta de DNA \u00e9 uma medida importante \u201cpara se combater a criminalidade mais grave, organizada\u201d. Segundo ele, atualmente 40% dos homic\u00eddios de autoria conhecida s\u00e3o cometidos por pessoas ligadas ao tr\u00e1fico de drogas e de armas. <\/p>\n<p style=\"box-sizing:border-box; margin:0px0px15px; padding:0px; font-family:Raleway,sans-serif; font-weight:400; font-size:12pt; line-height:1.5em; color:rgb(51,51,51); font-style:normal; font-variant-ligatures:normal; font-variant-caps:normal; letter-spacing:normal; orphans:2text-indent:0px; text-transform:none; white-space:normal; widows:2; word-spacing:0px; -webkit-text-stroke-width:0px; background-color:rgb(255,255,255); text-decoration-style:initial; text-decoration-color:initial; text-align:left;\">O pa\u00eds, segundo ele, deve se dedicar \u00e0 solu\u00e7\u00e3o dos crimes graves. \u201cO Brasil prende muito, mas prende mal, por isso que estamos j\u00e1 com 700 mil presos. Desde o ladr\u00e3o de galinha at\u00e9 o crime organizado, tudo \u00e9 pena privativa de liberdade, mesmo os crimes sem viol\u00eancia ou grave amea\u00e7a. Com isso, o combate \u00e0 criminalidade \u00e9 difuso, \u00e9 num\u00e9rico, \u00e9 quantitativo e n\u00e3o qualitativo\u201d, avaliou.<\/p>\n<p style=\"box-sizing:border-box; margin:0px0px15px; padding:0px; font-family:Raleway,sans-serif; font-weight:400; font-size:12pt; line-height:1.5em; color:rgb(51,51,51); font-style:normal; font-variant-ligatures:normal; font-variant-caps:normal; letter-spacing:normal; orphans:2text-indent:0px; text-transform:none; white-space:normal; widows:2; word-spacing:0px; -webkit-text-stroke-width:0px; background-color:rgb(255,255,255); text-decoration-style:initial; text-decoration-color:initial; text-align:left;\">O ministro acredita que, para o crime leve, deve haver, sim, uma puni\u00e7\u00e3o r\u00e1pida, por\u00e9m proporcional. \u201cE os crimes graves, a viol\u00eancia grave, a criminalidade organizada, essa sim deve ser combatida com pena privativa de liberdade e com os investimentos necess\u00e1rios na pol\u00edcia, na pol\u00edcia t\u00e9cnico-cient\u00edfica. Hoje, seja um perito, delegado, Pol\u00edcia Militar, delegado federal, membro do Minist\u00e9rio P\u00fablico, o juiz, eles perdem o mesmo tempo com delito insignificante, ou quase, e com um delito grav\u00edssimo. A legisla\u00e7\u00e3o \u00e9 id\u00eantica, diferen\u00e7a as vezes \u00e9 o n\u00famero de testemunhas\u201d.<\/p>\n<p>*Ag\u00eancia Brasil<\/p>\n","protected":false},"excerpt":{"rendered":"<p>O ministro do Supremo Tribunal Federal (STF), Alexandre de Moraes, defendeu a coleta de DNA, e n\u00e3o apenas de digitais, dos cidad\u00e3os para identific\u00e1-los com a finalidade de aprimorar investiga\u00e7\u00f5es de crimes. A declara\u00e7\u00e3o foi dada em palestra sobre Ci\u00eancias Forenses, realizada hoje (30) na capital paulista. A proposta n\u00e3o \u00e9 consenso entre especialistas. \u201cQual [&hellip;]<\/p>\n","protected":false},"author":1,"featured_media":73777,"comment_status":"closed","ping_status":"closed","sticky":false,"template":"","format":"standard","meta":[],"categories":[478],"tags":[],"_links":{"self":[{"href":"https:\/\/blitzconquista.com.br\/index.php?rest_route=\/wp\/v2\/posts\/73778"}],"collection":[{"href":"https:\/\/blitzconquista.com.br\/index.php?rest_route=\/wp\/v2\/posts"}],"about":[{"href":"https:\/\/blitzconquista.com.br\/index.php?rest_route=\/wp\/v2\/types\/post"}],"author":[{"embeddable":true,"href":"https:\/\/blitzconquista.com.br\/index.php?rest_route=\/wp\/v2\/users\/1"}],"replies":[{"embeddable":true,"href":"https:\/\/blitzconquista.com.br\/index.php?rest_route=%2Fwp%2Fv2%2Fcomments&post=73778"}],"version-history":[{"count":1,"href":"https:\/\/blitzconquista.com.br\/index.php?rest_route=\/wp\/v2\/posts\/73778\/revisions"}],"predecessor-version":[{"id":73779,"href":"https:\/\/blitzconquista.com.br\/index.php?rest_route=\/wp\/v2\/posts\/73778\/revisions\/73779"}],"wp:featuredmedia":[{"embeddable":true,"href":"https:\/\/blitzconquista.com.br\/index.php?rest_route=\/wp\/v2\/media\/73777"}],"wp:attachment":[{"href":"https:\/\/blitzconquista.com.br\/index.php?rest_route=%2Fwp%2Fv2%2Fmedia&parent=73778"}],"wp:term":[{"taxonomy":"category","embeddable":true,"href":"https:\/\/blitzconquista.com.br\/index.php?rest_route=%2Fwp%2Fv2%2Fcategories&post=73778"},{"taxonomy":"post_tag","embeddable":true,"href":"https:\/\/blitzconquista.com.br\/index.php?rest_route=%2Fwp%2Fv2%2Ftags&post=73778"}],"curies":[{"name":"wp","href":"https:\/\/api.w.org\/{rel}","templated":true}]}}