{"id":73820,"date":"2018-08-01T13:33:17","date_gmt":"2018-08-01T16:33:17","guid":{"rendered":"http:\/\/blitzconquista.com.br\/?p=73820"},"modified":"2018-08-01T13:33:17","modified_gmt":"2018-08-01T16:33:17","slug":"comissao-de-etica-nacional-da-quadrangular-contra-heresias-e-blasfemias-da-convencao-nacional-quadrangular-2018","status":"publish","type":"post","link":"https:\/\/blitzconquista.com.br\/?p=73820","title":{"rendered":"Comiss\u00e3o de \u00c9tica Nacional da Quadrangular. : Contra heresias e blasf\u00eamias da Conven\u00e7\u00e3o Nacional Quadrangular 2018"},"content":{"rendered":"<p>O Presidente Nacional da\u00a0<a href=\"https:\/\/www.ofuxicogospel.com.br\/tag\/igreja-quadrangular\/\"><strong>Igreja do Evangelho Quadrangular<\/strong><\/a>,\u00a0Reverendo\u00a0<a href=\"https:\/\/www.ofuxicogospel.com.br\/tag\/mario-de-oliveira\"><strong>Mario de Oliveira,<\/strong><\/a>\u00a0est\u00e1 tendo que lidar com uma crise interna no minist\u00e9rio, causada por algumas de suas ministra\u00e7\u00f5es, durante a Conven\u00e7\u00e3o Nacional da IEQ 2018.<\/p>\n<p>Mario de Oliveira, \u00e9 acusado de ter pregado diversas heresias, e de continuar defendendo que est\u00e1 certo, ao afirmar por exemplo, que Jesus mentiu, ao pregar que existe pecado contra o Espirito Santo.<\/p>\n<p><img decoding=\"async\" loading=\"lazy\" class=\" wp-image-73823 aligncenter\" src=\"http:\/\/blitzconquista.com.br\/wp-content\/uploads\/2018\/08\/Presidente-da-Igreja-do-Evangelho-Quadrangular-reverendo-mario-de-Oliveira-300x158.jpeg\" alt=\"\" width=\"359\" height=\"189\" srcset=\"https:\/\/blitzconquista.com.br\/wp-content\/uploads\/2018\/08\/Presidente-da-Igreja-do-Evangelho-Quadrangular-reverendo-mario-de-Oliveira-300x158.jpeg 300w, https:\/\/blitzconquista.com.br\/wp-content\/uploads\/2018\/08\/Presidente-da-Igreja-do-Evangelho-Quadrangular-reverendo-mario-de-Oliveira-768x403.jpeg 768w, https:\/\/blitzconquista.com.br\/wp-content\/uploads\/2018\/08\/Presidente-da-Igreja-do-Evangelho-Quadrangular-reverendo-mario-de-Oliveira-695x365.jpeg 695w, https:\/\/blitzconquista.com.br\/wp-content\/uploads\/2018\/08\/Presidente-da-Igreja-do-Evangelho-Quadrangular-reverendo-mario-de-Oliveira-990x520.jpeg 990w, https:\/\/blitzconquista.com.br\/wp-content\/uploads\/2018\/08\/Presidente-da-Igreja-do-Evangelho-Quadrangular-reverendo-mario-de-Oliveira.jpeg 1200w\" sizes=\"(max-width: 359px) 100vw, 359px\" \/><\/p>\n<p>Leia abaixo algumas das falas do reverendo, que est\u00e3o gerando toda essa celeuma:<\/p>\n<h3><strong>1 \u2013 J\u00f3 n\u00e3o existiu<\/strong><\/h3>\n<p>\u201cPorque a B\u00edblia fala de algumas passagens, n\u00e9, algumas passagens, n\u00e9, algumas\u2026 alguns fatos que eram par\u00e1bolas, Ele falava por meio de par\u00e1bolas. O que que eram par\u00e1bolas? N\u00e3o eram fatos acontecidos, mas eram exemplos. Inclusive, fiz uma pesquisa a respeito do livro de J\u00f3 e a conclus\u00e3o dos pesquisadores \u00e9 que J\u00f3, na verdade, n\u00e3o foi um personagem real, foi uma coisa, uma hist\u00f3ria criada para alicer\u00e7ar a f\u00e9, que \u00e9 uma hist\u00f3ria boa e bonita.\u201d (Fala retirada da prega\u00e7\u00e3o do Rev. Mario de Oliveira).<\/p>\n<h3><strong>\u00a02 \u2013 Ananias e Safira n\u00e3o existiram<\/strong><\/h3>\n<p>\u201cEU QUERO CRER, meus amados, que esta n\u00e3o foi uma hist\u00f3ria, N\u00c3O FOI UM ACONTECIMENTO VERDADEIRO. Primeira hip\u00f3tese. N\u00e3o foi um acontecimento verdadeiro. Mas EU QUERO CRER que essa passagem de Ananias e Safira foi uma HIST\u00d3RIA CRIADA para AMEDRONTAR, para ASSUSTAR OS CRENTES E CHANTAGE\u00c1-LOS para TRAZER DINHEIRO e colocar NOS P\u00c9S DOS AP\u00d3STOLOS OU DISC\u00cdPULOS\u201d. (Fala retirada da prega\u00e7\u00e3o do Rev. Mario de Oliveira).<\/p>\n<h3><strong>3 \u2013 N\u00e3o existe pecado contra o Espirito Santo<\/strong><\/h3>\n<p>\u201cA\u00ed, eu comecei a conversar com muitos te\u00f3logos. Nenhum deles definiu pra mim qual \u00e9 o pecado contra o Esp\u00edrito Santo. Eu cheguei a uma conclus\u00e3o: QUE N\u00c3O EXISTE PECADO CONTRA O ESP\u00cdRITO SANTO. (Fala retirada da prega\u00e7\u00e3o do Rev. Mario de Oliveira).<\/p>\n<p>\u201cE eu passei, ent\u00e3o, a procurar, tentar descobrir o que que \u00e9 pecado contra o Esp\u00edrito Santo. Pra come\u00e7ar, como \u00e9 que voc\u00ea pode pecar pra uma pessoa que voc\u00ea n\u00e3o v\u00ea?\u201d (Fala retirada da prega\u00e7\u00e3o do Rev. Mario de Oliveira).<\/p>\n<p>Vejamos o que Jesus falou sobre esse assunto:<\/p>\n<p>Mateus 12.30 \u2013 31 diz:<\/p>\n<p>\u201cAquele que n\u00e3o est\u00e1 comigo est\u00e1 contra mim; e aquele que comigo n\u00e3o ajunta espalha. Por esse motivo eu digo a voc\u00eas: Todo pecado e blasf\u00eamia ser\u00e3o perdoados aos homens, MAS A BLASF\u00caMIA CONTRA O ESP\u00cdRITO N\u00c3O SER\u00c1 PERDOADA.\u201d<\/p>\n<h3><strong>4 \u2013 Contra a fundadora da Igreja do Evangelho Quadrangular;<\/strong><\/h3>\n<p>\u201c\u2026Eu fico pensando, \u00e0s vezes, na Aimee, e eu fico emocionado, irm\u00e3os! Mas n\u00e3o porque ela era uma santa, n\u00e3o. N\u00e3o porque ela era uma mulher perfeita\u2026 Porque, talvez, EU ACHO QUE ELA PECAVA MUITO MAIS DO QUE EU\u2026 Ela tinha suas reservas. DE VEZ EM QUANDO ELA SUMIA, FICAVA DESAPARECIDA\u2026 (Risos)\u2026 N\u00e3o \u00e9!? DAVA UMAS ESCAPADINHAS\u2026 U\u00c9\u2026 MAS NINGU\u00c9M \u00c9 DE FERRO, N\u00c9, IRM\u00c3OS!? NINGU\u00c9M \u00c9 DE FERRO.\u201d (Fala retirada da prega\u00e7\u00e3o do Rev. Mario de Oliveira).<\/p>\n<p>Todas essas falas do Reverendo Mario Oliveira, desencadearam a cria\u00e7\u00e3o de uma peti\u00e7\u00e3o p\u00fablica, pedindo que o Conselho de \u00c9tica da Igreja do Evangelho Quadrangular, tome as devidas providencias.<\/p>\n<p>Para assinar a peti\u00e7\u00e3o, basta clicar\u00a0<strong><a href=\"https:\/\/secure.avaaz.org\/po\/petition\/Conselho_Nacional_e_Comissao_de_Etica_Nacional_da_Quadrangular_Contra_heresias_e_blasfemias_da_Convencao_Nacional_Quadra\/?cQsopnb\" target=\"_blank\" rel=\"noopener\">nesse link<\/a>!<\/strong><\/p>\n<h2>Por que isto \u00e9 importante<\/h2>\n<div id=\"petitionDescription\" class=\"fullDescription\">Somos\u00a0<b>contra as heresias\u00a0<\/b>que foram pregadas na \u00faltima Conven\u00e7\u00e3o Nacional pelo senhor Rev. Mario de Oliveira em suas prega\u00e7\u00f5es, cometeu,\u00a0<b>in\u00fameras ofensas (blasf\u00eamias e heresias) a B\u00edblia a Declara\u00e7\u00e3o de F\u00e9 da IEQ<\/b>, conforme enumerados abaixo:<\/p>\n<p><b>1 &#8211; Contra a B\u00edblia, a Palavra de Deus revelada;<br \/>\n<\/b><i><br \/>\n\u201cPorque a B\u00edblia fala de algumas passagens, n\u00e9, algumas passagens, n\u00e9, algumas&#8230; alguns fatos que eram par\u00e1bolas, Ele falava por meio de par\u00e1bolas. O que que eram par\u00e1bolas? N\u00e3o eram fatos acontecidos, mas eram exemplos. Inclusive, fiz uma pesquisa a respeito do livro de J\u00f3 e a conclus\u00e3o dos pesquisadores \u00e9 que J\u00f3, na verdade, n\u00e3o foi um personagem real, foi uma coisa, uma hist\u00f3ria criada para alicer\u00e7ar a f\u00e9, que \u00e9 uma hist\u00f3ria boa e bonita.\u201d\u00a0<\/i>(Fala degravada da prega\u00e7\u00e3o do Rev. Mario de Oliveira).<\/p>\n<p><b>Ezequiel entende J\u00f3 como personagem real, de acordo com Ez 14.12-14:\u00a0<\/b><\/p>\n<p>\u201cVeio ainda a mim \u00e0 palavra do Senhor, dizendo: Filho do homem, quando uma terra pecar contra mim, se rebelando gravemente, ent\u00e3o estenderei a minha m\u00e3o contra ela, e lhe quebrarei o sustento do p\u00e3o, e enviarei contra ela fome, e cortarei dela homens e animais. Ainda que estivessem no meio dela estes tr\u00eas homens, No\u00e9, Daniel e J\u00d3, eles pela sua justi\u00e7a livrariam apenas as suas almas, diz o Senhor DEUS.\u201d\u00a0<b>Ou o profeta inventou ter recebido essa fala de Deus?\u00a0<\/b>(Grifo nosso. Somente essa declara\u00e7\u00e3o basta para sabermos que J\u00f3, foi um homem real.)<\/p>\n<p>E quando o rev. Mario de Oliveira foi falar sobre Ananias e Safira disse:<\/p>\n<p><i>\u201cEU QUERO CRER, meus amados, que esta n\u00e3o foi uma hist\u00f3ria, N\u00c3O FOI UM ACONTECIMENTO VERDADEIRO. Primeira hip\u00f3tese. N\u00e3o foi um acontecimento verdadeiro. Mas EU QUERO CRER que essa passagem de Ananias e Safira foi uma HIST\u00d3RIA CRIADA para AMEDRONTAR, para ASSUSTAR OS CRENTES E CHANTAGE\u00c1-LOS para TRAZER DINHEIRO e colocar NOS P\u00c9S DOS AP\u00d3STOLOS OU DISC\u00cdPULOS\u201d.<\/i>\u00a0(Fala degravada da prega\u00e7\u00e3o do Rev. Mario de Oliveira).<\/p>\n<p><b>2 &#8211; Contra Cristo;<br \/>\n<\/b><i><br \/>\n&#8220;A\u00ed, eu comecei a conversar com muitos te\u00f3logos. Nenhum deles definiu pra mim qual \u00e9 o pecado contra o Esp\u00edrito Santo. Eu cheguei a uma conclus\u00e3o: QUE N\u00c3O EXISTE PECADO CONTRA O ESP\u00cdRITO SANTO.\u00a0<\/i>(Fala degravada da prega\u00e7\u00e3o do Rev. Mario de Oliveira).<\/p>\n<p><b>Mateus 12.30 \u2013 31 diz:<\/p>\n<p><\/b>&#8220;Aquele que n\u00e3o est\u00e1 comigo est\u00e1 contra mim; e aquele que comigo n\u00e3o ajunta espalha. Por esse motivo eu digo a voc\u00eas: Todo pecado e blasf\u00eamia ser\u00e3o perdoados aos homens, MAS A BLASF\u00caMIA CONTRA O ESP\u00cdRITO N\u00c3O SER\u00c1 PERDOADA.\u201d Fonte de refer\u00eancia Equipe Biblia.com.br .<\/p>\n<p><b>3 &#8211; Contra o Esp\u00edrito Santo de Deus;<br \/>\n<\/b><br \/>\n&#8220;E eu passei, ent\u00e3o, a procurar, tentar descobrir o que que \u00e9 pecado contra o Esp\u00edrito Santo. Pra come\u00e7ar, como \u00e9 que voc\u00ea pode pecar pra uma pessoa que voc\u00ea n\u00e3o v\u00ea?&#8221; (Fala degravada da prega\u00e7\u00e3o do Rev. Mario de Oliveira).<\/p>\n<p><b>4 &#8211; Contra a fundadora da Igreja do Evangelho Quadrangular;<br \/>\n<\/b><br \/>\n<i>\u201c&#8230;Eu fico pensando, \u00e0s vezes, na Aimee, e eu fico emocionado, irm\u00e3os! Mas n\u00e3o porque ela era uma santa, n\u00e3o. N\u00e3o porque ela era uma mulher perfeita&#8230; Porque, talvez, EU ACHO QUE ELA PECAVA MUITO MAIS DO QUE EU&#8230; Ela tinha suas reservas. DE VEZ EM QUANDO ELA SUMIA, FICAVA DESAPARECIDA&#8230; (Risos)&#8230; N\u00e3o \u00e9!? DAVA UMAS ESCAPADINHAS&#8230; U\u00c9&#8230; MAS NINGU\u00c9M \u00c9 DE FERRO, N\u00c9, IRM\u00c3OS!? NINGU\u00c9M \u00c9 DE FERRO.\u201d\u00a0<\/i>(Fala degravada da prega\u00e7\u00e3o do Rev. Mario de Oliveira).<\/p>\n<p>E tamb\u00e9m contra os pastores:<\/p>\n<p><i>&#8220;TEM MUITO DIABO DISFAR\u00c7ADO DE PASTOR! TEM MUITO PASTOR QUE \u00c9 O DIABO! D\u00c1 UMA OLHADINHA DO SEU LADO A\u00cd&#8230; D\u00c1 UMA OLHADINHA DOS DOIS LADOS&#8230; DE UM LADO, E DO OUTRO&#8230; CALMA! N\u00c3O ACABOU AINDA! AGORA DIGA, AGORA DIGA, AGORA DIGA&#8230; VOC\u00ca OLHOU DOS DOIS LADOS? OLHOU BEM? PSIU! \u00d3H! OLHOU DOS DOIS LADOS? OLHOU BEM? AGORA DIGA: O SANGUE DE JESUS TEM PODER! ELE CAIU?\u201d<\/i>\u00a0(Fala degravada da prega\u00e7\u00e3o do Rev. Mario de Oliveira).<br \/>\n<b><br \/>\n5 &#8211; Contra o Estatuto e sua Declara\u00e7\u00e3o de F\u00e9.\u00a0<\/b><\/p>\n<p>Todas as falas do Rev. Mario de Oliveira depreciam pilares da declara\u00e7\u00e3o de f\u00e9 da Igreja do Evangelho Quadrangular, ele fala da volta de Cristo, insistir na prega\u00e7\u00e3o de que ele voltar\u00e1 \u00e9 psicose, falar do novo nascimento com insist\u00eancia \u00e9 psicose, vejam a fala do reverendo:<\/p>\n<p><i>&#8220;Se n\u00e3o me falha a mem\u00f3ria, A B\u00cdBLIA FALA DE NASCER DE NOVO, DE UM NOVO NASCIMENTO APENAS UMA VEZ..Alguns eu vou falar mais. ESSA PSICOSE DO NOVO NASCIMENTO tamb\u00e9m foi inofensiva; ESSA PSICOSE foi inofensiva\u201d.\u00a0<\/i>(Fala degravada da prega\u00e7\u00e3o do Rev. Mario de Oliveira).<\/p>\n<p><b>Pedimos ao Presidente da Comiss\u00e3o Nacional Processante de Disciplina Eclesi\u00e1stica da Igreja do Evangelho Quadrangular e aos Conselheiros Nacionais: Jefferson Alves de Campos, On\u00e9simo Rodrigues De Barros, Cec\u00edlio Motta De Faria Neto, Jo\u00e3o Ant\u00f4nio de Ara\u00fajo, Joaquim Ribeiro Cantagalli, Dion\u00edzia Jos\u00e9 Gomes Luvizotto, Guaracy Batista da Silveira, Paulo Bengtson, Durvalino Brocanelli, Adolfo Bezerra Calif Sarmento, Nelson Agnoletto e Pedro Marcos Amorim Silva que tomem as medidas cab\u00edveis para tal situa\u00e7\u00e3o, uma vez que um l\u00edder de uma organiza\u00e7\u00e3o religiosa pentecostal n\u00e3o pode refutar o novo nascimento atrav\u00e9s do batismo, as manifesta\u00e7\u00f5es do Esp\u00edrito Santo, as maravilhas e curas e a volta de Jesus que \u00e9 eminente.<\/b><\/p>\n<p>A nossa doutrina \u00e9:\u00a0<b>JESUS SALVA, BATIZA, CURA E VOLTAR\u00c1.<\/b><\/div>\n<div>* Informa\u00e7\u00f5es : Ofuxicogospel \/\u00a0secure.avaaz.org<\/div>\n<p>&nbsp;<\/p>\n","protected":false},"excerpt":{"rendered":"<p>O Presidente Nacional da\u00a0Igreja do Evangelho Quadrangular,\u00a0Reverendo\u00a0Mario de Oliveira,\u00a0est\u00e1 tendo que lidar com uma crise interna no minist\u00e9rio, causada por algumas de suas ministra\u00e7\u00f5es, durante a Conven\u00e7\u00e3o Nacional da IEQ 2018. Mario de Oliveira, \u00e9 acusado de ter pregado diversas heresias, e de continuar defendendo que est\u00e1 certo, ao afirmar por exemplo, que Jesus mentiu, [&hellip;]<\/p>\n","protected":false},"author":1,"featured_media":73822,"comment_status":"closed","ping_status":"closed","sticky":false,"template":"","format":"standard","meta":[],"categories":[410],"tags":[],"_links":{"self":[{"href":"https:\/\/blitzconquista.com.br\/index.php?rest_route=\/wp\/v2\/posts\/73820"}],"collection":[{"href":"https:\/\/blitzconquista.com.br\/index.php?rest_route=\/wp\/v2\/posts"}],"about":[{"href":"https:\/\/blitzconquista.com.br\/index.php?rest_route=\/wp\/v2\/types\/post"}],"author":[{"embeddable":true,"href":"https:\/\/blitzconquista.com.br\/index.php?rest_route=\/wp\/v2\/users\/1"}],"replies":[{"embeddable":true,"href":"https:\/\/blitzconquista.com.br\/index.php?rest_route=%2Fwp%2Fv2%2Fcomments&post=73820"}],"version-history":[{"count":1,"href":"https:\/\/blitzconquista.com.br\/index.php?rest_route=\/wp\/v2\/posts\/73820\/revisions"}],"predecessor-version":[{"id":73825,"href":"https:\/\/blitzconquista.com.br\/index.php?rest_route=\/wp\/v2\/posts\/73820\/revisions\/73825"}],"wp:featuredmedia":[{"embeddable":true,"href":"https:\/\/blitzconquista.com.br\/index.php?rest_route=\/wp\/v2\/media\/73822"}],"wp:attachment":[{"href":"https:\/\/blitzconquista.com.br\/index.php?rest_route=%2Fwp%2Fv2%2Fmedia&parent=73820"}],"wp:term":[{"taxonomy":"category","embeddable":true,"href":"https:\/\/blitzconquista.com.br\/index.php?rest_route=%2Fwp%2Fv2%2Fcategories&post=73820"},{"taxonomy":"post_tag","embeddable":true,"href":"https:\/\/blitzconquista.com.br\/index.php?rest_route=%2Fwp%2Fv2%2Ftags&post=73820"}],"curies":[{"name":"wp","href":"https:\/\/api.w.org\/{rel}","templated":true}]}}