{"id":73835,"date":"2018-08-01T13:59:09","date_gmt":"2018-08-01T16:59:09","guid":{"rendered":"http:\/\/blitzconquista.com.br\/?p=73835"},"modified":"2018-08-01T13:59:09","modified_gmt":"2018-08-01T16:59:09","slug":"carmen-lucia-diz-ser-inaceitavel-descumprir-decisoes-judiciais","status":"publish","type":"post","link":"https:\/\/blitzconquista.com.br\/?p=73835","title":{"rendered":"C\u00e1rmen L\u00facia diz ser inaceit\u00e1vel descumprir decis\u00f5es judiciais"},"content":{"rendered":"<p>Ao abrir hoje (1\u00ba) os trabalhos do segundo semestre do Judici\u00e1rio, a presidente do Supremo Tribunal Federal (STF), ministra C\u00e1rmen L\u00facia, disse esperar prud\u00eancia dos demais ministros em suas decis\u00f5es e afirmou ser inaceit\u00e1vel que decis\u00f5es judiciais sejam descumpridas.<\/p>\n<p>\u201cNeste tempo de grandes preocupa\u00e7\u00f5es para todos n\u00f3s cidad\u00e3os brasileiros, de dificuldades, mas tamb\u00e9m de possibilidades, desejo que n\u00f3s todos, como cidad\u00e3os, como ju\u00edzes, sejamos cada vez mais, como temos sido e nos encaminhado, respons\u00e1veis em nossas compet\u00eancias com o Brasil, prudentes cada vez mais em nossas decis\u00f5es e comprometidos entre n\u00f3s com o pa\u00eds\u201d, disse ela na sess\u00e3o de abertura do semestre.<\/p>\n<div class=\"dnd-widget-wrapper context-cheio_8colunas type-image\">\n<div class=\"dnd-atom-rendered\">\n<figure class=\"mejs-fotoh-wrapper\"><img decoding=\"async\" class=\"img-responsive full full\" title=\"Jos\u00e9 Cruz\/Ag\u00eancia Brasil\/Ag\u00eancia Brasil\" src=\"http:\/\/imagens.ebc.com.br\/naXV-DAwij6HY8FL6GQ6rrjvAJM=\/754x0\/smart\/http:\/\/agenciabrasil.ebc.com.br\/sites\/default\/files\/thumbnails\/image\/jfcrzabr_290618576df.jpg?itok=XwaoG_wJ\" alt=\"A presidente do STF, ministra C\u00e1rmen L\u00facia, durante sess\u00e3o plen\u00e1ria extraordin\u00e1ria de retomada do julgamento da a\u00e7\u00e3o direta de inconstitucionalidade (ADI 5794) que questiona o fim da contribui\u00e7\u00e3o sindical obrigat\u00f3ria.\" \/><\/figure>\n<\/div>\n<div class=\"dnd-caption-wrapper\">\n<div class=\"meta\">A presidente do STF, ministra C\u00e1rmen L\u00facia, afirmou ser inaceit\u00e1vel que decis\u00f5es judiciais sejam descumpridas\u00a0\u00a0\u00a0\u00a0\u00a0<strong>(<\/strong><strong>Jos\u00e9 Cruz\/Ag\u00eancia Brasil)<\/strong><\/div>\n<\/div>\n<\/div>\n<p>Acrescentou ser \u201cabsolutamente inaceit\u00e1vel qualquer forma de descumprimento ou desaven\u00e7a com o que a Justi\u00e7a venha a determinar\u201d.<\/p>\n<h2>Trabalhos s\u00e3o retomados<\/h2>\n<p>Nesta quarta-feira, o STF retoma os julgamentos neste ano, no que ser\u00e3o os \u00faltimos 40 dias da gest\u00e3o de C\u00e1rmen L\u00facia como presidente do Supremo. Ela ser\u00e1 sucedida pelo ministro Dias Toffoli, que assume em 12 setembro.<\/p>\n<p>Nas \u00faltimas sess\u00f5es em que foi respons\u00e1vel pela agenda de julgamentos, C\u00e1rmen L\u00facia pautou temas de cunho social, como um recurso para garantir a um transexual o direito de mudar o nome no registro de nascimento sem a necessidade de cirurgia de mudan\u00e7a de sexo; e a defini\u00e7\u00e3o sobre a idade m\u00ednima em que crian\u00e7as podem ser matriculadas no ensino fundamental nas escolas p\u00fablicas e particulares.<\/p>\n<p>Na sess\u00e3o de hoje, os ministros discutem tr\u00eas a\u00e7\u00f5es que tratam da dispensa de concilia\u00e7\u00e3o pr\u00e9via para que se possa entrar com processos na Justi\u00e7a do Trabalho.<\/p>\n<p>*Ag\u00eancia C\u00e2mara<\/p>\n","protected":false},"excerpt":{"rendered":"<p>Ao abrir hoje (1\u00ba) os trabalhos do segundo semestre do Judici\u00e1rio, a presidente do Supremo Tribunal Federal (STF), ministra C\u00e1rmen L\u00facia, disse esperar prud\u00eancia dos demais ministros em suas decis\u00f5es e afirmou ser inaceit\u00e1vel que decis\u00f5es judiciais sejam descumpridas. \u201cNeste tempo de grandes preocupa\u00e7\u00f5es para todos n\u00f3s cidad\u00e3os brasileiros, de dificuldades, mas tamb\u00e9m de possibilidades, [&hellip;]<\/p>\n","protected":false},"author":1,"featured_media":73836,"comment_status":"closed","ping_status":"closed","sticky":false,"template":"","format":"standard","meta":[],"categories":[478],"tags":[],"_links":{"self":[{"href":"https:\/\/blitzconquista.com.br\/index.php?rest_route=\/wp\/v2\/posts\/73835"}],"collection":[{"href":"https:\/\/blitzconquista.com.br\/index.php?rest_route=\/wp\/v2\/posts"}],"about":[{"href":"https:\/\/blitzconquista.com.br\/index.php?rest_route=\/wp\/v2\/types\/post"}],"author":[{"embeddable":true,"href":"https:\/\/blitzconquista.com.br\/index.php?rest_route=\/wp\/v2\/users\/1"}],"replies":[{"embeddable":true,"href":"https:\/\/blitzconquista.com.br\/index.php?rest_route=%2Fwp%2Fv2%2Fcomments&post=73835"}],"version-history":[{"count":1,"href":"https:\/\/blitzconquista.com.br\/index.php?rest_route=\/wp\/v2\/posts\/73835\/revisions"}],"predecessor-version":[{"id":73837,"href":"https:\/\/blitzconquista.com.br\/index.php?rest_route=\/wp\/v2\/posts\/73835\/revisions\/73837"}],"wp:featuredmedia":[{"embeddable":true,"href":"https:\/\/blitzconquista.com.br\/index.php?rest_route=\/wp\/v2\/media\/73836"}],"wp:attachment":[{"href":"https:\/\/blitzconquista.com.br\/index.php?rest_route=%2Fwp%2Fv2%2Fmedia&parent=73835"}],"wp:term":[{"taxonomy":"category","embeddable":true,"href":"https:\/\/blitzconquista.com.br\/index.php?rest_route=%2Fwp%2Fv2%2Fcategories&post=73835"},{"taxonomy":"post_tag","embeddable":true,"href":"https:\/\/blitzconquista.com.br\/index.php?rest_route=%2Fwp%2Fv2%2Ftags&post=73835"}],"curies":[{"name":"wp","href":"https:\/\/api.w.org\/{rel}","templated":true}]}}