{"id":73874,"date":"2018-08-02T08:23:37","date_gmt":"2018-08-02T11:23:37","guid":{"rendered":"http:\/\/blitzconquista.com.br\/?p=73874"},"modified":"2018-08-02T08:23:37","modified_gmt":"2018-08-02T11:23:37","slug":"ministro-quer-que-decisao-sobre-embraer-fique-para-depois-da-eleicao","status":"publish","type":"post","link":"https:\/\/blitzconquista.com.br\/?p=73874","title":{"rendered":"Ministro quer que decis\u00e3o sobre Embraer fique para depois da elei\u00e7\u00e3o"},"content":{"rendered":"<p>O ministro da Defesa, Joaquim Silva e Luna, disse hoje (1\u00ba) considerar como melhor cen\u00e1rio que a fus\u00e3o da Embraer e da Boeing seja tratada ap\u00f3s o per\u00edodo eleitoral. A avalia\u00e7\u00e3o foi feita ap\u00f3s a assinatura da nova edi\u00e7\u00e3o do Programa Estrat\u00e9gico de Sistemas Espaciais (Pese), projeto coordenado pelo Comando da Aeron\u00e1utica.<\/p>\n<p><img decoding=\"async\" loading=\"lazy\" class=\"aligncenter size-full wp-image-73876\" src=\"http:\/\/blitzconquista.com.br\/wp-content\/uploads\/2018\/08\/Embraer-49.jpg\" alt=\"\" width=\"639\" height=\"340\" srcset=\"https:\/\/blitzconquista.com.br\/wp-content\/uploads\/2018\/08\/Embraer-49.jpg 639w, https:\/\/blitzconquista.com.br\/wp-content\/uploads\/2018\/08\/Embraer-49-300x160.jpg 300w\" sizes=\"(max-width: 639px) 100vw, 639px\" \/><\/p>\n<p>De acordo com o ministro, tratar da quest\u00e3o durante as elei\u00e7\u00f5es poderia prejudicar as negocia\u00e7\u00f5es. \u201cSe isso for trazido agora, entendemos que isso pode embolar alguma coisa ou dificultar as negocia\u00e7\u00f5es. \u00c9 o nosso entendimento\u201d, afirmou.<\/p>\n<p>\u201cImaginamos que as pessoas que est\u00e3o tratando desse assunto tenham a sensibilidade de trazer esse tema ao governo depois de passado o per\u00edodo [eleitoral]. Ent\u00e3o, l\u00e1 pelo m\u00eas de novembro, final de outubro\u201d, disse o ministro.<\/p>\n<div class=\"dnd-widget-wrapper context-cheio_8colunas type-image\">\n<div class=\"dnd-atom-rendered\">\n<figure class=\"mejs-fotoh-wrapper\"><img decoding=\"async\" class=\"img-responsive full full\" title=\"Valter Campanato\/Ag\u00eancia Brasil\/Ag\u00eancia Brasil\" src=\"http:\/\/imagens.ebc.com.br\/OpYl126pK9veew4QlB0EdUsVPjI=\/754x0\/smart\/http:\/\/agenciabrasil.ebc.com.br\/sites\/default\/files\/thumbnails\/image\/vac_abr_0108182559.jpg?itok=yaBv0NIR\" alt=\"O ministro da Defesa, Joaquim Silva e Luna, fala \u00e0 imprensa durante cerim\u00f4nia de assinatura do Programa Estrat\u00e9gico de Sistemas Espaciais (PESE).\" \/><\/figure>\n<\/div>\n<div class=\"dnd-caption-wrapper\">\n<div class=\"meta\">O ministro da Defesa, Joaquim Silva e Luna, falou \u00e0 imprensa ap\u00f3s cerim\u00f4nia de assinatura do Programa Estrat\u00e9gico de Sistemas Espaciais &#8211; Valter Campanato\/Ag\u00eancia Brasil<\/div>\n<\/div>\n<\/div>\n<p>A fus\u00e3o das duas empresas foi anunciada no dia 5 de julho, quando a Boeing confirmou em memorando que negociava com a Embraer. Na ocasi\u00e3o, foi divulgado que a companhia norte-americana ficaria com 80% da divis\u00e3o de jatos comerciais da Embraer ao custo de US$ 3,8 bilh\u00f5es.<\/p>\n<h2>Golden share<\/h2>\n<p>Antes da finaliza\u00e7\u00e3o das negocia\u00e7\u00f5es, o governo brasileiro tem que ser consultado para emitir opini\u00e3o sobre o neg\u00f3cio, por deter a\u00e7\u00f5es especiais da Embraer, chamadas de \u201cgolden share\u201d. O prazo para a consulta \u00e9 de 30 dias ap\u00f3s a confirma\u00e7\u00e3o das negocia\u00e7\u00f5es.<\/p>\n<p>Em raz\u00e3o da venda da Embraer, o governo constituiu um grupo de trabalho envolvendo os minist\u00e9rios da Defesa (com o comando da Aeron\u00e1utica), Fazenda e o Banco Nacional de Desenvolvimento Econ\u00f4mico e Social (BNDES) para acompanhar as negocia\u00e7\u00f5es entre a empresa e a Boeing.<\/p>\n<p>De acordo com o ministro, esse grupo ainda n\u00e3o recebeu nenhuma proposta concreta de neg\u00f3cio. \u201cEsse tema ainda n\u00e3o chegou ao governo para decis\u00e3o, portanto o grupo de trabalho ainda n\u00e3o foi convidado a se manifestar\u201d, disse Silva e Luna.<\/p>\n<p>O ministro afirmou ainda que o Minist\u00e9rio da Defesa tem se preocupado com a preserva\u00e7\u00e3o da soberania e com a defesa da capacidade tecnol\u00f3gica alocada em projetos militares alavancados pela Embraer.<\/p>\n<p>\u201cO que interessa nas For\u00e7as Armadas \u00e9 a governan\u00e7a dos projetos de defesa. Preocupa a quest\u00e3o da soberania. O minist\u00e9rio defende que os projetos em que a Embraer est\u00e1 envolvida e que s\u00e3o da parte de defesa sejam preservados com 100% de participa\u00e7\u00e3o do Brasil\u201d, disse.<\/p>\n<p>*Ag\u00eancia Brasil<\/p>\n","protected":false},"excerpt":{"rendered":"<p>O ministro da Defesa, Joaquim Silva e Luna, disse hoje (1\u00ba) considerar como melhor cen\u00e1rio que a fus\u00e3o da Embraer e da Boeing seja tratada ap\u00f3s o per\u00edodo eleitoral. A avalia\u00e7\u00e3o foi feita ap\u00f3s a assinatura da nova edi\u00e7\u00e3o do Programa Estrat\u00e9gico de Sistemas Espaciais (Pese), projeto coordenado pelo Comando da Aeron\u00e1utica. De acordo com [&hellip;]<\/p>\n","protected":false},"author":1,"featured_media":73875,"comment_status":"closed","ping_status":"closed","sticky":false,"template":"","format":"standard","meta":[],"categories":[478],"tags":[],"_links":{"self":[{"href":"https:\/\/blitzconquista.com.br\/index.php?rest_route=\/wp\/v2\/posts\/73874"}],"collection":[{"href":"https:\/\/blitzconquista.com.br\/index.php?rest_route=\/wp\/v2\/posts"}],"about":[{"href":"https:\/\/blitzconquista.com.br\/index.php?rest_route=\/wp\/v2\/types\/post"}],"author":[{"embeddable":true,"href":"https:\/\/blitzconquista.com.br\/index.php?rest_route=\/wp\/v2\/users\/1"}],"replies":[{"embeddable":true,"href":"https:\/\/blitzconquista.com.br\/index.php?rest_route=%2Fwp%2Fv2%2Fcomments&post=73874"}],"version-history":[{"count":1,"href":"https:\/\/blitzconquista.com.br\/index.php?rest_route=\/wp\/v2\/posts\/73874\/revisions"}],"predecessor-version":[{"id":73877,"href":"https:\/\/blitzconquista.com.br\/index.php?rest_route=\/wp\/v2\/posts\/73874\/revisions\/73877"}],"wp:featuredmedia":[{"embeddable":true,"href":"https:\/\/blitzconquista.com.br\/index.php?rest_route=\/wp\/v2\/media\/73875"}],"wp:attachment":[{"href":"https:\/\/blitzconquista.com.br\/index.php?rest_route=%2Fwp%2Fv2%2Fmedia&parent=73874"}],"wp:term":[{"taxonomy":"category","embeddable":true,"href":"https:\/\/blitzconquista.com.br\/index.php?rest_route=%2Fwp%2Fv2%2Fcategories&post=73874"},{"taxonomy":"post_tag","embeddable":true,"href":"https:\/\/blitzconquista.com.br\/index.php?rest_route=%2Fwp%2Fv2%2Ftags&post=73874"}],"curies":[{"name":"wp","href":"https:\/\/api.w.org\/{rel}","templated":true}]}}