{"id":74438,"date":"2018-08-19T12:39:53","date_gmt":"2018-08-19T15:39:53","guid":{"rendered":"http:\/\/blitzconquista.com.br\/?p=74438"},"modified":"2018-08-19T12:39:53","modified_gmt":"2018-08-19T15:39:53","slug":"moto-vai-parar-embaixo-de-carro-em-acidente-na-av-integracao","status":"publish","type":"post","link":"https:\/\/blitzconquista.com.br\/?p=74438","title":{"rendered":"Moto vai parar embaixo de carro em acidente na Av. Integra\u00e7\u00e3o"},"content":{"rendered":"<p>Um acidente na Av. Integra\u00e7\u00e3o resultou com uma moto embaixo de um carro de passeio. O fato ocorreu na manh\u00e3 desse domingo (19).<\/p>\n<p><img decoding=\"async\" loading=\"lazy\" class=\"aligncenter size-full wp-image-74440\" src=\"http:\/\/blitzconquista.com.br\/wp-content\/uploads\/2018\/08\/1c9ddd9277-d16b-46fb-bc6f-780b21f193db.jpg\" alt=\"\" width=\"1075\" height=\"850\" srcset=\"https:\/\/blitzconquista.com.br\/wp-content\/uploads\/2018\/08\/1c9ddd9277-d16b-46fb-bc6f-780b21f193db.jpg 1075w, https:\/\/blitzconquista.com.br\/wp-content\/uploads\/2018\/08\/1c9ddd9277-d16b-46fb-bc6f-780b21f193db-300x237.jpg 300w, https:\/\/blitzconquista.com.br\/wp-content\/uploads\/2018\/08\/1c9ddd9277-d16b-46fb-bc6f-780b21f193db-768x607.jpg 768w, https:\/\/blitzconquista.com.br\/wp-content\/uploads\/2018\/08\/1c9ddd9277-d16b-46fb-bc6f-780b21f193db-695x550.jpg 695w, https:\/\/blitzconquista.com.br\/wp-content\/uploads\/2018\/08\/1c9ddd9277-d16b-46fb-bc6f-780b21f193db-990x783.jpg 990w\" sizes=\"(max-width: 1075px) 100vw, 1075px\" \/><\/p>\n<p>&nbsp;<\/p>\n<p>O moto foi arrastado por alguns metros. O motociclista sofreu ferimentos. Ele foi atendido pelo Samu 192 e encaminhado ao hospital. Um terceiro ve\u00edculo, tamb\u00e9m, se envolveu no acidente.<\/p>\n<p>O acidente foi registrado pela Pol\u00edcia Rodovi\u00e1ria Federal.<\/p>\n","protected":false},"excerpt":{"rendered":"<p>Um acidente na Av. Integra\u00e7\u00e3o resultou com uma moto embaixo de um carro de passeio. O fato ocorreu na manh\u00e3 desse domingo (19). &nbsp; O moto foi arrastado por alguns metros. O motociclista sofreu ferimentos. Ele foi atendido pelo Samu 192 e encaminhado ao hospital. Um terceiro ve\u00edculo, tamb\u00e9m, se envolveu no acidente. O acidente [&hellip;]<\/p>\n","protected":false},"author":1,"featured_media":74440,"comment_status":"closed","ping_status":"closed","sticky":false,"template":"","format":"standard","meta":[],"categories":[7],"tags":[],"_links":{"self":[{"href":"https:\/\/blitzconquista.com.br\/index.php?rest_route=\/wp\/v2\/posts\/74438"}],"collection":[{"href":"https:\/\/blitzconquista.com.br\/index.php?rest_route=\/wp\/v2\/posts"}],"about":[{"href":"https:\/\/blitzconquista.com.br\/index.php?rest_route=\/wp\/v2\/types\/post"}],"author":[{"embeddable":true,"href":"https:\/\/blitzconquista.com.br\/index.php?rest_route=\/wp\/v2\/users\/1"}],"replies":[{"embeddable":true,"href":"https:\/\/blitzconquista.com.br\/index.php?rest_route=%2Fwp%2Fv2%2Fcomments&post=74438"}],"version-history":[{"count":1,"href":"https:\/\/blitzconquista.com.br\/index.php?rest_route=\/wp\/v2\/posts\/74438\/revisions"}],"predecessor-version":[{"id":74441,"href":"https:\/\/blitzconquista.com.br\/index.php?rest_route=\/wp\/v2\/posts\/74438\/revisions\/74441"}],"wp:featuredmedia":[{"embeddable":true,"href":"https:\/\/blitzconquista.com.br\/index.php?rest_route=\/wp\/v2\/media\/74440"}],"wp:attachment":[{"href":"https:\/\/blitzconquista.com.br\/index.php?rest_route=%2Fwp%2Fv2%2Fmedia&parent=74438"}],"wp:term":[{"taxonomy":"category","embeddable":true,"href":"https:\/\/blitzconquista.com.br\/index.php?rest_route=%2Fwp%2Fv2%2Fcategories&post=74438"},{"taxonomy":"post_tag","embeddable":true,"href":"https:\/\/blitzconquista.com.br\/index.php?rest_route=%2Fwp%2Fv2%2Ftags&post=74438"}],"curies":[{"name":"wp","href":"https:\/\/api.w.org\/{rel}","templated":true}]}}