{"id":74727,"date":"2018-09-01T11:40:01","date_gmt":"2018-09-01T14:40:01","guid":{"rendered":"http:\/\/blitzconquista.com.br\/?p=74727"},"modified":"2018-09-01T11:40:01","modified_gmt":"2018-09-01T14:40:01","slug":"confira-as-5-multas-mais-absurdas-ja-registradas-no-brasil","status":"publish","type":"post","link":"https:\/\/blitzconquista.com.br\/?p=74727","title":{"rendered":"Confira as 5 multas mais absurdas j\u00e1 registradas no Brasil"},"content":{"rendered":"<p><span style=\"color: #ff0000;\"><strong>Motociclista sem cinto de seguran\u00e7a, motorista sem capacete e at\u00e9 troca de multas entre policiais est\u00e3o entre as bizarrices. Veja a lista<\/strong><\/span><\/p>\n<p>Quantos pontos voc\u00ea tem na sua carteira de motorista? Se um termo ficou popular na boca dos brasileiros nos \u00faltimos anos, este \u00e9 \u201cind\u00fastria da multa\u201d. Concorde ou n\u00e3o com essa chamada ind\u00fastria, fato \u00e9 que elas t\u00eam aumentado em todo o Brasil. Vamos tomar a capital mineira como exemplo. Segundo as autoridades do Detran em Belo Horizonte (MG), autua\u00e7\u00f5es por desaten\u00e7\u00e3o cresceram 117%, e elas nem chegam a ser multas absurdas.<\/p>\n<p>Neste tipo de penalidade, podemos incluir motociclistas que andam com a viseira do capacete levantada ou motoristas que est\u00e3o procurando algo dentro do carro. Mas hoje falaremos de um tipo um pouco mais raro de autua\u00e7\u00e3o. A reportagem do iG Carros elege as\u00a0<strong>multas absurdas<\/strong>\u00a0j\u00e1 registradas em solo brasileiro. Prepare-se para um verdadeiro festival de bizarrices.<\/p>\n<div id=\"noticia\">\n<h3>1 &#8211; Sem cinto na motocicleta<\/h3>\n<figure class=\"foto-legenda gd12\"><img decoding=\"async\" src=\"https:\/\/statig1.akamaized.net\/bancodeimagens\/f2\/tn\/ws\/f2tnwsblz1kdjdph3st8qm495.jpg\" alt=\"Imagine ser multado por n\u00e3o dirigir uma moto sem cinto de seguran\u00e7a. Infelizmente, multas absurdas assim acontecem com certa frequ\u00eancia em algumas cidades.\" \/><\/p>\n<div class=\"seedtag-gohan seedtag-adunit\">\n<div class=\"st-container\"><\/div>\n<\/div><figcaption class=\"undefined\"><cite>Reprodu\u00e7\u00e3o<\/cite><\/p>\n<div class=\"undefined\">Imagine ser multado por n\u00e3o dirigir uma moto sem cinto de seguran\u00e7a. Infelizmente, multas absurdas assim acontecem com certa frequ\u00eancia em algumas cidades.<\/div>\n<\/figcaption><\/figure>\n<p class=\"\">O motoboy Renato dos Santos Alves foi multado por dirigir sua Honda CG 125 sem cinto de seguran\u00e7a em Cuiab\u00e1 (MT), recebendo cinco pontos na carteira de motorista. Evidentemente, trata-se de um claro erro de identifica\u00e7\u00e3o, que logo foi corrigido pela Secretaria de Tr\u00e2nsito e Transportes Urbanos do munic\u00edpio.<\/p>\n<p>Por incr\u00edvel que pare\u00e7a, isso \u00e9 muito comum no Brasil. Em Pouso Alegre (MG), um condutor tamb\u00e9m foi multado por pilotar sua motocicleta esportiva Suzuki GSR125 sem cinto de seguran\u00e7a. Identificado, o propriet\u00e1rio da motocicleta disse nas redes sociais que j\u00e1 foi multado pelo mesmo motivo em outras ocasi\u00f5es.<\/p>\n<h3>2 &#8211; CET multa a GCM, que \u00e9 multada pela Pol\u00edcia Militar<\/h3>\n<figure class=\"foto-legenda gd12\"><img decoding=\"async\" src=\"https:\/\/statig1.akamaized.net\/bancodeimagens\/a0\/g6\/np\/a0g6npytou7hw31d5yrxc2ecu.jpg\" alt=\"Algumas das multas absurdas foram trocadas entre Guarda Civil Metropolitana, Policia Militar e CET\" \/><figcaption class=\"undefined\"><cite>Divulga\u00e7\u00e3o<\/cite><\/p>\n<div class=\"undefined\">Algumas das multas absurdas foram trocadas entre Guarda Civil Metropolitana, Policia Militar e CET<\/div>\n<\/figcaption><\/figure>\n<p class=\"\">Em 2009, um epis\u00f3dio pra l\u00e1 de curioso se desenrolou no centro de S\u00e3o Paulo. Conforme registrado pelo programa Radar SP, da Rede Globo, uma viatura da Guarda Civil Metropolitana estava estacionada em local irregular enquanto acompanhavam uma paciente que estava sendo internada no Hospital P\u00e9rola Byington. Um agente da\u00a0<strong>CET<\/strong>\u00a0parou sua caminhonete em frente a uma placa de \u201cproibido estacionar\u201d, e exigiu que a Guarda Civil Metropolitana retirasse a viatura de onde estava parada.<\/p>\n<p>Foi ent\u00e3o que, em frente \u00e0s c\u00e2meras, a CET aplicou uma multa na Guarda Civil Metropolitana enquanto outro agente da\u00a0<strong>Pol\u00edcia Militar\u00a0<\/strong>autuava o CET por ter estacionado a picape em local proibido.\u00a0 Procure pelo v\u00eddeo no YouTube para conferir na \u00edntegra.<\/p>\n<h3>3 &#8211; Gol supers\u00f4nico<\/h3>\n<figure class=\"foto-legenda gd12\"><img decoding=\"async\" src=\"https:\/\/statig2.akamaized.net\/bancodeimagens\/co\/dx\/be\/codxbeumjzafgs6m34w8e3q8p.jpg\" alt=\"O VW Gol que bate qualquer superesportivo passou muito r\u00e1pido em um radar, gerando uma das multas absurdas\" \/><figcaption class=\"undefined\"><cite>Reprodu\u00e7\u00e3o<\/cite><\/p>\n<div class=\"undefined\">O VW Gol que bate qualquer superesportivo passou muito r\u00e1pido em um radar, gerando uma das multas absurdas<\/div>\n<\/figcaption><\/figure>\n<p class=\"\">Se uma vers\u00e3o do Gol pode ser descrita como a mais emblem\u00e1tica de todos os tempos, essa \u00e9 a GTI, da d\u00e9cada de 1990. Mas de acordo com alguns registros de multa dos estados de Santa Catarina e Rio de Janeiro, este talvez n\u00e3o tenha sido o VW Gol mais esportivo da hist\u00f3ria.<\/p>\n<p>O advogado Jucilei Menezes circulava com seu compacto da Volkswagen em uma via de 40 km\/h, na cidade de Blumenau (SC). Um erro de programa\u00e7\u00e3o no radar fez com que o aparelho registrasse incr\u00edveis 4.800 km\/h. Ou seja, quatro vezes a velocidade do som. Poucos dias depois, Rafael de Andrade foi autuado em Niter\u00f3i (RJ) por estar dirigindo a 880 km\/h em uma via em que o limite de velocidade \u00e9 de 60 km\/h. Para que comprar um superesportivo Koenigsegg Agera se por muito menos \u00e9 poss\u00edvel levar um Gol?<\/p>\n<h3>4 &#8211; Multado por chupar bala?<\/h3>\n<figure class=\"foto-legenda gd12\"><img decoding=\"async\" src=\"https:\/\/statig2.akamaized.net\/bancodeimagens\/9m\/xw\/e3\/9mxwe34g6k4r7jtiivf9np3qt.jpg\" alt=\"Depois de n\u00e3o encontrar motivo para multar um motorista de um Porsche, a pol\u00edcia resolveu dar uma penalidade por causa de uma bala de menta. Uma das multas absurdas que geraram pol\u00eamica\" \/><figcaption class=\"undefined\"><cite>Reprodu\u00e7\u00e3o<\/cite><\/p>\n<div class=\"undefined\">Depois de n\u00e3o encontrar motivo para multar um motorista de um Porsche, a pol\u00edcia resolveu dar uma penalidade por causa de uma bala de menta. Uma das multas absurdas que geraram pol\u00eamica<\/div>\n<\/figcaption><\/figure>\n<p class=\"\">Cuidado com a pr\u00f3xima vez em que for colocar uma bala de menta na boca enquanto estiver dirigindo. Um motorista chamou aten\u00e7\u00e3o enquanto circulava com seu cup\u00ea esporto Porsche Cayman na regi\u00e3o de Sorocaba, no interior de S\u00e3o Paulo. Neste momento, uma viatura da Pol\u00edcia Rodovi\u00e1ria emparelhou ao lado do utilit\u00e1rio esportivo alem\u00e3o. Quando o motorista colocou uma bala na boca, os oficiais mandaram encostar.<\/p>\n<p>Em uma postagem no Facebook, o condutor afirmou que os policiais ficaram meia hora checando todos os detalhes do esportivo, at\u00e9 decidirem aplicar uma multa por ter pegado uma bala enquanto dirigia. Conforme publicado pelo site \u00daltimo Segundo, do portal iG, na \u00e9poca, o caso ganhou repercuss\u00e3o entre os leitores pela falta de \u201csenso\u201d, uma vez que colocar uma bala na boca pode ser uma a\u00e7\u00e3o t\u00e3o r\u00e1pida quando ajustar a temperatura do ar-condicionado, ou ajeitar os \u00f3culos, por exemplo.<\/p>\n<h3>5 &#8211; Sem capacete em um Uno<\/h3>\n<figure class=\"foto-legenda gd12\"><img decoding=\"async\" src=\"https:\/\/statig1.akamaized.net\/bancodeimagens\/dy\/c6\/kx\/dyc6kxe12dcfieh1z9jg8enp1.jpg\" alt=\"Uma das multas absurdas da lista envolve motoristas de autom\u00f3veis que circulavam sem capacete\" \/><figcaption class=\"undefined\"><cite>Reprodu\u00e7\u00e3o<\/cite><\/p>\n<div class=\"undefined\">Uma das multas absurdas da lista envolve motoristas de autom\u00f3veis que circulavam sem capacete<\/div>\n<\/figcaption><\/figure>\n<p class=\"  \">Andar de motocicleta sem capacete pode ser uma das coisas mais imprudentes que uma pessoa pode fazer. \u00c9 como se o condutor n\u00e3o lembrasse que, em uma motocicleta, a sua cabe\u00e7a \u00e9 o para-choque. O empres\u00e1rio Rob\u00e9rio Lima sentiu na pela como \u00e9 levar uma autua\u00e7\u00e3o por circular sem capacete. O \u00fanico problema \u00e9 que ele estava em um hatch compacto Fiat Uno.<\/p>\n<p>Junto do documento da notifica\u00e7\u00e3o, veio a explica\u00e7\u00e3o de que o motorista n\u00e3o estava usando cinto de seguran\u00e7a. No entanto, no campo de observa\u00e7\u00e3o est\u00e1 escrito \u201cve\u00edculo em movimento, vidros baixos, condutor n\u00e3o utilizava o capacete de uso obrigat\u00f3rio\u201d. Ap\u00f3s o caso ganhar a m\u00eddia, a Autarquia Municipal de Tr\u00e2nsito de Fortaleza reconheceu uma falha no sistema e tomou as devidas provid\u00eancias para corrigir uma entre as\u00a0<strong>multas absurdas<\/strong>\u00a0.<\/p>\n<\/div>\n<p><strong>Fonte:\u00a0<a href=\"https:\/\/carros.ig.com.br\/2018-08-29\/multas-absurdas.html\">Carros &#8211; iG<\/a><\/strong><\/p>\n","protected":false},"excerpt":{"rendered":"<p>Motociclista sem cinto de seguran\u00e7a, motorista sem capacete e at\u00e9 troca de multas entre policiais est\u00e3o entre as bizarrices. Veja a lista Quantos pontos voc\u00ea tem na sua carteira de motorista? Se um termo ficou popular na boca dos brasileiros nos \u00faltimos anos, este \u00e9 \u201cind\u00fastria da multa\u201d. Concorde ou n\u00e3o com essa chamada ind\u00fastria, [&hellip;]<\/p>\n","protected":false},"author":1,"featured_media":74730,"comment_status":"closed","ping_status":"closed","sticky":false,"template":"","format":"standard","meta":[],"categories":[7],"tags":[],"_links":{"self":[{"href":"https:\/\/blitzconquista.com.br\/index.php?rest_route=\/wp\/v2\/posts\/74727"}],"collection":[{"href":"https:\/\/blitzconquista.com.br\/index.php?rest_route=\/wp\/v2\/posts"}],"about":[{"href":"https:\/\/blitzconquista.com.br\/index.php?rest_route=\/wp\/v2\/types\/post"}],"author":[{"embeddable":true,"href":"https:\/\/blitzconquista.com.br\/index.php?rest_route=\/wp\/v2\/users\/1"}],"replies":[{"embeddable":true,"href":"https:\/\/blitzconquista.com.br\/index.php?rest_route=%2Fwp%2Fv2%2Fcomments&post=74727"}],"version-history":[{"count":1,"href":"https:\/\/blitzconquista.com.br\/index.php?rest_route=\/wp\/v2\/posts\/74727\/revisions"}],"predecessor-version":[{"id":74731,"href":"https:\/\/blitzconquista.com.br\/index.php?rest_route=\/wp\/v2\/posts\/74727\/revisions\/74731"}],"wp:featuredmedia":[{"embeddable":true,"href":"https:\/\/blitzconquista.com.br\/index.php?rest_route=\/wp\/v2\/media\/74730"}],"wp:attachment":[{"href":"https:\/\/blitzconquista.com.br\/index.php?rest_route=%2Fwp%2Fv2%2Fmedia&parent=74727"}],"wp:term":[{"taxonomy":"category","embeddable":true,"href":"https:\/\/blitzconquista.com.br\/index.php?rest_route=%2Fwp%2Fv2%2Fcategories&post=74727"},{"taxonomy":"post_tag","embeddable":true,"href":"https:\/\/blitzconquista.com.br\/index.php?rest_route=%2Fwp%2Fv2%2Ftags&post=74727"}],"curies":[{"name":"wp","href":"https:\/\/api.w.org\/{rel}","templated":true}]}}