{"id":74965,"date":"2018-09-10T18:36:32","date_gmt":"2018-09-10T21:36:32","guid":{"rendered":"http:\/\/blitzconquista.com.br\/?p=74965"},"modified":"2018-09-10T18:47:16","modified_gmt":"2018-09-10T21:47:16","slug":"herzem-declara-voto-a-gilmar-ferraz-nas-redes-sociais","status":"publish","type":"post","link":"https:\/\/blitzconquista.com.br\/?p=74965","title":{"rendered":"Herzem declara voto a Gilmar Ferraz nas redes sociais e recebe cr\u00edticas"},"content":{"rendered":"<p>O Prefeito Herzem Gusm\u00e3o Pereira publicou em sua p\u00e1gina do Facebook declara\u00e7\u00e3o de apoio ao vereador Gilmar Ferraz, candidato a deputado estadual pelo PMDB, que faz dobradinha com L\u00facio Vieira Lima.<\/p>\n<p>Na sua postagem na rede social Gusm\u00e3o Pereira diz: <strong><em>\u201ceu acredito que Gilmar Ferraz \u00e9 o candidato que tem totais condi\u00e7\u00f5es de se eleger e representar Vit\u00f3ria da Conquista e regi\u00e3o\u201d<\/em><\/strong>.<br \/>\n<iframe loading=\"lazy\" style=\"border: none; overflow: hidden;\" src=\"https:\/\/www.facebook.com\/plugins\/video.php?href=https%3A%2F%2Fwww.facebook.com%2Fgilmarrferraz%2Fvideos%2F1936153146678046%2F&amp;show_text=1&amp;width=560\" width=\"560\" height=\"495\" frameborder=\"0\" scrolling=\"no\" allowfullscreen=\"allowfullscreen\"><\/iframe><\/p>\n<p>Algumas pessoas n\u00e3o perderam tempo e utilizaram os coment\u00e1rios para criticarem o prefeito.<\/p>\n<p><img decoding=\"async\" loading=\"lazy\" class=\"aligncenter wp-image-74969\" src=\"http:\/\/blitzconquista.com.br\/wp-content\/uploads\/2018\/09\/faceroabomeoto.jpg\" alt=\"\" width=\"388\" height=\"471\" srcset=\"https:\/\/blitzconquista.com.br\/wp-content\/uploads\/2018\/09\/faceroabomeoto.jpg 470w, https:\/\/blitzconquista.com.br\/wp-content\/uploads\/2018\/09\/faceroabomeoto-247x300.jpg 247w\" sizes=\"(max-width: 388px) 100vw, 388px\" \/><\/p>\n","protected":false},"excerpt":{"rendered":"<p>O Prefeito Herzem Gusm\u00e3o Pereira publicou em sua p\u00e1gina do Facebook declara\u00e7\u00e3o de apoio ao vereador Gilmar Ferraz, candidato a deputado estadual pelo PMDB, que faz dobradinha com L\u00facio Vieira Lima. Na sua postagem na rede social Gusm\u00e3o Pereira diz: \u201ceu acredito que Gilmar Ferraz \u00e9 o candidato que tem totais condi\u00e7\u00f5es de se eleger [&hellip;]<\/p>\n","protected":false},"author":1,"featured_media":74966,"comment_status":"closed","ping_status":"closed","sticky":false,"template":"","format":"standard","meta":[],"categories":[5],"tags":[],"_links":{"self":[{"href":"https:\/\/blitzconquista.com.br\/index.php?rest_route=\/wp\/v2\/posts\/74965"}],"collection":[{"href":"https:\/\/blitzconquista.com.br\/index.php?rest_route=\/wp\/v2\/posts"}],"about":[{"href":"https:\/\/blitzconquista.com.br\/index.php?rest_route=\/wp\/v2\/types\/post"}],"author":[{"embeddable":true,"href":"https:\/\/blitzconquista.com.br\/index.php?rest_route=\/wp\/v2\/users\/1"}],"replies":[{"embeddable":true,"href":"https:\/\/blitzconquista.com.br\/index.php?rest_route=%2Fwp%2Fv2%2Fcomments&post=74965"}],"version-history":[{"count":4,"href":"https:\/\/blitzconquista.com.br\/index.php?rest_route=\/wp\/v2\/posts\/74965\/revisions"}],"predecessor-version":[{"id":74968,"href":"https:\/\/blitzconquista.com.br\/index.php?rest_route=\/wp\/v2\/posts\/74965\/revisions\/74968"}],"wp:featuredmedia":[{"embeddable":true,"href":"https:\/\/blitzconquista.com.br\/index.php?rest_route=\/wp\/v2\/media\/74966"}],"wp:attachment":[{"href":"https:\/\/blitzconquista.com.br\/index.php?rest_route=%2Fwp%2Fv2%2Fmedia&parent=74965"}],"wp:term":[{"taxonomy":"category","embeddable":true,"href":"https:\/\/blitzconquista.com.br\/index.php?rest_route=%2Fwp%2Fv2%2Fcategories&post=74965"},{"taxonomy":"post_tag","embeddable":true,"href":"https:\/\/blitzconquista.com.br\/index.php?rest_route=%2Fwp%2Fv2%2Ftags&post=74965"}],"curies":[{"name":"wp","href":"https:\/\/api.w.org\/{rel}","templated":true}]}}