{"id":75043,"date":"2018-09-11T22:01:50","date_gmt":"2018-09-12T01:01:50","guid":{"rendered":"http:\/\/blitzconquista.com.br\/?p=75043"},"modified":"2018-09-11T22:01:50","modified_gmt":"2018-09-12T01:01:50","slug":"haddad-manuela-e-rui-cumprem-agenda-de-campanha-em-conquista","status":"publish","type":"post","link":"https:\/\/blitzconquista.com.br\/?p=75043","title":{"rendered":"Haddad, Manuela e Rui cumprem agenda de campanha em Conquista"},"content":{"rendered":"<p>Os candidatos Haddad e Manuela estar\u00e3o ao lado de Rui Costa no pr\u00f3ximo s\u00e1bado (15), em Vit\u00f3ria da Conquista.<\/p>\n<p><img decoding=\"async\" loading=\"lazy\" class=\"aligncenter size-full wp-image-75045\" src=\"http:\/\/blitzconquista.com.br\/wp-content\/uploads\/2018\/09\/haddad-na-bahia.jpg\" alt=\"\" width=\"780\" height=\"440\" srcset=\"https:\/\/blitzconquista.com.br\/wp-content\/uploads\/2018\/09\/haddad-na-bahia.jpg 780w, https:\/\/blitzconquista.com.br\/wp-content\/uploads\/2018\/09\/haddad-na-bahia-300x168.jpg 300w, https:\/\/blitzconquista.com.br\/wp-content\/uploads\/2018\/09\/haddad-na-bahia-768x433.jpg 768w, https:\/\/blitzconquista.com.br\/wp-content\/uploads\/2018\/09\/haddad-na-bahia-695x392.jpg 695w, https:\/\/blitzconquista.com.br\/wp-content\/uploads\/2018\/09\/haddad-na-bahia-470x264.jpg 470w, https:\/\/blitzconquista.com.br\/wp-content\/uploads\/2018\/09\/haddad-na-bahia-640x360.jpg 640w, https:\/\/blitzconquista.com.br\/wp-content\/uploads\/2018\/09\/haddad-na-bahia-215x120.jpg 215w\" sizes=\"(max-width: 780px) 100vw, 780px\" \/><\/p>\n<p>Esse ser\u00e1 o primeiro ato como candidatos na Bahia, ap\u00f3s a retirada de Lula da chapa do PT .<\/p>\n<p><img decoding=\"async\" loading=\"lazy\" class=\"aligncenter size-full wp-image-75044\" src=\"http:\/\/blitzconquista.com.br\/wp-content\/uploads\/2018\/09\/manuela-e-haddad-2-550x310.jpg\" alt=\"\" width=\"550\" height=\"310\" srcset=\"https:\/\/blitzconquista.com.br\/wp-content\/uploads\/2018\/09\/manuela-e-haddad-2-550x310.jpg 550w, https:\/\/blitzconquista.com.br\/wp-content\/uploads\/2018\/09\/manuela-e-haddad-2-550x310-300x168.jpg 300w, https:\/\/blitzconquista.com.br\/wp-content\/uploads\/2018\/09\/manuela-e-haddad-2-550x310-470x264.jpg 470w, https:\/\/blitzconquista.com.br\/wp-content\/uploads\/2018\/09\/manuela-e-haddad-2-550x310-215x120.jpg 215w, https:\/\/blitzconquista.com.br\/wp-content\/uploads\/2018\/09\/manuela-e-haddad-2-550x310-414x232.jpg 414w\" sizes=\"(max-width: 550px) 100vw, 550px\" \/><\/p>\n<p>De acordo com o diret\u00f3rio do PT em Conquista, al\u00e9m de Haddad, Manuela e Rui Costa estar\u00e3o presentes os candidatos ao Senado Federal Jacques Wagner e \u00c2ngelo Coronel.<\/p>\n<p>A concentra\u00e7\u00e3o est\u00e1 marcada para as 9 horas na Pra\u00e7a Guadalajara.<\/p>\n","protected":false},"excerpt":{"rendered":"<p>Os candidatos Haddad e Manuela estar\u00e3o ao lado de Rui Costa no pr\u00f3ximo s\u00e1bado (15), em Vit\u00f3ria da Conquista. Esse ser\u00e1 o primeiro ato como candidatos na Bahia, ap\u00f3s a retirada de Lula da chapa do PT . De acordo com o diret\u00f3rio do PT em Conquista, al\u00e9m de Haddad, Manuela e Rui Costa estar\u00e3o [&hellip;]<\/p>\n","protected":false},"author":1,"featured_media":75046,"comment_status":"closed","ping_status":"closed","sticky":false,"template":"","format":"standard","meta":[],"categories":[212,5],"tags":[],"_links":{"self":[{"href":"https:\/\/blitzconquista.com.br\/index.php?rest_route=\/wp\/v2\/posts\/75043"}],"collection":[{"href":"https:\/\/blitzconquista.com.br\/index.php?rest_route=\/wp\/v2\/posts"}],"about":[{"href":"https:\/\/blitzconquista.com.br\/index.php?rest_route=\/wp\/v2\/types\/post"}],"author":[{"embeddable":true,"href":"https:\/\/blitzconquista.com.br\/index.php?rest_route=\/wp\/v2\/users\/1"}],"replies":[{"embeddable":true,"href":"https:\/\/blitzconquista.com.br\/index.php?rest_route=%2Fwp%2Fv2%2Fcomments&post=75043"}],"version-history":[{"count":1,"href":"https:\/\/blitzconquista.com.br\/index.php?rest_route=\/wp\/v2\/posts\/75043\/revisions"}],"predecessor-version":[{"id":75047,"href":"https:\/\/blitzconquista.com.br\/index.php?rest_route=\/wp\/v2\/posts\/75043\/revisions\/75047"}],"wp:featuredmedia":[{"embeddable":true,"href":"https:\/\/blitzconquista.com.br\/index.php?rest_route=\/wp\/v2\/media\/75046"}],"wp:attachment":[{"href":"https:\/\/blitzconquista.com.br\/index.php?rest_route=%2Fwp%2Fv2%2Fmedia&parent=75043"}],"wp:term":[{"taxonomy":"category","embeddable":true,"href":"https:\/\/blitzconquista.com.br\/index.php?rest_route=%2Fwp%2Fv2%2Fcategories&post=75043"},{"taxonomy":"post_tag","embeddable":true,"href":"https:\/\/blitzconquista.com.br\/index.php?rest_route=%2Fwp%2Fv2%2Ftags&post=75043"}],"curies":[{"name":"wp","href":"https:\/\/api.w.org\/{rel}","templated":true}]}}