{"id":75053,"date":"2018-09-12T10:03:43","date_gmt":"2018-09-12T13:03:43","guid":{"rendered":"http:\/\/blitzconquista.com.br\/?p=75053"},"modified":"2018-09-12T10:03:44","modified_gmt":"2018-09-12T13:03:44","slug":"prefeito-diz-que-assessor-afastado-pela-justica-e-exemplar","status":"publish","type":"post","link":"https:\/\/blitzconquista.com.br\/?p=75053","title":{"rendered":"Prefeito diz que assessor afastado pela Justi\u00e7a \u00e9 exemplar"},"content":{"rendered":"<p style=\"box-sizing:border-box; border:0px; font-variant-ligatures:normal; font-variant-caps:normal; font-variant-numeric:inherit; font-variant-east-asian:inherit; font-stretch:inherit; line-height:1.6; font-family:\" opensansserif=\"opensansserif\" _15px=\"font-size:_15px\" normal=\"white-space:normal\" _400=\"font-weight:_400\" _0px0px15px=\"margin:_0px0px15px\" _0px=\"_-webkit-text-stroke-width:_0px\" baseline=\"vertical-align:baseline\" rgb686868=\"color:rgb686868\" _2text-indent0px=\"orphans:_2text-indent0px\" none=\"text-transform:none\" _2=\"widows:_2\" rgb255255255=\"background-color:rgb255255255\" initial=\"text-decoration-color:initial\" left=\"text-align:left\"><img decoding=\"async\" loading=\"lazy\" src=\"http:\/\/blitzconquista.com.br\/wp-content\/uploads\/2018\/09\/fachada-pmvc.jpg\" width=\"800\" height=\"533\" class=\"wp-image-75055 alignnone size-full\" srcset=\"https:\/\/blitzconquista.com.br\/wp-content\/uploads\/2018\/09\/fachada-pmvc.jpg 800w, https:\/\/blitzconquista.com.br\/wp-content\/uploads\/2018\/09\/fachada-pmvc-300x200.jpg 300w, https:\/\/blitzconquista.com.br\/wp-content\/uploads\/2018\/09\/fachada-pmvc-768x512.jpg 768w, https:\/\/blitzconquista.com.br\/wp-content\/uploads\/2018\/09\/fachada-pmvc-695x463.jpg 695w, https:\/\/blitzconquista.com.br\/wp-content\/uploads\/2018\/09\/fachada-pmvc-414x276.jpg 414w, https:\/\/blitzconquista.com.br\/wp-content\/uploads\/2018\/09\/fachada-pmvc-470x313.jpg 470w, https:\/\/blitzconquista.com.br\/wp-content\/uploads\/2018\/09\/fachada-pmvc-640x426.jpg 640w, https:\/\/blitzconquista.com.br\/wp-content\/uploads\/2018\/09\/fachada-pmvc-130x86.jpg 130w, https:\/\/blitzconquista.com.br\/wp-content\/uploads\/2018\/09\/fachada-pmvc-187x124.jpg 187w\" sizes=\"(max-width: 800px) 100vw, 800px\" \/><\/p>\n<p>O retorno do assessor do Prefeito Herzem Gusm\u00e3o Pereira, que estava afastado pela Justi\u00e7a, sendo proibido de se aproximar da Prefeitura, foi motivo de especula\u00e7\u00f5es na cidade. Diante do desconforto na c\u00fapula do executivo municipal, a Secretaria de comunica\u00e7\u00e3o emitiu nota explicando que houve revoga\u00e7\u00e3o da medida cautelar que determinava o afastamento. Na nota h\u00e1 uma declara\u00e7\u00e3o do Prefeito afirmando que o servidor \u00e9 exemplar.<\/p>\n<p>Leia a Nota.<\/p>\n<p><i style=\"box-sizing: border-box; border: 0px; font-variant: inherit; font-stretch: inherit; line-height: inherit; font-family: inherit; font-size: 15px; font-style: italic; font-weight: inherit; margin: 0px; outline: 0px; padding: 0px; vertical-align: baseline;\">A Prefeitura Municipal de Vit\u00f3ria da Conquista informa que a decis\u00e3o cautelar que afastou o servidor da sua fun\u00e7\u00e3o p\u00fablica foi revogada, e ele j\u00e1 retomou \u00e0s suas atividades. \u201c Lauro \u00e9 um servidor exemplar que est\u00e1 implantando na prefeitura um N\u00facleo de Tecnologia e Informa\u00e7\u00f5es (NTI) dos mais modernos e avan\u00e7ados do Brasil. Sabia que o seu retorno ao trab<\/i>alho seria imediato\u201d, disse o Prefeito.<\/p>\n<p style=\"box-sizing:border-box; border:0px; font-variant-ligatures:normal; font-variant-caps:normal; font-variant-numeric:inherit; font-variant-east-asian:inherit; font-stretch:inherit; line-height:1.6; font-family:\" opensansserif=\"opensansserif\" _15px=\"font-size:_15px\" normal=\"white-space:normal\" _400=\"font-weight:_400\" _0px0px15px=\"margin:_0px0px15px\" _0px=\"_-webkit-text-stroke-width:_0px\" baseline=\"vertical-align:baseline\" rgb686868=\"color:rgb686868\" _2text-indent0px=\"orphans:_2text-indent0px\" none=\"text-transform:none\" _2=\"widows:_2\" rgb255255255=\"background-color:rgb255255255\" initial=\"text-decoration-color:initial\" left=\"text-align:left\"><i style=\"box-sizing: border-box; border: 0px; font-variant: inherit; font-stretch: inherit; line-height: inherit; font-family: inherit; font-size: 15px; font-style: italic; font-weight: inherit; margin: 0px; outline: 0px; padding: 0px; vertical-align: baseline;\">A Prefeitura apresentou vasto conte\u00fado probat\u00f3rio de que o \u00fanico crit\u00e9rio levado em considera\u00e7\u00e3o ao nomear o servidor foi sua not\u00e1vel experi\u00eancia t\u00e9cnica na \u00e1rea, como ocorre em todas as contrata\u00e7\u00f5es municipais.<\/i><\/p>\n<p style=\"box-sizing:border-box; border:0px; font-variant-ligatures:normal; font-variant-caps:normal; font-variant-numeric:inherit; font-variant-east-asian:inherit; font-stretch:inherit; line-height:1.6; font-family:\" opensansserif=\"opensansserif\" _15px=\"font-size:_15px\" normal=\"white-space:normal\" _400=\"font-weight:_400\" _0px0px15px=\"margin:_0px0px15px\" _0px=\"_-webkit-text-stroke-width:_0px\" baseline=\"vertical-align:baseline\" rgb686868=\"color:rgb686868\" _2text-indent0px=\"orphans:_2text-indent0px\" none=\"text-transform:none\" _2=\"widows:_2\" rgb255255255=\"background-color:rgb255255255\" initial=\"text-decoration-color:initial\" left=\"text-align:left\"><i style=\"box-sizing: border-box; border: 0px; font-variant: inherit; font-stretch: inherit; line-height: inherit; font-family: inherit; font-size: 15px; font-style: italic; font-weight: inherit; margin: 0px; outline: 0px; padding: 0px; vertical-align: baseline;\">Informa, ainda, que n\u00e3o interfere no quadro de empregados de empresas que prestam servi\u00e7os ao Munic\u00edpio e que nossos \u00f3rg\u00e3os de controle interno est\u00e3o empenhados em apurar eventuais irregularidades em processos licitat\u00f3rios, principalmente o que ocorreu em 2014 e \u00e9 alvo de investiga\u00e7\u00e3o.<\/i><\/p>\n<p style=\"box-sizing:border-box; border:0px; font-variant-ligatures:normal; font-variant-caps:normal; font-variant-numeric:inherit; font-variant-east-asian:inherit; font-stretch:inherit; line-height:1.6; font-family:\" opensansserif=\"opensansserif\" _15px=\"font-size:_15px\" normal=\"white-space:normal\" _400=\"font-weight:_400\" _0px0px15px=\"margin:_0px0px15px\" _0px=\"_-webkit-text-stroke-width:_0px\" baseline=\"vertical-align:baseline\" rgb686868=\"color:rgb686868\" _2text-indent0px=\"orphans:_2text-indent0px\" none=\"text-transform:none\" _2=\"widows:_2\" rgb255255255=\"background-color:rgb255255255\" initial=\"text-decoration-color:initial\" left=\"text-align:left\"><i style=\"box-sizing: border-box; border: 0px; font-variant: inherit; font-stretch: inherit; line-height: inherit; font-family: inherit; font-size: 15px; font-style: italic; font-weight: inherit; margin: 0px; outline: 0px; padding: 0px; vertical-align: baseline;\">Por fim, afirma que n\u00e3o compactua com qualquer ilegalidade e assegura que o combate \u00e0 corrup\u00e7\u00e3o seja frequente e efetivo em todos os \u00f3rg\u00e3os municipais.<\/i><\/p>\n","protected":false},"excerpt":{"rendered":"<p>O retorno do assessor do Prefeito Herzem Gusm\u00e3o Pereira, que estava afastado pela Justi\u00e7a, sendo proibido de se aproximar da Prefeitura, foi motivo de especula\u00e7\u00f5es na cidade. Diante do desconforto na c\u00fapula do executivo municipal, a Secretaria de comunica\u00e7\u00e3o emitiu nota explicando que houve revoga\u00e7\u00e3o da medida cautelar que determinava o afastamento. Na nota h\u00e1 [&hellip;]<\/p>\n","protected":false},"author":1,"featured_media":75055,"comment_status":"closed","ping_status":"closed","sticky":false,"template":"","format":"standard","meta":[],"categories":[212,5],"tags":[],"_links":{"self":[{"href":"https:\/\/blitzconquista.com.br\/index.php?rest_route=\/wp\/v2\/posts\/75053"}],"collection":[{"href":"https:\/\/blitzconquista.com.br\/index.php?rest_route=\/wp\/v2\/posts"}],"about":[{"href":"https:\/\/blitzconquista.com.br\/index.php?rest_route=\/wp\/v2\/types\/post"}],"author":[{"embeddable":true,"href":"https:\/\/blitzconquista.com.br\/index.php?rest_route=\/wp\/v2\/users\/1"}],"replies":[{"embeddable":true,"href":"https:\/\/blitzconquista.com.br\/index.php?rest_route=%2Fwp%2Fv2%2Fcomments&post=75053"}],"version-history":[{"count":2,"href":"https:\/\/blitzconquista.com.br\/index.php?rest_route=\/wp\/v2\/posts\/75053\/revisions"}],"predecessor-version":[{"id":75056,"href":"https:\/\/blitzconquista.com.br\/index.php?rest_route=\/wp\/v2\/posts\/75053\/revisions\/75056"}],"wp:featuredmedia":[{"embeddable":true,"href":"https:\/\/blitzconquista.com.br\/index.php?rest_route=\/wp\/v2\/media\/75055"}],"wp:attachment":[{"href":"https:\/\/blitzconquista.com.br\/index.php?rest_route=%2Fwp%2Fv2%2Fmedia&parent=75053"}],"wp:term":[{"taxonomy":"category","embeddable":true,"href":"https:\/\/blitzconquista.com.br\/index.php?rest_route=%2Fwp%2Fv2%2Fcategories&post=75053"},{"taxonomy":"post_tag","embeddable":true,"href":"https:\/\/blitzconquista.com.br\/index.php?rest_route=%2Fwp%2Fv2%2Ftags&post=75053"}],"curies":[{"name":"wp","href":"https:\/\/api.w.org\/{rel}","templated":true}]}}