{"id":75112,"date":"2018-09-12T21:03:57","date_gmt":"2018-09-13T00:03:57","guid":{"rendered":"http:\/\/blitzconquista.com.br\/?p=75112"},"modified":"2018-09-13T17:12:01","modified_gmt":"2018-09-13T20:12:01","slug":"a-base-nacional-comum-curricular-desafios-a-escola-de-educacao-infantil-e-as-professoras","status":"publish","type":"post","link":"https:\/\/blitzconquista.com.br\/?p=75112","title":{"rendered":"A Base Nacional Comum Curricular: desafios a escola de educa\u00e7\u00e3o infantil e as professoras"},"content":{"rendered":"<p><img decoding=\"async\" loading=\"lazy\" class=\"aligncenter size-full wp-image-75113\" src=\"http:\/\/blitzconquista.com.br\/wp-content\/uploads\/2018\/09\/11753655_695258610606823_279159801303006778_n.jpg\" alt=\"\" width=\"960\" height=\"636\" srcset=\"https:\/\/blitzconquista.com.br\/wp-content\/uploads\/2018\/09\/11753655_695258610606823_279159801303006778_n.jpg 960w, https:\/\/blitzconquista.com.br\/wp-content\/uploads\/2018\/09\/11753655_695258610606823_279159801303006778_n-300x200.jpg 300w, https:\/\/blitzconquista.com.br\/wp-content\/uploads\/2018\/09\/11753655_695258610606823_279159801303006778_n-768x509.jpg 768w, https:\/\/blitzconquista.com.br\/wp-content\/uploads\/2018\/09\/11753655_695258610606823_279159801303006778_n-695x460.jpg 695w, https:\/\/blitzconquista.com.br\/wp-content\/uploads\/2018\/09\/11753655_695258610606823_279159801303006778_n-130x86.jpg 130w, https:\/\/blitzconquista.com.br\/wp-content\/uploads\/2018\/09\/11753655_695258610606823_279159801303006778_n-187x124.jpg 187w\" sizes=\"(max-width: 960px) 100vw, 960px\" \/><\/p>\n<p class=\"ydpc92d1a5cyiv9976837116ydp5e20e545yiv2206181547ydp4461dc73yiv0168750055ydp3964b5b8yiv9476810881ydpefc2d247yiv2148213805ydp75bc915cyiv3065211340ydp455207cfyiv4373866962ydpd3e05d64MsoNormal\">*Por <strong>Prof. Dr. Reginaldo de Souza Silva<\/strong><\/p>\n<p class=\"ydpc92d1a5cyiv9976837116ydp5e20e545yiv2206181547ydp4461dc73yiv0168750055ydp3964b5b8yiv9476810881ydpefc2d247yiv2148213805ydp75bc915cyiv3065211340ydp455207cfyiv4373866962ydpd3e05d64MsoNormal\">O resultado da luta por uma educa\u00e7\u00e3o de qualidade no Brasil esta expresso em v\u00e1rios documentos &#8211; Constitui\u00e7\u00e3o de 1988, LDB 9394-96, Plano Nacional de Educa\u00e7\u00e3o de 2014 e, mais recentemente na BNCC da educa\u00e7\u00e3o infantil e ensino fundamental. Documento de car\u00e1ter normativo que define o conjunto de aprendizagens essenciais que todo(a)s o(a)s aluno(a)s devem desenvolver ao longo das etapas e modalidades da Educa\u00e7\u00e3o B\u00e1sica, a fim de assegurar seus direitos de aprendizagem e desenvolvimento.<\/p>\n<p class=\"ydpc92d1a5cyiv9976837116ydp5e20e545yiv2206181547ydp4461dc73yiv0168750055ydp3964b5b8yiv9476810881ydpefc2d247yiv2148213805ydp75bc915cyiv3065211340ydp455207cfyiv4373866962ydpd3e05d64MsoNormal\">Na Educa\u00e7\u00e3o Infantil &#8211; creche 0 a 3 anos e, pr\u00e9-escola 4 a 5 anos, entre eles est\u00e3o<b>:<\/b>\u00a0<b>Conviver<\/b>\u00a0com crian\u00e7as e adultos, em pequenos e grandes grupos, utilizando diferentes linguagens, ampliando o conhecimento de si e do outro, o respeito em rela\u00e7\u00e3o \u00e0 cultura e \u00e0s diferen\u00e7as entre as pessoas,\u00a0<b>brincar\u00a0<\/b>de diversas formas, em diferentes espa\u00e7os, tempos e parceiros (crian\u00e7as e adultos), ampliando e diversificando seu acesso a produ\u00e7\u00f5es culturais, seus conhecimentos, sua imagina\u00e7\u00e3o, criatividade e, experi\u00eancias emocionais, corporais, sensoriais, expressivas, cognitivas, sociais e relacionais.<\/p>\n<p class=\"ydpc92d1a5cyiv9976837116ydp5e20e545yiv2206181547ydp4461dc73yiv0168750055ydp3964b5b8yiv9476810881ydpefc2d247yiv2148213805ydp75bc915cyiv3065211340ydp455207cfyiv4373866962ydpd3e05d64MsoNormal\">Em \u00e9poca de ataque a democracia e apologia a viol\u00eancia como garantir<b>:<\/b>\u00a0o direito de\u00a0<b>participar<\/b>\u00a0ativamente, com adultos e outras crian\u00e7as, tanto do planejamento da gest\u00e3o da escola e das atividades propostas pelo educador quanto da realiza\u00e7\u00e3o das atividades da vida cotidiana, a escolha das brincadeiras, dos materiais e dos ambientes, desenvolvendo diferentes linguagens e elaborando conhecimentos, decidindo e se posicionando,\u00a0<b>explorar\u00a0<\/b>\u00a0movimentos, gestos, sons, formas, texturas, cores, palavras, emo\u00e7\u00f5es, transforma\u00e7\u00f5es, relacionamentos, hist\u00f3rias, objetos, elementos da natureza, na escola e fora dela, ampliando seus saberes sobre a cultura, em suas diversas modalidades: as artes, a escrita, a ci\u00eancia e a tecnologia.,\u00a0<b>expressar-se<\/b>\u00a0como sujeito criativo e sens\u00edvel, suas necessidades, emo\u00e7\u00f5es, sentimentos, d\u00favidas, hip\u00f3teses, descobertas, opini\u00f5es, questionamentos, por meio de diferentes linguagens.e\u00a0<b>conhecer-se\u00a0<\/b>e construir sua identidade pessoal, social e cultural, constituindo uma imagem positiva de si e de seus grupos de pertencimento, nas diversas experi\u00eancias de cuidados, intera\u00e7\u00f5es, brincadeiras e linguagens vivenciadas na institui\u00e7\u00e3o escolar e em seu contexto familiar e comunit\u00e1rio.<\/p>\n<p class=\"ydpc92d1a5cyiv9976837116ydp5e20e545yiv2206181547ydp4461dc73yiv0168750055ydp3964b5b8yiv9476810881ydpefc2d247yiv2148213805ydp75bc915cyiv3065211340ydp455207cfyiv4373866962ydpd3e05d64MsoNormal\">As professoras e gestores precisam estar atentos aos campos de experi\u00eancia e aos\u00a0objetivos de aprendizagem e desenvolvimento<b>:<\/b>\u00a0Eu, o outro e nos, corpo, gestos e movimentos, tra\u00e7os, sons, cores e formas,\u00a0Escuta, fala, pensamento e imagina\u00e7\u00e3o e aos 4 e 5 anos Espa\u00e7os, tempos, quantidades, rela\u00e7\u00f5es e transforma\u00e7\u00f5es.<\/p>\n<p class=\"ydpc92d1a5cyiv9976837116ydp5e20e545yiv2206181547ydp4461dc73yiv0168750055ydp3964b5b8yiv9476810881ydpefc2d247yiv2148213805ydp75bc915cyiv3065211340ydp455207cfyiv4373866962ydpd3e05d64MsoNormal\">Portanto, as atividades desenvolvidas em sala de aula devem refletir: o planejamento \u00e0 luz das compet\u00eancias gerais, campos de experi\u00eancias, objetivos de aprendizagem e desenvolvimento e habilidades.<\/p>\n<p class=\"ydpc92d1a5cyiv9976837116ydp5e20e545yiv2206181547ydp4461dc73yiv0168750055ydp3964b5b8yiv9476810881ydpefc2d247yiv2148213805ydp75bc915cyiv3065211340ydp455207cfyiv4373866962ydpd3e05d64MsoNormal\">Secret\u00e1rios municipais de educa\u00e7\u00e3o, gestores de estabelecimentos de ensino, de universidades e institui\u00e7\u00f5es que formam professore(a)s, \u00a0a partir de sua realidade e pressupostos da BNCC precisam refletir sobre<b>:<\/b>\u00a0Quais as principais implica\u00e7\u00f5es para a Educa\u00e7\u00e3o? Que tipo de mudan\u00e7a traz para a pr\u00e1tica do(a) professor(a) em sala de aula? Como inserir as 10 compet\u00eancias voltadas ao desenvolvimento humano integral no dia a dia do ensino da educa\u00e7\u00e3o infantil?<\/p>\n<p class=\"ydpc92d1a5cyiv9976837116ydp5e20e545yiv2206181547ydp4461dc73yiv0168750055ydp3964b5b8yiv9476810881ydpefc2d247yiv2148213805ydp75bc915cyiv3065211340ydp455207cfyiv4373866962ydpd3e05d64MsoNormal\">Quais princ\u00edpios precisam ter o(a)s professore(a)s para garantir a\u00a0Democracia, participa\u00e7\u00e3o e inclus\u00e3o. Valoriza\u00e7\u00e3o do conhecimento e das culturas.\u00a0 Desenvolvimento integral, Compromisso \u00e9tico, pol\u00edtico e est\u00e9tico. Respeito a diversidade, Dignidade, equidade, justi\u00e7a e honestidade, Estar atento \u00e0s necessidades f\u00edsicas, emocionais e cognitivas, Assegurar que todas as crian\u00e7as aprendam&#8230; etc.<\/p>\n<p class=\"ydpc92d1a5cyiv9976837116ydp5e20e545yiv2206181547ydp4461dc73yiv0168750055ydp3964b5b8yiv9476810881ydpefc2d247yiv2148213805ydp75bc915cyiv3065211340ydp455207cfyiv4373866962ydpd3e05d64MsoNormal\">Em tempos de nega\u00e7\u00e3o dos direitos e valoriza\u00e7\u00e3o dos profissionais da educa\u00e7\u00e3o, da falta de condi\u00e7\u00f5es e infraestrutura de trabalho,\u00a0<b>O DESAFIO ESTA LANCADO&#8230;<\/b><\/p>\n<p class=\"ydpc92d1a5cyiv9976837116ydp5e20e545yiv2206181547ydp4461dc73yiv0168750055ydp3964b5b8yiv9476810881ydpefc2d247yiv2148213805ydp75bc915cyiv3065211340ydp455207cfyiv4373866962ydpd3e05d64MsoNormal\"><b>Prof. Dr. Reginaldo de Souza Silva \u2013 Coordenador do N\u00facleo de Estudos da Crian\u00e7a e do Adolescente \u2013 Universidade Estadual do Sudoeste da Bahia \u2013 NECA-UESB<\/b><\/p>\n","protected":false},"excerpt":{"rendered":"<p>*Por Prof. Dr. Reginaldo de Souza Silva O resultado da luta por uma educa\u00e7\u00e3o de qualidade no Brasil esta expresso em v\u00e1rios documentos &#8211; Constitui\u00e7\u00e3o de 1988, LDB 9394-96, Plano Nacional de Educa\u00e7\u00e3o de 2014 e, mais recentemente na BNCC da educa\u00e7\u00e3o infantil e ensino fundamental. Documento de car\u00e1ter normativo que define o conjunto de [&hellip;]<\/p>\n","protected":false},"author":1,"featured_media":75113,"comment_status":"closed","ping_status":"closed","sticky":false,"template":"","format":"standard","meta":[],"categories":[28,29],"tags":[],"_links":{"self":[{"href":"https:\/\/blitzconquista.com.br\/index.php?rest_route=\/wp\/v2\/posts\/75112"}],"collection":[{"href":"https:\/\/blitzconquista.com.br\/index.php?rest_route=\/wp\/v2\/posts"}],"about":[{"href":"https:\/\/blitzconquista.com.br\/index.php?rest_route=\/wp\/v2\/types\/post"}],"author":[{"embeddable":true,"href":"https:\/\/blitzconquista.com.br\/index.php?rest_route=\/wp\/v2\/users\/1"}],"replies":[{"embeddable":true,"href":"https:\/\/blitzconquista.com.br\/index.php?rest_route=%2Fwp%2Fv2%2Fcomments&post=75112"}],"version-history":[{"count":1,"href":"https:\/\/blitzconquista.com.br\/index.php?rest_route=\/wp\/v2\/posts\/75112\/revisions"}],"predecessor-version":[{"id":75114,"href":"https:\/\/blitzconquista.com.br\/index.php?rest_route=\/wp\/v2\/posts\/75112\/revisions\/75114"}],"wp:featuredmedia":[{"embeddable":true,"href":"https:\/\/blitzconquista.com.br\/index.php?rest_route=\/wp\/v2\/media\/75113"}],"wp:attachment":[{"href":"https:\/\/blitzconquista.com.br\/index.php?rest_route=%2Fwp%2Fv2%2Fmedia&parent=75112"}],"wp:term":[{"taxonomy":"category","embeddable":true,"href":"https:\/\/blitzconquista.com.br\/index.php?rest_route=%2Fwp%2Fv2%2Fcategories&post=75112"},{"taxonomy":"post_tag","embeddable":true,"href":"https:\/\/blitzconquista.com.br\/index.php?rest_route=%2Fwp%2Fv2%2Ftags&post=75112"}],"curies":[{"name":"wp","href":"https:\/\/api.w.org\/{rel}","templated":true}]}}