{"id":78893,"date":"2019-01-23T14:39:28","date_gmt":"2019-01-23T17:39:28","guid":{"rendered":"http:\/\/blitzconquista.com.br\/?p=78893"},"modified":"2019-01-23T14:39:28","modified_gmt":"2019-01-23T17:39:28","slug":"decisao-da-justica-federal-cai-liminar-que-suspendia-recolhimento-de-veiculos-por-atraso-do-ipva","status":"publish","type":"post","link":"https:\/\/blitzconquista.com.br\/?p=78893","title":{"rendered":"Decis\u00e3o da Justi\u00e7a Federal: cai liminar que suspendia recolhimento de ve\u00edculos por atraso do IPVA"},"content":{"rendered":"<p><span style=\"color: #ff0000;\"><strong>O ve\u00edculo que n\u00e3o estiver com todos os valores quitados ser\u00e1 autuado e removido da via.<\/strong><\/span><\/p>\n<figure id=\"attachment_78895\" aria-describedby=\"caption-attachment-78895\" style=\"width: 600px\" class=\"wp-caption aligncenter\"><img decoding=\"async\" loading=\"lazy\" class=\"size-full wp-image-78895\" src=\"http:\/\/blitzconquista.com.br\/wp-content\/uploads\/2019\/01\/IPVA.jpg\" alt=\"\" width=\"600\" height=\"420\" srcset=\"https:\/\/blitzconquista.com.br\/wp-content\/uploads\/2019\/01\/IPVA.jpg 600w, https:\/\/blitzconquista.com.br\/wp-content\/uploads\/2019\/01\/IPVA-300x210.jpg 300w\" sizes=\"(max-width: 600px) 100vw, 600px\" \/><figcaption id=\"caption-attachment-78895\" class=\"wp-caption-text\">Foto: Sefaz-BA<\/figcaption><\/figure>\n<p>O Tribunal Regional Federal da 1\u00aa Regi\u00e3o (TRF) acatou o pedido do Departamento Estadual de Tr\u00e2nsito da Bahia (Detran-BA) para a suspens\u00e3o da liminar que proibia a vincula\u00e7\u00e3o do Imposto sobre Propriedade de Ve\u00edculos Automotores (IPVA) ao licenciamento anual, na Bahia.<\/p>\n<p>A decis\u00e3o foi do desembargador Jirair Aram Meguerian, da 10\u00aa Vara Federal, no \u00faltimo dia 15.<\/p>\n<p>Com a decis\u00e3o do TRF, o licenciamento de ve\u00edculos deve ser feito vinculando o pagamento da taxa do servi\u00e7o cobrada pelo Detran \u00e0 quita\u00e7\u00e3o do IPVA junto \u00e0 Secretaria da Fazenda do Estado (Sefaz-BA), al\u00e9m do pagamento do seguro obrigat\u00f3rio DPVAT e multas, se houver.<\/p>\n<p>O ve\u00edculo que n\u00e3o estiver com todos os valores quitados ser\u00e1 autuado e removido da via.<\/p>\n<p>Fonte: <a href=\"http:\/\/bahia.ba\/bahia\/justica-federal-mantem-vinculacao-do-ipva-ao-licenciamento-de-veiculos\/\">Bahia.ba<\/a><\/p>\n","protected":false},"excerpt":{"rendered":"<p>O ve\u00edculo que n\u00e3o estiver com todos os valores quitados ser\u00e1 autuado e removido da via. O Tribunal Regional Federal da 1\u00aa Regi\u00e3o (TRF) acatou o pedido do Departamento Estadual de Tr\u00e2nsito da Bahia (Detran-BA) para a suspens\u00e3o da liminar que proibia a vincula\u00e7\u00e3o do Imposto sobre Propriedade de Ve\u00edculos Automotores (IPVA) ao licenciamento anual, [&hellip;]<\/p>\n","protected":false},"author":1,"featured_media":78895,"comment_status":"closed","ping_status":"closed","sticky":false,"template":"","format":"standard","meta":[],"categories":[212,7],"tags":[],"_links":{"self":[{"href":"https:\/\/blitzconquista.com.br\/index.php?rest_route=\/wp\/v2\/posts\/78893"}],"collection":[{"href":"https:\/\/blitzconquista.com.br\/index.php?rest_route=\/wp\/v2\/posts"}],"about":[{"href":"https:\/\/blitzconquista.com.br\/index.php?rest_route=\/wp\/v2\/types\/post"}],"author":[{"embeddable":true,"href":"https:\/\/blitzconquista.com.br\/index.php?rest_route=\/wp\/v2\/users\/1"}],"replies":[{"embeddable":true,"href":"https:\/\/blitzconquista.com.br\/index.php?rest_route=%2Fwp%2Fv2%2Fcomments&post=78893"}],"version-history":[{"count":1,"href":"https:\/\/blitzconquista.com.br\/index.php?rest_route=\/wp\/v2\/posts\/78893\/revisions"}],"predecessor-version":[{"id":78896,"href":"https:\/\/blitzconquista.com.br\/index.php?rest_route=\/wp\/v2\/posts\/78893\/revisions\/78896"}],"wp:featuredmedia":[{"embeddable":true,"href":"https:\/\/blitzconquista.com.br\/index.php?rest_route=\/wp\/v2\/media\/78895"}],"wp:attachment":[{"href":"https:\/\/blitzconquista.com.br\/index.php?rest_route=%2Fwp%2Fv2%2Fmedia&parent=78893"}],"wp:term":[{"taxonomy":"category","embeddable":true,"href":"https:\/\/blitzconquista.com.br\/index.php?rest_route=%2Fwp%2Fv2%2Fcategories&post=78893"},{"taxonomy":"post_tag","embeddable":true,"href":"https:\/\/blitzconquista.com.br\/index.php?rest_route=%2Fwp%2Fv2%2Ftags&post=78893"}],"curies":[{"name":"wp","href":"https:\/\/api.w.org\/{rel}","templated":true}]}}