{"id":79414,"date":"2019-02-17T23:47:41","date_gmt":"2019-02-18T02:47:41","guid":{"rendered":"http:\/\/blitzconquista.com.br\/?p=79414"},"modified":"2019-02-17T23:47:41","modified_gmt":"2019-02-18T02:47:41","slug":"chuva-provoca-interrupcao-no-abastecimento-de-agua-em-conquista-e-belo-campo","status":"publish","type":"post","link":"https:\/\/blitzconquista.com.br\/?p=79414","title":{"rendered":"Chuva provoca interrup\u00e7\u00e3o no abastecimento de \u00e1gua em Conquista e Belo Campo"},"content":{"rendered":"<p><span style=\"color: #ff0000;\"><strong>O temporal gerou interrup\u00e7\u00f5es no fornecimento de energia el\u00e9trica da empresa afetando a esta\u00e7\u00e3o de tratamento.<\/strong><\/span><\/p>\n<p><strong>Comunicado da Embasa<\/strong><\/p>\n<p><em>Abastecimento em Conquista afetado ap\u00f3s tempestade<\/em><\/p>\n<p>A Empresa Baiana de \u00c1guas e Saneamento (Embasa) informa que devido a falhas no fornecimento de energia el\u00e9trica nas regi\u00f5es da barragem de \u00c1gua Fria e da esta\u00e7\u00e3o de tratamento, em fun\u00e7\u00e3o das fortes chuvas, o Sistema de Abastecimento de Vit\u00f3ria da Conquista, que tamb\u00e9m atende \u00e0 cidade de Belo Campo, encontra-se fora de opera\u00e7\u00e3o desde a tarde deste domingo (17). A Embasa j\u00e1 acionou a concession\u00e1ria respons\u00e1vel pelo fornecimento de energia el\u00e9trica para realizar os reparos necess\u00e1rios e restabelecer o pleno funcionamento dos equipamentos. Enquanto aguarda o restabelecimento do fornecimento da energia, a Embasa recomenda que os moradores mantenham a economia, consumindo de forma racional a \u00e1gua armazenada nos reservat\u00f3rios domiciliares e evitando todas as formas de desperd\u00edcios. O abastecimento ser\u00e1 retomado de forma gradativa imediatamente ap\u00f3s a corre\u00e7\u00e3o do problema no fornecimento de energia el\u00e9trica e algumas \u00e1reas da cidade e da zona Rural dos dois munic\u00edpios poder\u00e3o sentir os reflexos desta parada imprevista.<\/p>\n","protected":false},"excerpt":{"rendered":"<p>O temporal gerou interrup\u00e7\u00f5es no fornecimento de energia el\u00e9trica da empresa afetando a esta\u00e7\u00e3o de tratamento. Comunicado da Embasa Abastecimento em Conquista afetado ap\u00f3s tempestade A Empresa Baiana de \u00c1guas e Saneamento (Embasa) informa que devido a falhas no fornecimento de energia el\u00e9trica nas regi\u00f5es da barragem de \u00c1gua Fria e da esta\u00e7\u00e3o de tratamento, [&hellip;]<\/p>\n","protected":false},"author":1,"featured_media":57201,"comment_status":"closed","ping_status":"closed","sticky":false,"template":"","format":"standard","meta":[],"categories":[4],"tags":[],"_links":{"self":[{"href":"https:\/\/blitzconquista.com.br\/index.php?rest_route=\/wp\/v2\/posts\/79414"}],"collection":[{"href":"https:\/\/blitzconquista.com.br\/index.php?rest_route=\/wp\/v2\/posts"}],"about":[{"href":"https:\/\/blitzconquista.com.br\/index.php?rest_route=\/wp\/v2\/types\/post"}],"author":[{"embeddable":true,"href":"https:\/\/blitzconquista.com.br\/index.php?rest_route=\/wp\/v2\/users\/1"}],"replies":[{"embeddable":true,"href":"https:\/\/blitzconquista.com.br\/index.php?rest_route=%2Fwp%2Fv2%2Fcomments&post=79414"}],"version-history":[{"count":1,"href":"https:\/\/blitzconquista.com.br\/index.php?rest_route=\/wp\/v2\/posts\/79414\/revisions"}],"predecessor-version":[{"id":79416,"href":"https:\/\/blitzconquista.com.br\/index.php?rest_route=\/wp\/v2\/posts\/79414\/revisions\/79416"}],"wp:featuredmedia":[{"embeddable":true,"href":"https:\/\/blitzconquista.com.br\/index.php?rest_route=\/wp\/v2\/media\/57201"}],"wp:attachment":[{"href":"https:\/\/blitzconquista.com.br\/index.php?rest_route=%2Fwp%2Fv2%2Fmedia&parent=79414"}],"wp:term":[{"taxonomy":"category","embeddable":true,"href":"https:\/\/blitzconquista.com.br\/index.php?rest_route=%2Fwp%2Fv2%2Fcategories&post=79414"},{"taxonomy":"post_tag","embeddable":true,"href":"https:\/\/blitzconquista.com.br\/index.php?rest_route=%2Fwp%2Fv2%2Ftags&post=79414"}],"curies":[{"name":"wp","href":"https:\/\/api.w.org\/{rel}","templated":true}]}}