{"id":79450,"date":"2019-02-19T14:27:15","date_gmt":"2019-02-19T17:27:15","guid":{"rendered":"http:\/\/blitzconquista.com.br\/?p=79450"},"modified":"2019-02-19T14:27:15","modified_gmt":"2019-02-19T17:27:15","slug":"arquidiocese-de-vitoria-da-conquista-ordena-novos-diaconos-e-padres","status":"publish","type":"post","link":"https:\/\/blitzconquista.com.br\/?p=79450","title":{"rendered":"Arquidiocese de Vit\u00f3ria da Conquista ordena novos di\u00e1conos e padres"},"content":{"rendered":"<p>A noite desta segunda-feira, 18, foi de festa para a Arquidiocese de Vit\u00f3ria da Conquista. Nosso clero ganhou novos ordenados, ap\u00f3s a Celebra\u00e7\u00e3o Eucar\u00edstica realizada na Par\u00f3quia Nossa Senhora Rainha da Paz e S\u00e3o Vicente de Paulo, na Patag\u00f4nia. Alberto J\u00fanior, Hermes Bonfim, Jos\u00e9 Souza e Miron Dias deixaram de pertencer ao grupo de leigos e receberam o Sacramento da Ordem, se tornando Di\u00e1conos Permanentes,\u00a0 auxiliares da Igreja nessa miss\u00e3o de evangelizar.<\/p>\n<p><img decoding=\"async\" loading=\"lazy\" class=\"aligncenter size-full wp-image-177413 colorbox-177411\" src=\"http:\/\/www.blogdorodrigoferraz.com.br\/wp-content\/uploads\/2019\/02\/IMG_9604.jpg\" alt=\"\" width=\"500\" height=\"310\" \/><\/p>\n<p>J\u00e1 Adson Coelho, Edvaldo Fellipe,Eug\u00eanio Gon\u00e7alves foram ordenados presb\u00edteros, novos sacerdotes para o servi\u00e7o de Deus. A Celebra\u00e7\u00e3o Eucar\u00edstica com o Rito de Ordena\u00e7\u00e3o foi presidida pelo Arcebispo Dom Lu\u00eds Gonzaga Pepeu, que completou 62 anos nesse dia tamb\u00e9m. Al\u00e9m da presen\u00e7a de todo o<br \/>\nclero da Arquidiocese, religiosas, e seminaristas, acompanharam a Celebra\u00e7\u00e3o o Arcebispo de Feira de Santana, Dom Zanoni Castro e o Bispo Auxiliar de Salvador, Dom Estevam Santos.<\/p>\n<p><img decoding=\"async\" loading=\"lazy\" class=\"aligncenter size-full wp-image-177414 colorbox-177411\" src=\"http:\/\/www.blogdorodrigoferraz.com.br\/wp-content\/uploads\/2019\/02\/IMG_9639.jpg\" alt=\"\" width=\"500\" height=\"310\" \/><\/p>\n<p>Em sua homilia, o Arcebispo Dom Lu\u00eds falou sobre as dimens\u00f5es da miss\u00e3o do sacerdote da Igreja Cat\u00f3lica. \u201cSanto Agostinho nos diz que o servi\u00e7o do padre \u00e9 profiss\u00e3o de amor, servi\u00e7o de caridade ao pr\u00f3ximo e ao mundo, a exemplo de Jesus Cristo\u201d e encerrou confiando \u00e0 Nossa Senhora das Vit\u00f3rias a prote\u00e7\u00e3o dos novos di\u00e1conos e presb\u00edteros.<\/p>\n<p><img decoding=\"async\" loading=\"lazy\" class=\"aligncenter size-full wp-image-177416 colorbox-177411\" src=\"http:\/\/www.blogdorodrigoferraz.com.br\/wp-content\/uploads\/2019\/02\/IMG_9642.jpg\" alt=\"\" width=\"500\" height=\"310\" \/><\/p>\n<p><strong>CONHE\u00c7A<\/strong><\/p>\n<p>Dentro da hierarquia da Igreja no minist\u00e9rio eclesi\u00e1stico existem tr\u00eas graus diferentes no sacramento da ordem: os bispos, os sacerdotes e os di\u00e1conos. O di\u00e1cono pode batizar, aben\u00e7oar matrim\u00f4nios, celebrar a Liturgia da Palavra, pregar, evangelizar e catequizar.<\/p>\n<p>Por\u00e9m, n\u00e3o pode, ao contr\u00e1rio do sacerdote, celebrar o sacramento da Eucaristia (Missa), confessar nem administrar a un\u00e7\u00e3o dos enfermos. Com tudo o que ele pode fazer, sua ajuda \u00e9 important\u00edssima, especialmente na \u00e9poca atual, na qual faltam tantas pessoas para ajudar os padres em suas tarefas.<\/p>\n<p>Os homens casados que se dedicam a ajudar a Igreja por meio da vida lit\u00fargica, pastoral ou nas obras sociais e caritativas podem se fortalecer recebendo a ordem do diaconato, unindo-se mais intimamente ao altar, para cumprir seu minist\u00e9rio com maior efic\u00e1cia, por meio da gra\u00e7a sacramental do diaconato.<\/p>\n<p>J\u00e1 os presb\u00edteros recebem o sacramento da Ordem e se tornam padre podendo executar, entre outros atos de f\u00e9, a consagra\u00e7\u00e3o do p\u00e3o e do vinho na Liturgia Cat\u00f3lica. O padre na Igreja Cat\u00f3lica \u00e9 respons\u00e1vel por uma par\u00f3quia, onde celebra a Missa, bem como atende \u00e0 confiss\u00e3o, aconselhamentos e outros. \u00c9 um homem que doou sua vida \u00e0 servi\u00e7o do Evangelho e vive para servir a Deus e aos leigos por meio da evangeliza\u00e7\u00e3o.<\/p>\n<p>PRIMEIRAS MISSAS<br \/>\nPadre Adson Coelho<br \/>\n19\/02 \u00e0s 19h na Catedral<\/p>\n<p>24\/02 \u00e0s 19h em Planalto<\/p>\n<p>Padre Edvaldo Fellipe<br \/>\n24\/02 \u00e0s 8h na Catedral<br \/>\nPadre Eug\u00eanio Gon\u00e7alves<br \/>\n21\/02 \u00e0s 19h em Itarantim<br \/>\n24\/02 \u00e0s 9h no Corg\u00e3o (Itarantim)<\/p>\n<p>*BLOG DA REDA\u00c7\u00c3O<\/p>\n","protected":false},"excerpt":{"rendered":"<p>A noite desta segunda-feira, 18, foi de festa para a Arquidiocese de Vit\u00f3ria da Conquista. Nosso clero ganhou novos ordenados, ap\u00f3s a Celebra\u00e7\u00e3o Eucar\u00edstica realizada na Par\u00f3quia Nossa Senhora Rainha da Paz e S\u00e3o Vicente de Paulo, na Patag\u00f4nia. Alberto J\u00fanior, Hermes Bonfim, Jos\u00e9 Souza e Miron Dias deixaram de pertencer ao grupo de leigos [&hellip;]<\/p>\n","protected":false},"author":1,"featured_media":79452,"comment_status":"closed","ping_status":"closed","sticky":false,"template":"","format":"standard","meta":[],"categories":[4],"tags":[],"_links":{"self":[{"href":"https:\/\/blitzconquista.com.br\/index.php?rest_route=\/wp\/v2\/posts\/79450"}],"collection":[{"href":"https:\/\/blitzconquista.com.br\/index.php?rest_route=\/wp\/v2\/posts"}],"about":[{"href":"https:\/\/blitzconquista.com.br\/index.php?rest_route=\/wp\/v2\/types\/post"}],"author":[{"embeddable":true,"href":"https:\/\/blitzconquista.com.br\/index.php?rest_route=\/wp\/v2\/users\/1"}],"replies":[{"embeddable":true,"href":"https:\/\/blitzconquista.com.br\/index.php?rest_route=%2Fwp%2Fv2%2Fcomments&post=79450"}],"version-history":[{"count":1,"href":"https:\/\/blitzconquista.com.br\/index.php?rest_route=\/wp\/v2\/posts\/79450\/revisions"}],"predecessor-version":[{"id":79453,"href":"https:\/\/blitzconquista.com.br\/index.php?rest_route=\/wp\/v2\/posts\/79450\/revisions\/79453"}],"wp:featuredmedia":[{"embeddable":true,"href":"https:\/\/blitzconquista.com.br\/index.php?rest_route=\/wp\/v2\/media\/79452"}],"wp:attachment":[{"href":"https:\/\/blitzconquista.com.br\/index.php?rest_route=%2Fwp%2Fv2%2Fmedia&parent=79450"}],"wp:term":[{"taxonomy":"category","embeddable":true,"href":"https:\/\/blitzconquista.com.br\/index.php?rest_route=%2Fwp%2Fv2%2Fcategories&post=79450"},{"taxonomy":"post_tag","embeddable":true,"href":"https:\/\/blitzconquista.com.br\/index.php?rest_route=%2Fwp%2Fv2%2Ftags&post=79450"}],"curies":[{"name":"wp","href":"https:\/\/api.w.org\/{rel}","templated":true}]}}