{"id":79549,"date":"2019-02-20T09:22:38","date_gmt":"2019-02-20T12:22:38","guid":{"rendered":"http:\/\/blitzconquista.com.br\/?p=79549"},"modified":"2019-02-20T09:50:11","modified_gmt":"2019-02-20T12:50:11","slug":"taxistas-farao-protesto-para-regulamentacao-do-transporte-por-meio-de-aplicativos","status":"publish","type":"post","link":"https:\/\/blitzconquista.com.br\/?p=79549","title":{"rendered":"Taxistas far\u00e3o protesto para regulamenta\u00e7\u00e3o do transporte por meio de aplicativos"},"content":{"rendered":"<p>Sentindo na pele a expans\u00e3o desenfreada do transporte de passageiros por meio de aplicativos, em Conquista, os taxistas far\u00e3o protesto nessa quinta-feira (21). Os taxistas se concentrar\u00e3o \u00e0s 8h na Pra\u00e7a S\u00e1 Barreto. A inten\u00e7\u00e3o \u00e9 pressionar o executivo municipal para que regulamente o servi\u00e7o tornando mais leal a concorr\u00eancia.<\/p>\n<figure id=\"attachment_79551\" aria-describedby=\"caption-attachment-79551\" style=\"width: 420px\" class=\"wp-caption aligncenter\"><img decoding=\"async\" loading=\"lazy\" class=\"size-full wp-image-79551\" src=\"http:\/\/blitzconquista.com.br\/wp-content\/uploads\/2019\/02\/DSC_2361-420x281.jpg\" alt=\"\" width=\"420\" height=\"281\" srcset=\"https:\/\/blitzconquista.com.br\/wp-content\/uploads\/2019\/02\/DSC_2361-420x281.jpg 420w, https:\/\/blitzconquista.com.br\/wp-content\/uploads\/2019\/02\/DSC_2361-420x281-300x200.jpg 300w, https:\/\/blitzconquista.com.br\/wp-content\/uploads\/2019\/02\/DSC_2361-420x281-414x276.jpg 414w, https:\/\/blitzconquista.com.br\/wp-content\/uploads\/2019\/02\/DSC_2361-420x281-130x86.jpg 130w, https:\/\/blitzconquista.com.br\/wp-content\/uploads\/2019\/02\/DSC_2361-420x281-187x124.jpg 187w\" sizes=\"(max-width: 420px) 100vw, 420px\" \/><figcaption id=\"caption-attachment-79551\" class=\"wp-caption-text\">Foto: Blog do Anderson<\/figcaption><\/figure>\n<p>De acordo com o sindicato dos taxistas, dezenas de pessoas foram demitidas por conta do transporte por meio de aplicativos e dois servi\u00e7os de r\u00e1dio t\u00e1xi j\u00e1 fecharam.<\/p>\n","protected":false},"excerpt":{"rendered":"<p>Sentindo na pele a expans\u00e3o desenfreada do transporte de passageiros por meio de aplicativos, em Conquista, os taxistas far\u00e3o protesto nessa quinta-feira (21). Os taxistas se concentrar\u00e3o \u00e0s 8h na Pra\u00e7a S\u00e1 Barreto. A inten\u00e7\u00e3o \u00e9 pressionar o executivo municipal para que regulamente o servi\u00e7o tornando mais leal a concorr\u00eancia. De acordo com o sindicato [&hellip;]<\/p>\n","protected":false},"author":1,"featured_media":79551,"comment_status":"closed","ping_status":"closed","sticky":false,"template":"","format":"standard","meta":[],"categories":[4,212],"tags":[],"_links":{"self":[{"href":"https:\/\/blitzconquista.com.br\/index.php?rest_route=\/wp\/v2\/posts\/79549"}],"collection":[{"href":"https:\/\/blitzconquista.com.br\/index.php?rest_route=\/wp\/v2\/posts"}],"about":[{"href":"https:\/\/blitzconquista.com.br\/index.php?rest_route=\/wp\/v2\/types\/post"}],"author":[{"embeddable":true,"href":"https:\/\/blitzconquista.com.br\/index.php?rest_route=\/wp\/v2\/users\/1"}],"replies":[{"embeddable":true,"href":"https:\/\/blitzconquista.com.br\/index.php?rest_route=%2Fwp%2Fv2%2Fcomments&post=79549"}],"version-history":[{"count":1,"href":"https:\/\/blitzconquista.com.br\/index.php?rest_route=\/wp\/v2\/posts\/79549\/revisions"}],"predecessor-version":[{"id":79552,"href":"https:\/\/blitzconquista.com.br\/index.php?rest_route=\/wp\/v2\/posts\/79549\/revisions\/79552"}],"wp:featuredmedia":[{"embeddable":true,"href":"https:\/\/blitzconquista.com.br\/index.php?rest_route=\/wp\/v2\/media\/79551"}],"wp:attachment":[{"href":"https:\/\/blitzconquista.com.br\/index.php?rest_route=%2Fwp%2Fv2%2Fmedia&parent=79549"}],"wp:term":[{"taxonomy":"category","embeddable":true,"href":"https:\/\/blitzconquista.com.br\/index.php?rest_route=%2Fwp%2Fv2%2Fcategories&post=79549"},{"taxonomy":"post_tag","embeddable":true,"href":"https:\/\/blitzconquista.com.br\/index.php?rest_route=%2Fwp%2Fv2%2Ftags&post=79549"}],"curies":[{"name":"wp","href":"https:\/\/api.w.org\/{rel}","templated":true}]}}