{"id":79561,"date":"2019-02-20T18:03:39","date_gmt":"2019-02-20T21:03:39","guid":{"rendered":"http:\/\/blitzconquista.com.br\/?p=79561"},"modified":"2019-02-20T18:07:06","modified_gmt":"2019-02-20T21:07:06","slug":"interrupcao-no-fornecimento-de-energia-foi-provocado-por-desligamento-na-subestacao-de-funil-diz-coelba","status":"publish","type":"post","link":"https:\/\/blitzconquista.com.br\/?p=79561","title":{"rendered":"Interrup\u00e7\u00e3o no fornecimento de energia foi provocado por desligamento na subesta\u00e7\u00e3o de Funil, diz Coelba"},"content":{"rendered":"<p><img decoding=\"async\" loading=\"lazy\" src=\"http:\/\/blitzconquista.com.br\/wp-content\/uploads\/2019\/02\/energia-lampada.jpeg\" width=\"733\" height=\"338\" class=\"alignnone size-full wp-image-79560\" srcset=\"https:\/\/blitzconquista.com.br\/wp-content\/uploads\/2019\/02\/energia-lampada.jpeg 733w, https:\/\/blitzconquista.com.br\/wp-content\/uploads\/2019\/02\/energia-lampada-300x138.jpeg 300w, https:\/\/blitzconquista.com.br\/wp-content\/uploads\/2019\/02\/energia-lampada-695x320.jpeg 695w\" sizes=\"(max-width: 733px) 100vw, 733px\" \/><\/p>\n<p>A Coelba, concession\u00e1ria respons\u00e1vel pelo fornecimento de energia, informou em nota que a interrup\u00e7\u00e3o no fornecimento de energia, na tarde dessa quarta-feira (20), na regi\u00e3o Sudoeste, ocorreu por conta do desligamento na subesta\u00e7\u00e3o de Funil, pertence a Chesf.<\/p>\n<p>Leia a nota;<\/p>\n<p><strong>COMUNICADO COELBA<\/strong><br \/>\nA Coelba informa que a interrup\u00e7\u00e3o de energia ocorrida nesta quarta-feira (20) \u00e0s 13h40, em munic\u00edpios do sudoeste baiano, foi provocada pelo desligamento da subesta\u00e7\u00e3o Funil, pertencente \u00e0 Companhia Hidrel\u00e9trica do S\u00e3o Francisco (CHESF), localizada em Eun\u00e1polis. O servi\u00e7o foi retomado em 50 minutos.<br \/>\nA Coelba se coloca \u00e0 disposi\u00e7\u00e3o para qualquer informa\u00e7\u00e3o.<\/p>\n","protected":false},"excerpt":{"rendered":"<p>A Coelba, concession\u00e1ria respons\u00e1vel pelo fornecimento de energia, informou em nota que a interrup\u00e7\u00e3o no fornecimento de energia, na tarde dessa quarta-feira (20), na regi\u00e3o Sudoeste, ocorreu por conta do desligamento na subesta\u00e7\u00e3o de Funil, pertence a Chesf. Leia a nota; COMUNICADO COELBA A Coelba informa que a interrup\u00e7\u00e3o de energia ocorrida nesta quarta-feira (20) [&hellip;]<\/p>\n","protected":false},"author":1,"featured_media":79560,"comment_status":"closed","ping_status":"closed","sticky":false,"template":"","format":"standard","meta":[],"categories":[4],"tags":[],"_links":{"self":[{"href":"https:\/\/blitzconquista.com.br\/index.php?rest_route=\/wp\/v2\/posts\/79561"}],"collection":[{"href":"https:\/\/blitzconquista.com.br\/index.php?rest_route=\/wp\/v2\/posts"}],"about":[{"href":"https:\/\/blitzconquista.com.br\/index.php?rest_route=\/wp\/v2\/types\/post"}],"author":[{"embeddable":true,"href":"https:\/\/blitzconquista.com.br\/index.php?rest_route=\/wp\/v2\/users\/1"}],"replies":[{"embeddable":true,"href":"https:\/\/blitzconquista.com.br\/index.php?rest_route=%2Fwp%2Fv2%2Fcomments&post=79561"}],"version-history":[{"count":3,"href":"https:\/\/blitzconquista.com.br\/index.php?rest_route=\/wp\/v2\/posts\/79561\/revisions"}],"predecessor-version":[{"id":79564,"href":"https:\/\/blitzconquista.com.br\/index.php?rest_route=\/wp\/v2\/posts\/79561\/revisions\/79564"}],"wp:featuredmedia":[{"embeddable":true,"href":"https:\/\/blitzconquista.com.br\/index.php?rest_route=\/wp\/v2\/media\/79560"}],"wp:attachment":[{"href":"https:\/\/blitzconquista.com.br\/index.php?rest_route=%2Fwp%2Fv2%2Fmedia&parent=79561"}],"wp:term":[{"taxonomy":"category","embeddable":true,"href":"https:\/\/blitzconquista.com.br\/index.php?rest_route=%2Fwp%2Fv2%2Fcategories&post=79561"},{"taxonomy":"post_tag","embeddable":true,"href":"https:\/\/blitzconquista.com.br\/index.php?rest_route=%2Fwp%2Fv2%2Ftags&post=79561"}],"curies":[{"name":"wp","href":"https:\/\/api.w.org\/{rel}","templated":true}]}}