{"id":79595,"date":"2019-02-20T22:50:32","date_gmt":"2019-02-21T01:50:32","guid":{"rendered":"http:\/\/blitzconquista.com.br\/?p=79595"},"modified":"2019-02-20T22:50:32","modified_gmt":"2019-02-21T01:50:32","slug":"ruas-do-centro-de-conquista-sao-interditadas","status":"publish","type":"post","link":"https:\/\/blitzconquista.com.br\/?p=79595","title":{"rendered":"Ruas do Centro de Conquista s\u00e3o interditadas"},"content":{"rendered":"<figure class=\"wp-block-image\"><img decoding=\"async\" loading=\"lazy\" class=\"wp-image-13306\" src=\"https:\/\/i2.wp.com\/blogdosena.com.br\/wp-content\/uploads\/2019\/02\/WhatsApp-Image-2019-02-20-at-12.14.03-PM.jpeg?resize=800%2C450&amp;ssl=1\" sizes=\"(max-width: 800px) 100vw, 800px\" srcset=\"\/\/i2.wp.com\/blogdosena.com.br\/wp-content\/uploads\/2019\/02\/WhatsApp-Image-2019-02-20-at-12.14.03-PM.jpeg?resize=1024%2C576&amp;ssl=1 1024w,\/\/i2.wp.com\/blogdosena.com.br\/wp-content\/uploads\/2019\/02\/WhatsApp-Image-2019-02-20-at-12.14.03-PM.jpeg?resize=300%2C169&amp;ssl=1 300w,\/\/i2.wp.com\/blogdosena.com.br\/wp-content\/uploads\/2019\/02\/WhatsApp-Image-2019-02-20-at-12.14.03-PM.jpeg?resize=768%2C432&amp;ssl=1 768w,\/\/i2.wp.com\/blogdosena.com.br\/wp-content\/uploads\/2019\/02\/WhatsApp-Image-2019-02-20-at-12.14.03-PM.jpeg?resize=320%2C180&amp;ssl=1 320w,\/\/i2.wp.com\/blogdosena.com.br\/wp-content\/uploads\/2019\/02\/WhatsApp-Image-2019-02-20-at-12.14.03-PM.jpeg?resize=640%2C360&amp;ssl=1 640w,\/\/i2.wp.com\/blogdosena.com.br\/wp-content\/uploads\/2019\/02\/WhatsApp-Image-2019-02-20-at-12.14.03-PM.jpeg?resize=360%2C203&amp;ssl=1 360w,\/\/i2.wp.com\/blogdosena.com.br\/wp-content\/uploads\/2019\/02\/WhatsApp-Image-2019-02-20-at-12.14.03-PM.jpeg?resize=720%2C405&amp;ssl=1 720w,\/\/i2.wp.com\/blogdosena.com.br\/wp-content\/uploads\/2019\/02\/WhatsApp-Image-2019-02-20-at-12.14.03-PM.jpeg?resize=800%2C450&amp;ssl=1 800w,\/\/i2.wp.com\/blogdosena.com.br\/wp-content\/uploads\/2019\/02\/WhatsApp-Image-2019-02-20-at-12.14.03-PM.jpeg?w=1032&amp;ssl=1 1032w\" alt=\"\" width=\"770\" height=\"433\" \/><\/figure>\n<p>O Centro de Vit\u00f3ria da Conquista ainda sofre as consequ\u00eancias do temporal ocorrido no \u00faltimo domingo. Na manh\u00e3 dessa quarta-feira (20) , a prefeitura interditou algumas das principais vias do centro da cidade, entre elas a Av. Lauro de Freitas, Rua Cassiano Santos e Rua da Miseric\u00f3rdia.<\/p>\n<p>Apesar do tr\u00e2nsito e congestionamento causado, as interdi\u00e7\u00f5es s\u00e3o necess\u00e1rias. Ap\u00f3s a chuva, as vias ficaram com grandes crateras, apresentando risco aos pedestres e aos motoristas.<\/p>\n<p>Segundo informa\u00e7\u00f5es, o transtorno maior foi causado na Rua da Miseric\u00f3rdia, no local onde a Embasa realizava uma obra.<\/p>\n<figure class=\"wp-block-image\"><img decoding=\"async\" loading=\"lazy\" class=\"wp-image-13304\" src=\"https:\/\/i1.wp.com\/blogdosena.com.br\/wp-content\/uploads\/2019\/02\/WhatsApp-Image-2019-02-20-at-12.14.00-PM.jpeg?resize=800%2C600&amp;ssl=1\" sizes=\"(max-width: 800px) 100vw, 800px\" srcset=\"\/\/i1.wp.com\/blogdosena.com.br\/wp-content\/uploads\/2019\/02\/WhatsApp-Image-2019-02-20-at-12.14.00-PM.jpeg?resize=1024%2C768&amp;ssl=1 1024w,\/\/i1.wp.com\/blogdosena.com.br\/wp-content\/uploads\/2019\/02\/WhatsApp-Image-2019-02-20-at-12.14.00-PM.jpeg?resize=300%2C225&amp;ssl=1 300w,\/\/i1.wp.com\/blogdosena.com.br\/wp-content\/uploads\/2019\/02\/WhatsApp-Image-2019-02-20-at-12.14.00-PM.jpeg?resize=768%2C576&amp;ssl=1 768w,\/\/i1.wp.com\/blogdosena.com.br\/wp-content\/uploads\/2019\/02\/WhatsApp-Image-2019-02-20-at-12.14.00-PM.jpeg?resize=320%2C240&amp;ssl=1 320w,\/\/i1.wp.com\/blogdosena.com.br\/wp-content\/uploads\/2019\/02\/WhatsApp-Image-2019-02-20-at-12.14.00-PM.jpeg?resize=640%2C480&amp;ssl=1 640w,\/\/i1.wp.com\/blogdosena.com.br\/wp-content\/uploads\/2019\/02\/WhatsApp-Image-2019-02-20-at-12.14.00-PM.jpeg?resize=360%2C270&amp;ssl=1 360w,\/\/i1.wp.com\/blogdosena.com.br\/wp-content\/uploads\/2019\/02\/WhatsApp-Image-2019-02-20-at-12.14.00-PM.jpeg?resize=720%2C540&amp;ssl=1 720w,\/\/i1.wp.com\/blogdosena.com.br\/wp-content\/uploads\/2019\/02\/WhatsApp-Image-2019-02-20-at-12.14.00-PM.jpeg?resize=800%2C600&amp;ssl=1 800w,\/\/i1.wp.com\/blogdosena.com.br\/wp-content\/uploads\/2019\/02\/WhatsApp-Image-2019-02-20-at-12.14.00-PM.jpeg?w=1032&amp;ssl=1 1032w\" alt=\"\" width=\"770\" height=\"578\" \/><\/figure>\n<p>*Blog do Sena<\/p>\n","protected":false},"excerpt":{"rendered":"<p>O Centro de Vit\u00f3ria da Conquista ainda sofre as consequ\u00eancias do temporal ocorrido no \u00faltimo domingo. Na manh\u00e3 dessa quarta-feira (20) , a prefeitura interditou algumas das principais vias do centro da cidade, entre elas a Av. Lauro de Freitas, Rua Cassiano Santos e Rua da Miseric\u00f3rdia. Apesar do tr\u00e2nsito e congestionamento causado, as interdi\u00e7\u00f5es [&hellip;]<\/p>\n","protected":false},"author":1,"featured_media":79597,"comment_status":"closed","ping_status":"closed","sticky":false,"template":"","format":"standard","meta":[],"categories":[4],"tags":[],"_links":{"self":[{"href":"https:\/\/blitzconquista.com.br\/index.php?rest_route=\/wp\/v2\/posts\/79595"}],"collection":[{"href":"https:\/\/blitzconquista.com.br\/index.php?rest_route=\/wp\/v2\/posts"}],"about":[{"href":"https:\/\/blitzconquista.com.br\/index.php?rest_route=\/wp\/v2\/types\/post"}],"author":[{"embeddable":true,"href":"https:\/\/blitzconquista.com.br\/index.php?rest_route=\/wp\/v2\/users\/1"}],"replies":[{"embeddable":true,"href":"https:\/\/blitzconquista.com.br\/index.php?rest_route=%2Fwp%2Fv2%2Fcomments&post=79595"}],"version-history":[{"count":1,"href":"https:\/\/blitzconquista.com.br\/index.php?rest_route=\/wp\/v2\/posts\/79595\/revisions"}],"predecessor-version":[{"id":79598,"href":"https:\/\/blitzconquista.com.br\/index.php?rest_route=\/wp\/v2\/posts\/79595\/revisions\/79598"}],"wp:featuredmedia":[{"embeddable":true,"href":"https:\/\/blitzconquista.com.br\/index.php?rest_route=\/wp\/v2\/media\/79597"}],"wp:attachment":[{"href":"https:\/\/blitzconquista.com.br\/index.php?rest_route=%2Fwp%2Fv2%2Fmedia&parent=79595"}],"wp:term":[{"taxonomy":"category","embeddable":true,"href":"https:\/\/blitzconquista.com.br\/index.php?rest_route=%2Fwp%2Fv2%2Fcategories&post=79595"},{"taxonomy":"post_tag","embeddable":true,"href":"https:\/\/blitzconquista.com.br\/index.php?rest_route=%2Fwp%2Fv2%2Ftags&post=79595"}],"curies":[{"name":"wp","href":"https:\/\/api.w.org\/{rel}","templated":true}]}}