{"id":80828,"date":"2019-03-25T16:01:06","date_gmt":"2019-03-25T19:01:06","guid":{"rendered":"http:\/\/blitzconquista.com.br\/?p=80828"},"modified":"2019-03-25T16:01:06","modified_gmt":"2019-03-25T19:01:06","slug":"em-meio-a-polemica-band-fm-mantem-programacao-sem-mudancas","status":"publish","type":"post","link":"https:\/\/blitzconquista.com.br\/?p=80828","title":{"rendered":"Em meio \u00e0 pol\u00eamica, Band FM mant\u00e9m programa\u00e7\u00e3o sem mudan\u00e7as"},"content":{"rendered":"<p style=\"text-align: justify;\"><span style=\"color: #ff0000;\"><strong>Repercuss\u00e3o negativa pode ter levado a dire\u00e7\u00e3o a abortar temporariamente as mudan\u00e7as na emissora.<\/strong><\/span><\/p>\n<p><img decoding=\"async\" loading=\"lazy\" class=\"aligncenter size-full wp-image-80753\" src=\"http:\/\/blitzconquista.com.br\/wp-content\/uploads\/2019\/03\/Elton-ricardo-gordo-e-marcos-ferreira.jpg\" alt=\"\" width=\"600\" height=\"338\" srcset=\"https:\/\/blitzconquista.com.br\/wp-content\/uploads\/2019\/03\/Elton-ricardo-gordo-e-marcos-ferreira.jpg 600w, https:\/\/blitzconquista.com.br\/wp-content\/uploads\/2019\/03\/Elton-ricardo-gordo-e-marcos-ferreira-300x168.jpg 300w, https:\/\/blitzconquista.com.br\/wp-content\/uploads\/2019\/03\/Elton-ricardo-gordo-e-marcos-ferreira-470x264.jpg 470w, https:\/\/blitzconquista.com.br\/wp-content\/uploads\/2019\/03\/Elton-ricardo-gordo-e-marcos-ferreira-215x120.jpg 215w, https:\/\/blitzconquista.com.br\/wp-content\/uploads\/2019\/03\/Elton-ricardo-gordo-e-marcos-ferreira-414x232.jpg 414w\" sizes=\"(max-width: 600px) 100vw, 600px\" \/><\/p>\n<p style=\"text-align: justify;\">O BConquista noticiou que Marcos Ferreira assumiria a dire\u00e7\u00e3o da Band FM nesta segunda-feira (25). A revela\u00e7\u00e3o feita pela mat\u00e9ria caiu como uma bomba dentro da emissora, que pensava se tratar de algo confidencial, e de imediato muitos tentaram saber de onde saiu \u00e0 informa\u00e7\u00e3o.<\/p>\n<p style=\"text-align: justify;\">O BConquista recebeu uma liga\u00e7\u00e3o de um preposto da emissora. Ele sugeriu que a postagem fosse retirada do site, alegando se tratar de uma completa mentira. Por\u00e9m, questionou de onde teria \u201cvazado\u201d a informa\u00e7\u00e3o. Se a publica\u00e7\u00e3o \u00e9 mentirosa, como poderia ter \u201cvazado\u201d?<\/p>\n<p style=\"text-align: justify;\">Diante das pol\u00eamicas, pelo menos por enquanto, as mudan\u00e7as foram suspensas devido a repercuss\u00e3o negativa das prov\u00e1veis mudan\u00e7as radicais que ocorreriam na emissora.<\/p>\n<p style=\"text-align: justify;\">Mesmo com a afirma\u00e7\u00e3o de que se trata de mentira as informa\u00e7\u00f5es publicadas pelo BConquista, a emissora n\u00e3o desmentiu oficialmente. Tamb\u00e9m, Marcos Ferreira n\u00e3o negou categoricamente que estaria assumindo a dire\u00e7\u00e3o da Band FM. \u00c9 fato que o atual Chefe do Gabinete Civil esteve na emissora, realizou diversas reuni\u00f5es, inclusive em Salvador e assumiria as \u2018r\u00e9deas\u2019 da r\u00e1dio.<\/p>\n<p style=\"text-align: justify;\">A grande quest\u00e3o \u00e9 que a negocia\u00e7\u00e3o da chegada de Marcos Ferreira na Band se arrasta h\u00e1 algum tempo e \u00e9 sabido que dificilmente algo fica encoberto por v\u00e1rias semanas.<\/p>\n<p style=\"text-align: justify;\">O certo \u00e9 que o Conquista de Todos, um dos alvos das mudan\u00e7as da emissora, permanecer\u00e1 no ar, mesmo que apenas esta semana.<\/p>\n","protected":false},"excerpt":{"rendered":"<p>Repercuss\u00e3o negativa pode ter levado a dire\u00e7\u00e3o a abortar temporariamente as mudan\u00e7as na emissora. O BConquista noticiou que Marcos Ferreira assumiria a dire\u00e7\u00e3o da Band FM nesta segunda-feira (25). A revela\u00e7\u00e3o feita pela mat\u00e9ria caiu como uma bomba dentro da emissora, que pensava se tratar de algo confidencial, e de imediato muitos tentaram saber de [&hellip;]<\/p>\n","protected":false},"author":1,"featured_media":80753,"comment_status":"closed","ping_status":"closed","sticky":false,"template":"","format":"standard","meta":[],"categories":[4,212],"tags":[],"_links":{"self":[{"href":"https:\/\/blitzconquista.com.br\/index.php?rest_route=\/wp\/v2\/posts\/80828"}],"collection":[{"href":"https:\/\/blitzconquista.com.br\/index.php?rest_route=\/wp\/v2\/posts"}],"about":[{"href":"https:\/\/blitzconquista.com.br\/index.php?rest_route=\/wp\/v2\/types\/post"}],"author":[{"embeddable":true,"href":"https:\/\/blitzconquista.com.br\/index.php?rest_route=\/wp\/v2\/users\/1"}],"replies":[{"embeddable":true,"href":"https:\/\/blitzconquista.com.br\/index.php?rest_route=%2Fwp%2Fv2%2Fcomments&post=80828"}],"version-history":[{"count":1,"href":"https:\/\/blitzconquista.com.br\/index.php?rest_route=\/wp\/v2\/posts\/80828\/revisions"}],"predecessor-version":[{"id":80830,"href":"https:\/\/blitzconquista.com.br\/index.php?rest_route=\/wp\/v2\/posts\/80828\/revisions\/80830"}],"wp:featuredmedia":[{"embeddable":true,"href":"https:\/\/blitzconquista.com.br\/index.php?rest_route=\/wp\/v2\/media\/80753"}],"wp:attachment":[{"href":"https:\/\/blitzconquista.com.br\/index.php?rest_route=%2Fwp%2Fv2%2Fmedia&parent=80828"}],"wp:term":[{"taxonomy":"category","embeddable":true,"href":"https:\/\/blitzconquista.com.br\/index.php?rest_route=%2Fwp%2Fv2%2Fcategories&post=80828"},{"taxonomy":"post_tag","embeddable":true,"href":"https:\/\/blitzconquista.com.br\/index.php?rest_route=%2Fwp%2Fv2%2Ftags&post=80828"}],"curies":[{"name":"wp","href":"https:\/\/api.w.org\/{rel}","templated":true}]}}