{"id":80861,"date":"2019-03-26T19:24:48","date_gmt":"2019-03-26T22:24:48","guid":{"rendered":"http:\/\/blitzconquista.com.br\/?p=80861"},"modified":"2019-03-26T19:24:48","modified_gmt":"2019-03-26T22:24:48","slug":"futuro-do-sinserv-segue-nas-maos-da-justica","status":"publish","type":"post","link":"https:\/\/blitzconquista.com.br\/?p=80861","title":{"rendered":"Futuro do Sinserv segue nas m\u00e3os da Justi\u00e7a"},"content":{"rendered":"<p><img decoding=\"async\" loading=\"lazy\" class=\"aligncenter size-full wp-image-80863\" src=\"http:\/\/blitzconquista.com.br\/wp-content\/uploads\/2019\/03\/justi\u00e7a-do-trabalho.jpg\" alt=\"\" width=\"412\" height=\"336\" srcset=\"https:\/\/blitzconquista.com.br\/wp-content\/uploads\/2019\/03\/justi\u00e7a-do-trabalho.jpg 412w, https:\/\/blitzconquista.com.br\/wp-content\/uploads\/2019\/03\/justi\u00e7a-do-trabalho-300x245.jpg 300w\" sizes=\"(max-width: 412px) 100vw, 412px\" \/>Aconteceu nessa segunda-feira (25) uma audi\u00eancia na Justi\u00e7a do Trabalho referente \u00e0s elei\u00e7\u00f5es do SINSERV \u2013 Sindicato dos Servidores Municipais de Vit\u00f3ria da Conquista e Regi\u00e3o.<\/p>\n<p>Em maio de 2018 a Diretoria encabe\u00e7ada por Jos\u00e9 Marcos lan\u00e7ou edital de elei\u00e7\u00f5es num prazo de 5 dias para inscri\u00e7\u00f5es de chapas. Apesar de ter sido divulgado por meio de jornal de grande circula\u00e7\u00e3o, a tarefa de organizar uma chapa de oposi\u00e7\u00e3o se conformava como uma \u00e1rdua tarefa: mobilizar e receber documentos de grupos de 26 pessoas em cada uma das 12 cidades &#8211; num total de\u00a0 312 pessoas em um raio de 250km.<\/p>\n<p>Mesmo assim uma chapa de oposi\u00e7\u00e3o tentou se inscrever, mas alega que, na chegando \u00e0 sede da entidade \u00e0s 16:50hs, teriam sido informados que n\u00e3o poderiam mais se inscrever por terem perdido o prazo. Por sua vez, a comiss\u00e3o eleitoral alega que os integrantes da oposi\u00e7\u00e3o teriam chegado \u00e0s 17:05.<\/p>\n<p>Chama a aten\u00e7\u00e3o o fato de que o mandato de cada gest\u00e3o do Sindicato \u00e9 de 8 anos, e que essa regra foi alterada por meio de um Congresso Sindical &#8211; em que decidiram por isso os pr\u00f3prios os membros da diretoria passada.<\/p>\n<p>No per\u00edodo das elei\u00e7\u00f5es o grupo de oposi\u00e7\u00e3o ingressou com uma a\u00e7\u00e3o na Justi\u00e7a do Trabalho requerendo que fosse reconhecida a &#8220;ilegalidade do processo eleitoral, anulado o edital de convoca\u00e7\u00e3o das elei\u00e7\u00f5es e\u00a0 publicado um outro edital com convoca\u00e7\u00e3o a inscri\u00e7\u00e3o de chapas em tempo razo\u00e1vel&#8221;.<\/p>\n<p>Nessa audi\u00eancia se encerrou a instru\u00e7\u00e3o processual e agora cabe \u00e0 Justi\u00e7a decidir se o grupo de Z\u00e9 Marcos permanece at\u00e9 o ano de 2026 ou se haver\u00e1 convoca\u00e7\u00f5es de novas elei\u00e7\u00f5es.<\/p>\n","protected":false},"excerpt":{"rendered":"<p>Aconteceu nessa segunda-feira (25) uma audi\u00eancia na Justi\u00e7a do Trabalho referente \u00e0s elei\u00e7\u00f5es do SINSERV \u2013 Sindicato dos Servidores Municipais de Vit\u00f3ria da Conquista e Regi\u00e3o. Em maio de 2018 a Diretoria encabe\u00e7ada por Jos\u00e9 Marcos lan\u00e7ou edital de elei\u00e7\u00f5es num prazo de 5 dias para inscri\u00e7\u00f5es de chapas. Apesar de ter sido divulgado por [&hellip;]<\/p>\n","protected":false},"author":1,"featured_media":80863,"comment_status":"closed","ping_status":"closed","sticky":false,"template":"","format":"standard","meta":[],"categories":[4],"tags":[],"_links":{"self":[{"href":"https:\/\/blitzconquista.com.br\/index.php?rest_route=\/wp\/v2\/posts\/80861"}],"collection":[{"href":"https:\/\/blitzconquista.com.br\/index.php?rest_route=\/wp\/v2\/posts"}],"about":[{"href":"https:\/\/blitzconquista.com.br\/index.php?rest_route=\/wp\/v2\/types\/post"}],"author":[{"embeddable":true,"href":"https:\/\/blitzconquista.com.br\/index.php?rest_route=\/wp\/v2\/users\/1"}],"replies":[{"embeddable":true,"href":"https:\/\/blitzconquista.com.br\/index.php?rest_route=%2Fwp%2Fv2%2Fcomments&post=80861"}],"version-history":[{"count":1,"href":"https:\/\/blitzconquista.com.br\/index.php?rest_route=\/wp\/v2\/posts\/80861\/revisions"}],"predecessor-version":[{"id":80864,"href":"https:\/\/blitzconquista.com.br\/index.php?rest_route=\/wp\/v2\/posts\/80861\/revisions\/80864"}],"wp:featuredmedia":[{"embeddable":true,"href":"https:\/\/blitzconquista.com.br\/index.php?rest_route=\/wp\/v2\/media\/80863"}],"wp:attachment":[{"href":"https:\/\/blitzconquista.com.br\/index.php?rest_route=%2Fwp%2Fv2%2Fmedia&parent=80861"}],"wp:term":[{"taxonomy":"category","embeddable":true,"href":"https:\/\/blitzconquista.com.br\/index.php?rest_route=%2Fwp%2Fv2%2Fcategories&post=80861"},{"taxonomy":"post_tag","embeddable":true,"href":"https:\/\/blitzconquista.com.br\/index.php?rest_route=%2Fwp%2Fv2%2Ftags&post=80861"}],"curies":[{"name":"wp","href":"https:\/\/api.w.org\/{rel}","templated":true}]}}