{"id":80873,"date":"2019-03-26T23:45:00","date_gmt":"2019-03-27T02:45:00","guid":{"rendered":"http:\/\/blitzconquista.com.br\/?p=80873"},"modified":"2019-03-26T23:45:00","modified_gmt":"2019-03-27T02:45:00","slug":"semana-jornalismo-importa-iii-discute-midias-sociais-liberdade-de-imprensa-e-violencia-contra-a-mulher","status":"publish","type":"post","link":"https:\/\/blitzconquista.com.br\/?p=80873","title":{"rendered":"Semana Jornalismo Importa III discute m\u00eddias sociais, liberdade de imprensa e viol\u00eancia contra a mulher"},"content":{"rendered":"<p><span style=\"color: #ff0000;\"><strong><span class=\"olho\">A programa\u00e7\u00e3o contar\u00e1 com atividades culturais, oficinas e palestras e, entre os convidados, est\u00e3o a presidente da Fenaj (Federa\u00e7\u00e3o Nacional dos Jornalistas) e o apresentador da TV Bahia, Ricardo Ismhael<\/span><\/strong><\/span><\/p>\n<p><img decoding=\"async\" loading=\"lazy\" class=\"aligncenter size-full wp-image-80877\" src=\"http:\/\/blitzconquista.com.br\/wp-content\/uploads\/2019\/03\/Logo-jornalismo-importa.jpg\" alt=\"\" width=\"1110\" height=\"450\" srcset=\"https:\/\/blitzconquista.com.br\/wp-content\/uploads\/2019\/03\/Logo-jornalismo-importa.jpg 1110w, https:\/\/blitzconquista.com.br\/wp-content\/uploads\/2019\/03\/Logo-jornalismo-importa-300x122.jpg 300w, https:\/\/blitzconquista.com.br\/wp-content\/uploads\/2019\/03\/Logo-jornalismo-importa-768x311.jpg 768w, https:\/\/blitzconquista.com.br\/wp-content\/uploads\/2019\/03\/Logo-jornalismo-importa-695x282.jpg 695w, https:\/\/blitzconquista.com.br\/wp-content\/uploads\/2019\/03\/Logo-jornalismo-importa-990x401.jpg 990w\" sizes=\"(max-width: 1110px) 100vw, 1110px\" \/><\/p>\n<p>Entre os dias 5 e 8 de abril, ser\u00e1 realizada a <a href=\"https:\/\/www.facebook.com\/jornalismoimporta\/\">Semana Jornalismo Importa III<\/a>, na C\u00e2mara Municipal de Vit\u00f3ria da Conquista, com o objetivo de debater a import\u00e2ncia do Jornalismo em n\u00edvel local, regional e nacional. Na terceira edi\u00e7\u00e3o do evento, haver\u00e1 os temas relacionados diretamente ao jornalismo, como m\u00eddias digitais, \u00e9tica profissional, liberdade de imprensa, inova\u00e7\u00f5es no telejornalismo, e tamb\u00e9m discuss\u00f5es sociais, a exemplo da viol\u00eancia contra a mulher. A programa\u00e7\u00e3o contar\u00e1 com atividades culturais, oficinas e palestras e, entre os convidados, est\u00e3o a presidente da Fenaj (Federa\u00e7\u00e3o Nacional dos Jornalistas) e o apresentador da TV Bahia, Ricardo Ismhael.<\/p>\n<p>A Semana Jornalismo Importa III \u00e9 coordenada pela professora de Jornalismo da Uesb, Carmen Carvalho, e \u00e9 organizada pelos alunos da disciplina Teorias do Jornalismo do segundo semestre do mesmo curso. O evento busca promover a integra\u00e7\u00e3o entre comunidade acad\u00eamica e profissionais da \u00e1rea e tamb\u00e9m discutir as transforma\u00e7\u00f5es no Jornalismo. \u201cA ideia do evento surgiu da necessidade de ratificar e enaltecer a import\u00e2ncia do Jornalismo em tempos de internet, quando qualquer um pode produzir e publicar conte\u00fado. \u00c9 preciso valorizar o jornalismo, mas o bom jornalismo, aquele de apura\u00e7\u00e3o veraz, respons\u00e1vel e comprometido com o interesse p\u00fablico\u201d, defende a professora e coordenadora do evento. J\u00e1 para a aluna Mariana Costa Lima,\u00a0participar da organiza\u00e7\u00e3o do Jornalismo Importa tem contribu\u00eddo para o seu crescimento pessoal e na sua forma\u00e7\u00e3o como jornalista pelas in\u00fameras experi\u00eancias enriquecedoras.<\/p>\n<p>Na sexta-feira, 5, primeiro dia de evento, haver\u00e1 uma interven\u00e7\u00e3o art\u00edstica de tema surpresa no Restaurante Universit\u00e1rio (RU). J\u00e1 no s\u00e1bado, 6, as palestras acontecer\u00e3o a partir das 7h30 e ir\u00e3o discutir \u00e9tica, liberdade de imprensa e telejornalismo. Para tratar dos dois primeiros temas, a Semana Jornalismo Importa III contar\u00e1 com a presen\u00e7a dos convidados: Maria Jos\u00e9 Braga, presidente da Federa\u00e7\u00e3o Nacional dos Jornalistas (FENAJ); Di\u00eago Gomes, respons\u00e1vel pela Secretaria de Comunica\u00e7\u00e3o de Vit\u00f3ria da Conquista; Frarlei Nascimento, do Blog Blitz Conquista; Ca\u00edque Santos, do blog Ca\u00edque Santos; Giorlando Lima, do blog de Giorlando Lima; Luiz Pedro Passos, da R\u00e1dio Uesb; e Judson Almeida, jornalista da Tv Sudoeste.<\/p>\n<p>A segunda mesa do dia 6 ir\u00e1 come\u00e7ar \u00e0s 11h30 com o debate sobre telejornalismo e as inova\u00e7\u00f5es na programa\u00e7\u00e3o. Ricardo Ismahael, apresentador da Tv Bahia; Daniel Silva, rep\u00f3rter da Tv Record; e Joana Rocha, rep\u00f3rter da Tv Uesb, ir\u00e3o trazer suas experi\u00eancias na \u00e1rea e falar sobre as transforma\u00e7\u00f5es que vem acontecendo no telejornalismo.<\/p>\n<p>No terceiro dia de evento, 8, a programa\u00e7\u00e3o contar\u00e1 com palestras sobre Jornalismo e Instagram com Daniel Silva, ConquistanoInsta; Carolina Coelho, consultora em redes sociais; Ellen Lapa, digital influencer; e Ana Paula Marques, assessora de imprensa e CEO da Vagalume Press.<\/p>\n<p>A \u00faltima mesa do evento ir\u00e1 abordar a tem\u00e1tica machismo e viol\u00eancia obst\u00e9trica com os convidados: Luiz Henrique Machado de Paula, delegado da Delegacia da Mulher de Conquista; Joana Rocha, presidente da Comiss\u00e3o de Direito M\u00e9dico e Sa\u00fade da OAB; e Nildma Ribeiro, vereadora de Vit\u00f3ria da Conquista. Ainda na segunda-feira, 8, a Semana Jornalismo Importa III ir\u00e1 promover a oficina \u201cComo usar o Instagram no Jornalismo\u201d, das 15h \u00e0s 17h, ministrada pela consultora em redes sociais, Carolina Coelho. As inscri\u00e7\u00f5es s\u00e3o gratuitas e podem ser feitas clicando nesse <a href=\"https:\/\/docs.google.com\/forms\/d\/e\/1FAIpQLSccxRdVeduXBzsKcUAol7_Y7O6HFn7hLvobMNPjmQlyafULtg\/viewform\">link<\/a>.<\/p>\n<p>*<a href=\"https:\/\/avoador.com.br\/jornalismo-importa\/semana-jornalismo-importa-iii-discute-midias-sociais-liberdade-de-imprensa-e-violencia-contra-a-mulher\/\">Avoador<\/a><\/p>\n","protected":false},"excerpt":{"rendered":"<p>A programa\u00e7\u00e3o contar\u00e1 com atividades culturais, oficinas e palestras e, entre os convidados, est\u00e3o a presidente da Fenaj (Federa\u00e7\u00e3o Nacional dos Jornalistas) e o apresentador da TV Bahia, Ricardo Ismhael Entre os dias 5 e 8 de abril, ser\u00e1 realizada a Semana Jornalismo Importa III, na C\u00e2mara Municipal de Vit\u00f3ria da Conquista, com o objetivo [&hellip;]<\/p>\n","protected":false},"author":1,"featured_media":80875,"comment_status":"closed","ping_status":"closed","sticky":false,"template":"","format":"standard","meta":[],"categories":[4,212],"tags":[],"_links":{"self":[{"href":"https:\/\/blitzconquista.com.br\/index.php?rest_route=\/wp\/v2\/posts\/80873"}],"collection":[{"href":"https:\/\/blitzconquista.com.br\/index.php?rest_route=\/wp\/v2\/posts"}],"about":[{"href":"https:\/\/blitzconquista.com.br\/index.php?rest_route=\/wp\/v2\/types\/post"}],"author":[{"embeddable":true,"href":"https:\/\/blitzconquista.com.br\/index.php?rest_route=\/wp\/v2\/users\/1"}],"replies":[{"embeddable":true,"href":"https:\/\/blitzconquista.com.br\/index.php?rest_route=%2Fwp%2Fv2%2Fcomments&post=80873"}],"version-history":[{"count":1,"href":"https:\/\/blitzconquista.com.br\/index.php?rest_route=\/wp\/v2\/posts\/80873\/revisions"}],"predecessor-version":[{"id":80878,"href":"https:\/\/blitzconquista.com.br\/index.php?rest_route=\/wp\/v2\/posts\/80873\/revisions\/80878"}],"wp:featuredmedia":[{"embeddable":true,"href":"https:\/\/blitzconquista.com.br\/index.php?rest_route=\/wp\/v2\/media\/80875"}],"wp:attachment":[{"href":"https:\/\/blitzconquista.com.br\/index.php?rest_route=%2Fwp%2Fv2%2Fmedia&parent=80873"}],"wp:term":[{"taxonomy":"category","embeddable":true,"href":"https:\/\/blitzconquista.com.br\/index.php?rest_route=%2Fwp%2Fv2%2Fcategories&post=80873"},{"taxonomy":"post_tag","embeddable":true,"href":"https:\/\/blitzconquista.com.br\/index.php?rest_route=%2Fwp%2Fv2%2Ftags&post=80873"}],"curies":[{"name":"wp","href":"https:\/\/api.w.org\/{rel}","templated":true}]}}