{"id":81038,"date":"2019-03-31T18:50:37","date_gmt":"2019-03-31T21:50:37","guid":{"rendered":"http:\/\/blitzconquista.com.br\/?p=81038"},"modified":"2019-03-31T19:07:45","modified_gmt":"2019-03-31T22:07:45","slug":"2x1-com-duas-expulsoes-bode-perde-para-o-bahia-de-feira","status":"publish","type":"post","link":"https:\/\/blitzconquista.com.br\/?p=81038","title":{"rendered":"2&#215;1: com duas expuls\u00f5es, Bode perde para o Bahia de Feira"},"content":{"rendered":"<p><img decoding=\"async\" loading=\"lazy\" class=\"aligncenter size-full wp-image-81040\" src=\"http:\/\/blitzconquista.com.br\/wp-content\/uploads\/2019\/03\/bahia_de_feira_x_vitoria_da_conquista.jpg\" alt=\"\" width=\"540\" height=\"304\" srcset=\"https:\/\/blitzconquista.com.br\/wp-content\/uploads\/2019\/03\/bahia_de_feira_x_vitoria_da_conquista.jpg 540w, https:\/\/blitzconquista.com.br\/wp-content\/uploads\/2019\/03\/bahia_de_feira_x_vitoria_da_conquista-300x168.jpg 300w, https:\/\/blitzconquista.com.br\/wp-content\/uploads\/2019\/03\/bahia_de_feira_x_vitoria_da_conquista-470x264.jpg 470w, https:\/\/blitzconquista.com.br\/wp-content\/uploads\/2019\/03\/bahia_de_feira_x_vitoria_da_conquista-215x120.jpg 215w, https:\/\/blitzconquista.com.br\/wp-content\/uploads\/2019\/03\/bahia_de_feira_x_vitoria_da_conquista-414x232.jpg 414w\" sizes=\"(max-width: 540px) 100vw, 540px\" \/><\/p>\n<ul>\n<li class=\"lance-posjogo__item\"><strong class=\"lance-posjogo__item__titulo\">CONQUISTA FORA DA FINAL<\/strong>\n<div id=\"c0412f71-e81d-48cc-b800-58987bb50090\" class=\"backstage-component\">\n<p>O Bahia de Feira precisou virar o jogo para cima do Vit\u00f3ria da Conquista para chegar \u00e0 final do Campeonato Baiano. Depois de sair perdendo, a equipe treinada por Barbosinha empatou com Gabriel Bispo e virou com Deon. O Bode teve dois jogadores expulsos e reclamou de irregularidade em um dos gols do advers\u00e1rio. O Tremend\u00e3o pega o Bahia na grande decis\u00e3o.<\/p>\n<\/div>\n<\/li>\n<li class=\"lance-posjogo__item\"><strong class=\"lance-posjogo__item__titulo\">PRIMEIRO TEMPO<\/strong>\n<div id=\"50e0c525-5d88-4e0d-886e-e5a7d834fc43\" class=\"backstage-component\">\n<p>Tensa como uma partida de semifinal deve ser, Bahia de Feira e Vit\u00f3ria da Conquistaram custaram a criar chances de gol. A principal chance havia sido uma falta cobrada por Patuta, mas, aos 44 minutos do primeiro tempo, Tatu fez bela jogada pela esquerda e cruzou para Gustavo Almeida marcar e deixar o Bode em vantagem. Com dois a mais, o Bahia de Feira criou \u00f3timas chances, mas parou nas m\u00e3os de Giovani.<\/p>\n<\/div>\n<\/li>\n<li class=\"lance-posjogo__item\"><strong class=\"lance-posjogo__item__titulo\">SEGUNDO TEMPO<\/strong>\n<div class=\"backstage-component\">\n<p>O Bahia de Feira viveu um in\u00edcio de segunda etapa dos sonhos. Al\u00e9m do gol de empate logo aos seis minutos, com Gabriel Bispo, a equipe ficou com um jogador a mais, j\u00e1 que o zagueiro Val foi expulso tr\u00eas minutos depois. Deon marcou o gol da virada aos 21 e, aos 30, o Vit\u00f3ria da Conquista perdeu mais um atleta: Patuta foi expulso.<\/p>\n<\/div>\n<p><strong class=\"lance-posjogo__item__titulo\">POL\u00caMICAS<\/strong><\/p>\n<div id=\"b9af8486-0bdd-48a5-a69c-e3d640850716\" class=\"backstage-component\">\n<p>Os jogadores do Conquista reclamaram muito da expuls\u00e3o de Val, al\u00e9m do protesto contra o segundo gol do Tremend\u00e3o. Eles pediram que fosse marcado um toque de bra\u00e7o de Jarbas, que fez assist\u00eancia para Deon marcar. Ao fim do jogo, o trio de arbitragem foi cercado e precisou sair de campo com a ajuda da Pol\u00edcia Militar.<\/p>\n<\/div>\n<\/li>\n<li class=\"lance-posjogo__item\"><strong class=\"lance-posjogo__item__titulo\">PR\u00d3XIMO JOGO<\/strong>\n<div id=\"58cd48d3-fa23-4f09-9712-c828b84b2902\" class=\"backstage-component\">\n<p>A pr\u00f3xima parada do Tremend\u00e3o \u00e9 na final do Baian\u00e3o, nos dias 14 e 21 de abril, contra o Bahia.<\/p>\n<p>*<a href=\"https:\/\/globoesporte.globo.com\/ba\/futebol\/campeonato-baiano\/jogo\/31-03-2019\/bahia-de-feira-vitoriadaconquista.ghtml\">Globo Esporte<\/a><\/p>\n<\/div>\n<\/li>\n<\/ul>\n<p>&nbsp;<\/p>\n","protected":false},"excerpt":{"rendered":"<p>CONQUISTA FORA DA FINAL O Bahia de Feira precisou virar o jogo para cima do Vit\u00f3ria da Conquista para chegar \u00e0 final do Campeonato Baiano. Depois de sair perdendo, a equipe treinada por Barbosinha empatou com Gabriel Bispo e virou com Deon. O Bode teve dois jogadores expulsos e reclamou de irregularidade em um dos [&hellip;]<\/p>\n","protected":false},"author":1,"featured_media":81040,"comment_status":"closed","ping_status":"closed","sticky":false,"template":"","format":"standard","meta":[],"categories":[212,403],"tags":[],"_links":{"self":[{"href":"https:\/\/blitzconquista.com.br\/index.php?rest_route=\/wp\/v2\/posts\/81038"}],"collection":[{"href":"https:\/\/blitzconquista.com.br\/index.php?rest_route=\/wp\/v2\/posts"}],"about":[{"href":"https:\/\/blitzconquista.com.br\/index.php?rest_route=\/wp\/v2\/types\/post"}],"author":[{"embeddable":true,"href":"https:\/\/blitzconquista.com.br\/index.php?rest_route=\/wp\/v2\/users\/1"}],"replies":[{"embeddable":true,"href":"https:\/\/blitzconquista.com.br\/index.php?rest_route=%2Fwp%2Fv2%2Fcomments&post=81038"}],"version-history":[{"count":1,"href":"https:\/\/blitzconquista.com.br\/index.php?rest_route=\/wp\/v2\/posts\/81038\/revisions"}],"predecessor-version":[{"id":81041,"href":"https:\/\/blitzconquista.com.br\/index.php?rest_route=\/wp\/v2\/posts\/81038\/revisions\/81041"}],"wp:featuredmedia":[{"embeddable":true,"href":"https:\/\/blitzconquista.com.br\/index.php?rest_route=\/wp\/v2\/media\/81040"}],"wp:attachment":[{"href":"https:\/\/blitzconquista.com.br\/index.php?rest_route=%2Fwp%2Fv2%2Fmedia&parent=81038"}],"wp:term":[{"taxonomy":"category","embeddable":true,"href":"https:\/\/blitzconquista.com.br\/index.php?rest_route=%2Fwp%2Fv2%2Fcategories&post=81038"},{"taxonomy":"post_tag","embeddable":true,"href":"https:\/\/blitzconquista.com.br\/index.php?rest_route=%2Fwp%2Fv2%2Ftags&post=81038"}],"curies":[{"name":"wp","href":"https:\/\/api.w.org\/{rel}","templated":true}]}}